{"id":6027,"date":"2012-12-20T17:31:02","date_gmt":"2012-12-20T16:31:02","guid":{"rendered":"https:\/\/wp.muchomaas.com\/il-est-minuit-paris-s-eveille-sur6027\/"},"modified":"2012-12-20T17:31:02","modified_gmt":"2012-12-20T16:31:02","slug":"il-est-minuit-paris-s-eveille-sur6027","status":"publish","type":"post","link":"https:\/\/archives.regards.fr\/?p=6027","title":{"rendered":"\u00abIl est minuit, Paris s&#8217;\u00e9veille\u00bb, docu sur Arte"},"content":{"rendered":"<p>Documentaire d&#8217;Yves Jeuland diffus\u00e9 sur <a href=\"http:\/\/www.arte.tv\/fr\/programmes-a-la-semaine\/244,broadcastingNum=1481502,day=4,week=52,year=2012.html\">Arte<\/a> le mardi 25 d\u00e9cembre, \u00e0 20h55.<\/p>\n<p>Barbara, Brel, Aznavour, Ferr\u00e9, Ferrat, Gr\u00e9co, les Fr\u00e8res Jacques ou Gainsbourg ont d\u00e9but\u00e9 sur ces petites sc\u00e8nes d&#8217;avant-garde. En archives, interviews et chansons, ce documentaire nous transporte dans l&#8217;effervescence des cabarets de la rive gauche.<\/p>\n<p>Dans l&#8217;euphorie de l&#8217;apr\u00e8s-guerre fleurit une flop\u00e9e de petits cabarets o\u00f9 une jeunesse avide de nouveaut\u00e9 et de libert\u00e9 s&#8217;entasse avec d\u00e9lices pour \u00e9couter ses chanteurs pr\u00e9f\u00e9r\u00e9s. Transformant ses caves et ses arri\u00e8re-salles en minuscules sc\u00e8nes, Saint-Germain-des-Pr\u00e9s devient le point de ralliement. Une nouvelle g\u00e9n\u00e9ration d&#8217;interpr\u00e8tes \u00e9merge. Ils ne sont ni appr\u00eat\u00e9s, comme Juliette Gr\u00e9co qui se produit en &#8220;noir de travail&#8221;, ni grands ni beaux comme Aznavour qui mettra dix ans \u00e0 percer. Ils chantent avec leur sensibilit\u00e9 et leurs asp\u00e9rit\u00e9s des textes po\u00e9tiques, fantaisistes ou libertaires, et cela pla\u00eet&#8230;<\/p>\n","protected":false},"excerpt":{"rendered":"<p>Documentaire d&#8217;Yves Jeuland diffus\u00e9 sur Arte le mardi 25 d\u00e9cembre, \u00e0 20h55. Barbara, Brel, Aznavour, Ferr\u00e9, Ferrat, Gr\u00e9co, les Fr\u00e8res Jacques ou Gainsbourg ont d\u00e9but\u00e9 sur ces petites sc\u00e8nes d&#8217;avant-garde. En archives, interviews et chansons, ce documentaire nous transporte dans l&#8217;effervescence des cabarets de la rive gauche. Dans l&#8217;euphorie de l&#8217;apr\u00e8s-guerre fleurit une flop\u00e9e de [&hellip;]<\/p>\n","protected":false},"author":1,"featured_media":17512,"comment_status":"open","ping_status":"open","sticky":false,"template":"","format":"standard","meta":{"_themeisle_gutenberg_block_has_review":false,"footnotes":""},"categories":[111],"tags":[],"class_list":["post-6027","post","type-post","status-publish","format-standard","has-post-thumbnail","hentry","category-nos-selections"],"_links":{"self":[{"href":"https:\/\/archives.regards.fr\/index.php?rest_route=\/wp\/v2\/posts\/6027","targetHints":{"allow":["GET"]}}],"collection":[{"href":"https:\/\/archives.regards.fr\/index.php?rest_route=\/wp\/v2\/posts"}],"about":[{"href":"https:\/\/archives.regards.fr\/index.php?rest_route=\/wp\/v2\/types\/post"}],"author":[{"embeddable":true,"href":"https:\/\/archives.regards.fr\/index.php?rest_route=\/wp\/v2\/users\/1"}],"replies":[{"embeddable":true,"href":"https:\/\/archives.regards.fr\/index.php?rest_route=%2Fwp%2Fv2%2Fcomments&post=6027"}],"version-history":[{"count":0,"href":"https:\/\/archives.regards.fr\/index.php?rest_route=\/wp\/v2\/posts\/6027\/revisions"}],"wp:featuredmedia":[{"embeddable":true,"href":"https:\/\/archives.regards.fr\/index.php?rest_route=\/wp\/v2\/media\/17512"}],"wp:attachment":[{"href":"https:\/\/archives.regards.fr\/index.php?rest_route=%2Fwp%2Fv2%2Fmedia&parent=6027"}],"wp:term":[{"taxonomy":"category","embeddable":true,"href":"https:\/\/archives.regards.fr\/index.php?rest_route=%2Fwp%2Fv2%2Fcategories&post=6027"},{"taxonomy":"post_tag","embeddable":true,"href":"https:\/\/archives.regards.fr\/index.php?rest_route=%2Fwp%2Fv2%2Ftags&post=6027"}],"curies":[{"name":"wp","href":"https:\/\/api.w.org\/{rel}","templated":true}]}}