{"id":6025,"date":"2012-12-20T17:15:55","date_gmt":"2012-12-20T16:15:55","guid":{"rendered":"https:\/\/wp.muchomaas.com\/faites-entrer-les-citoyens-au6025\/"},"modified":"2023-06-23T23:13:14","modified_gmt":"2023-06-23T21:13:14","slug":"faites-entrer-les-citoyens-au6025","status":"publish","type":"post","link":"https:\/\/archives.regards.fr\/?p=6025","title":{"rendered":"Faites entrer les citoyens au Conseil Sup\u00e9rieur de l\u2019Audiovisuel (CSA)\u00a0!, par Philippe Guih\u00e9neuf, porte parole des Indign\u00e9s du PAF"},"content":{"rendered":"<p class=\"post_excerpt\">Restaurer la confiance entre le public et les journalistes est un pr\u00e9alable n\u00e9cessaire \u00e0 toute politique de soutien au secteur. La nomination d&#8217;un &#8220;m\u00e9diateur-citoyen&#8221; au CSA va dans ce sens. Nos propositions remontent au mois de juin, mais devant la timidit\u00e9 des intervenants, nous avons d\u00fb prendre les devants&#8230;<\/p>\n<p>Le 27 Juin 2012, nous avons propos\u00e9 aux Conseillers de Madame la Ministre Aur\u00e9lie Filippetti une profonde r\u00e9forme du CSA vers une instance trans-m\u00e9diatique. Sa gestation int\u00e8grerait 3 Sages issus de la soci\u00e9t\u00e9 civile (une femme, un homme, un \u00ab\u00a0m\u00e9diateur\u00a0\u00bb), sans lien d\u2019int\u00e9r\u00eats avec le domaine des m\u00e9dias, au sein d\u2019un conseil provisoire de 2 ans, sans possibilit\u00e9 pour tous les membres du Coll\u00e8ge de se pr\u00e9senter dans la structure qui naitrait apr\u00e8s. Nous avons fait parvenir une proposition de m\u00e9thodologie quant au mode de d\u00e9signation des 3 Sages \u00ab\u00a0citoyens\u00a0\u00bb pour  que le processus soit mis en \u0153uvre au plus vite. Nous \u00e9mettions l\u2019id\u00e9e d\u2019un tirage au sort final apr\u00e8s s\u00e9lection des candidatures et entretien. A cette date r\u00e9gnait un certain flou:   il \u00e9tait envisag\u00e9 de prolonger d\u2019un an les mandats de Messieurs Arhab, Boyon et M\u00e9ar pour anticiper les cons\u00e9quences de la nouvelle Loi sur l\u2019Audiovisuel, dont le vote allait certainement \u00eatre d\u00e9cal\u00e9 au premier semestre 2013. <\/p>\n<p>Durant l\u2019\u00e9t\u00e9, nous avons relanc\u00e9 sans succ\u00e8s le Minist\u00e8re sur  les suites qu\u2019il donnait \u00e0 nos propositions. Plus tard, nous avons rencontr\u00e9 les Conseillers de l\u2019Elys\u00e9e, de Matignon, les d\u00e9put\u00e9s\u2026 avec comme feuilles de route \u00ab\u00a0l\u2019Appel pour une meilleure qualit\u00e9 de l\u2019information\u00a0\u00bb et la m\u00e9thodologie de nomination au CSA. L\u2019accueil a toujours \u00e9t\u00e9 sympathique, mais le lancement d\u2019une proc\u00e9dure ouverte de \u00ab\u00a0candidatures\u00a0\u00bb n\u2019\u00e9tait pas \u00e0 l\u2019ordre du jour. Apr\u00e8s concertation avec les membres du collectif, j\u2019ai \u00e9voqu\u00e9 mon intention de me proposer en tant que \u00ab\u00a0Sage\u00a0\u00bb avec, dans mes missions, un r\u00f4le de consultation, de concertation et de mise en \u0153uvre de propositions de la \u00ab\u00a0soci\u00e9t\u00e9 civile\u00a0\u00bb. C\u2019est ce que je faisais avec plaisir et d\u00e9termination depuis la cr\u00e9ation du mouvement. \u00ab\u00a0<a href=\"http:\/\/lesindignesdupaf.org\/\">Les Indign\u00e9s du PAF<\/a>\u00a0\u00bb est n\u00e9 d\u2019une r\u00e9volte suite \u00e0 un grave bidonnage de reportages \u00e0 l\u2019antenne d\u2019un poids lourd de l\u2019audiovisuel en Europe. Apr\u00e8s un an de travail sur la question, nous avons une certitude: les choses ne pourront pas changer sans une intervention volontariste ext\u00e9rieure au secteur. La conclusion des \u00ab\u00a0Pieds dans le Paf\u00a0\u00bb, qui sont sur le terrain depuis plus de 20 ans est la m\u00eame\u2026 La lev\u00e9e de boucliers actuelle des professionnels le confirme.<\/p>\n<p>Il est d\u00e9sormais difficile d\u2019envisager la consultation \u00ab\u00a0nationale\u00a0\u00bb\u00a0 que nous proposions en Juin: les mandats arrivent \u00e0 \u00e9ch\u00e9ance le 23 janvier prochain, les entretiens ont lieu en ce moment m\u00eame \u00e0 l\u2019Elys\u00e9e, \u00e0 l\u2019Assembl\u00e9e nationale et au S\u00e9nat. J\u2019ai d\u00e9cid\u00e9 de d\u00e9fendre moi-m\u00eame les couleurs de notre projet:   il est l\u00e9gitime, nos propositions sont cr\u00e9dibles, comme le prouvent nos milliers de soutiens\u2026 La diff\u00e9rence fondamentale r\u00e9side dans notre mani\u00e8re d\u2019agir\u00a0: je n\u2019ai personnellement aucun int\u00e9r\u00eat autre que citoyen dans la d\u00e9marche et donc pas peur de prendre des risques. J\u2019ai d\u00e9cid\u00e9 de me battre, avec le soutien du collectif, pour que soit trait\u00e9e au plus haut niveau la question de la qualit\u00e9 de l\u2019information en France. Nous esp\u00e9rons y parvenir. Et nous cr\u00e9erons, adoss\u00e9 au CSA comme en Allemagne, un Comit\u00e9 Citoyen Consultatif repr\u00e9sentant toutes les opinions et tendances du pays\u2026 financ\u00e9, par exemple, par une baisse des salaires des \u00ab\u00a0Sages\u00a0\u00bb. <\/p>\n<div id='gallery-1' class='gallery galleryid-6025 gallery-columns-3 gallery-size-thumbnail'><figure class='gallery-item'>\n\t\t\t<div class='gallery-icon landscape'>\n\t\t\t\t<a href='https:\/\/archives.regards.fr\/wp-content\/uploads\/2012\/12\/yass-redec3-48f.jpg'><img loading=\"lazy\" decoding=\"async\" width=\"150\" height=\"150\" src=\"https:\/\/archives.regards.fr\/wp-content\/uploads\/2012\/12\/yass-redec3-48f-150x150.jpg\" class=\"attachment-thumbnail size-thumbnail\" alt=\"Faites entrer les citoyens au Conseil Sup\u00e9rieur de l\u2019Audiovisuel (CSA)\u00a0!\" aria-describedby=\"gallery-1-17508\" \/><\/a>\n\t\t\t<\/div>\n\t\t\t\t<figcaption class='wp-caption-text gallery-caption' id='gallery-1-17508'>\n\t\t\t\tFaites entrer les citoyens au Conseil Sup\u00e9rieur de l\u2019Audiovisuel (CSA)\u00a0!\n\t\t\t\t<\/figcaption><\/figure>\n\t\t<\/div>\n\n","protected":false},"excerpt":{"rendered":"<p>Restaurer la confiance entre le public et les journalistes est un pr\u00e9alable n\u00e9cessaire \u00e0 toute politique de soutien au secteur. La nomination d&#8217;un &#8220;m\u00e9diateur-citoyen&#8221; au CSA va dans ce sens. Nos propositions remontent au mois de juin, mais devant la timidit\u00e9 des intervenants, nous avons d\u00fb prendre les devants&#8230;<\/p>\n","protected":false},"author":1,"featured_media":17508,"comment_status":"open","ping_status":"open","sticky":false,"template":"","format":"standard","meta":{"_themeisle_gutenberg_block_has_review":false,"footnotes":""},"categories":[278],"tags":[],"class_list":["post-6025","post","type-post","status-publish","format-standard","has-post-thumbnail","hentry","category-tribunes"],"_links":{"self":[{"href":"https:\/\/archives.regards.fr\/index.php?rest_route=\/wp\/v2\/posts\/6025","targetHints":{"allow":["GET"]}}],"collection":[{"href":"https:\/\/archives.regards.fr\/index.php?rest_route=\/wp\/v2\/posts"}],"about":[{"href":"https:\/\/archives.regards.fr\/index.php?rest_route=\/wp\/v2\/types\/post"}],"author":[{"embeddable":true,"href":"https:\/\/archives.regards.fr\/index.php?rest_route=\/wp\/v2\/users\/1"}],"replies":[{"embeddable":true,"href":"https:\/\/archives.regards.fr\/index.php?rest_route=%2Fwp%2Fv2%2Fcomments&post=6025"}],"version-history":[{"count":0,"href":"https:\/\/archives.regards.fr\/index.php?rest_route=\/wp\/v2\/posts\/6025\/revisions"}],"wp:featuredmedia":[{"embeddable":true,"href":"https:\/\/archives.regards.fr\/index.php?rest_route=\/wp\/v2\/media\/17508"}],"wp:attachment":[{"href":"https:\/\/archives.regards.fr\/index.php?rest_route=%2Fwp%2Fv2%2Fmedia&parent=6025"}],"wp:term":[{"taxonomy":"category","embeddable":true,"href":"https:\/\/archives.regards.fr\/index.php?rest_route=%2Fwp%2Fv2%2Fcategories&post=6025"},{"taxonomy":"post_tag","embeddable":true,"href":"https:\/\/archives.regards.fr\/index.php?rest_route=%2Fwp%2Fv2%2Ftags&post=6025"}],"curies":[{"name":"wp","href":"https:\/\/api.w.org\/{rel}","templated":true}]}}