{"id":6021,"date":"2013-01-02T07:00:00","date_gmt":"2013-01-02T06:00:00","guid":{"rendered":"https:\/\/wp.muchomaas.com\/le-dessin-de-l-annee6021\/"},"modified":"2013-01-02T07:00:00","modified_gmt":"2013-01-02T06:00:00","slug":"le-dessin-de-l-annee6021","status":"publish","type":"post","link":"https:\/\/archives.regards.fr\/?p=6021","title":{"rendered":"Le dessin de l&#8217;ann\u00e9e 2012"},"content":{"rendered":"<p>Le 27 septembre \u00e0 la tribune de l&#8217;Onu, le premier ministre isra\u00e9lien Benyamin Netanyahou se d\u00e9couvre une double vocation de p\u00e9dagogue et d&#8217;artiste peintre. Surprenant son monde, il brandit le croquis d&#8217;une bombe \u00e0 la m\u00eache allum\u00e9e (fa\u00e7on Tintin chez les terroristes) cens\u00e9e symboliser les trois \u00e9tapes de d\u00e9veloppement du programme nucl\u00e9aire iranien. Cerise sur le g\u00e2teau, il y trace la ligne rouge \u00e0 ne pas franchir. Impressionnant. Mais beaucoup moins classe qu&#8217;Arafat qui, \u00e0 la m\u00eame tribune le 13 novembre 1974, avait invit\u00e9 le monde \u00e0 choisir: \u00ab  <em>Je suis venu porteur d\u2019un rameau d\u2019olivier et d\u2019un fusil de r\u00e9volutionnaire, ne laissez pas tomber le rameau de ma main<\/em>  \u00bb. Finalement, en 2012, on a choisi un mec d&#8217;extr\u00eame-droite qui dessine des bombes.<\/p>\n","protected":false},"excerpt":{"rendered":"<p>Le 27 septembre \u00e0 la tribune de l&#8217;Onu, le premier ministre isra\u00e9lien Benyamin Netanyahou se d\u00e9couvre une double vocation de p\u00e9dagogue et d&#8217;artiste peintre. Surprenant son monde, il brandit le croquis d&#8217;une bombe \u00e0 la m\u00eache allum\u00e9e (fa\u00e7on Tintin chez les terroristes) cens\u00e9e symboliser les trois \u00e9tapes de d\u00e9veloppement du programme nucl\u00e9aire iranien. Cerise sur [&hellip;]<\/p>\n","protected":false},"author":643,"featured_media":0,"comment_status":"open","ping_status":"open","sticky":false,"template":"","format":"standard","meta":{"_themeisle_gutenberg_block_has_review":false,"footnotes":""},"categories":[141],"tags":[],"class_list":["post-6021","post","type-post","status-publish","format-standard","hentry","category-archives-web"],"_links":{"self":[{"href":"https:\/\/archives.regards.fr\/index.php?rest_route=\/wp\/v2\/posts\/6021","targetHints":{"allow":["GET"]}}],"collection":[{"href":"https:\/\/archives.regards.fr\/index.php?rest_route=\/wp\/v2\/posts"}],"about":[{"href":"https:\/\/archives.regards.fr\/index.php?rest_route=\/wp\/v2\/types\/post"}],"author":[{"embeddable":true,"href":"https:\/\/archives.regards.fr\/index.php?rest_route=\/wp\/v2\/users\/643"}],"replies":[{"embeddable":true,"href":"https:\/\/archives.regards.fr\/index.php?rest_route=%2Fwp%2Fv2%2Fcomments&post=6021"}],"version-history":[{"count":0,"href":"https:\/\/archives.regards.fr\/index.php?rest_route=\/wp\/v2\/posts\/6021\/revisions"}],"wp:attachment":[{"href":"https:\/\/archives.regards.fr\/index.php?rest_route=%2Fwp%2Fv2%2Fmedia&parent=6021"}],"wp:term":[{"taxonomy":"category","embeddable":true,"href":"https:\/\/archives.regards.fr\/index.php?rest_route=%2Fwp%2Fv2%2Fcategories&post=6021"},{"taxonomy":"post_tag","embeddable":true,"href":"https:\/\/archives.regards.fr\/index.php?rest_route=%2Fwp%2Fv2%2Ftags&post=6021"}],"curies":[{"name":"wp","href":"https:\/\/api.w.org\/{rel}","templated":true}]}}