{"id":6019,"date":"2012-12-20T17:20:43","date_gmt":"2012-12-20T16:20:43","guid":{"rendered":"https:\/\/wp.muchomaas.com\/holliday-on-ice6019\/"},"modified":"2023-06-23T23:13:14","modified_gmt":"2023-06-23T21:13:14","slug":"holliday-on-ice6019","status":"publish","type":"post","link":"https:\/\/archives.regards.fr\/?p=6019","title":{"rendered":"Holliday on ice"},"content":{"rendered":"<p>Pour varier un peu du parc ou des sorties cinoches, regards.fr vous propose quelques bonnes adresses pour emmenez vos enfants patiner gratuitement.<\/p>\n<p><strong>La Patinoire de l&#8217;H\u00f4tel de Ville (Paris 4e)<\/strong><br \/>\n&#8211; Acc\u00e8s gratuit avec ses patins<br \/>\n&#8211; Location de patins : 5\u20ac<br \/>\n&#8211; Du 21 d\u00e9cembre 2012 au 17 mars 2013<br \/>\n&#8211; Du lundi au vendredi de 12h00 \u00e0 22h00<br \/>\nSamedi, dimanche et jours f\u00e9ri\u00e9s de 9h00 \u00e0 22h00<br \/>\n&#8211; <a href=\"http:\/\/www.paris.fr\/loisirs\/les-grands-rendez-vous\/noel\/les-patinoires\/rub_10064_stand_108497_port_25228\">www.paris.fr<\/a><\/p>\n<p><strong>La Patinoire du Stade Charlety (Paris 13e)<\/strong><br \/>\n&#8211; Acc\u00e8s gratuit pour les 3-16 ans<br \/>\n&#8211; Du 24 au 31 d\u00e9cembre 2012<br \/>\n&#8211; De 13h30 \u00e0 17h<br \/>\n&#8211; <a href=\"http:\/\/www.paris.fr\/loisirs\/ou-faire-du-sport\/stade-charlety\/une-station-de-sports-d-hiver-a-charlety\/rub_9459_actu_123558_port_23836\">www.paris.fr<\/a><\/p>\n<p><strong>Trocad\u00e9ro on Ice au Village de No\u00ebl du Trocad\u00e9ro (Paris 16e)<\/strong><br \/>\n&#8211; Acc\u00e8s gratuit avec ses patins<br \/>\n&#8211; Location de patins : 5\u20ac<br \/>\n&#8211; Du 13 d\u00e9cembre 2012 au 6 janvier 2013<br \/>\n&#8211; <a href=\"http:\/\/www.mairie16.paris.fr\/mairie16\/jsp\/site\/Portal.jsp?document_id=14299&#038;portlet_id=1202\">www.mairie16.paris.fr<\/a><\/p>\n<p><strong>La Patinoire de Corbeil-Essonnes (91) <\/strong><br \/>\n&#8211; Acc\u00e8s gratuit<br \/>\n&#8211; Du 15 d\u00e9cembre 2012 au 13 janvier 2013<br \/>\n&#8211; Du lundi au jeudi de 14h \u00e0 18h. Les vendredis de 9h \u00e0 20h. Les samedis de 10h \u00e0 20h. Les dimanches de 10h \u00e0 18h<br \/>\n&#8211; <a href=\"http:\/\/www.corbeil-essonnes.com\/spip.php?article3423\">www.corbeil-essonnes.com<\/a><\/p>\n<p><strong>La Patinoire de Pantin (93) <\/strong><br \/>\n&#8211; Acc\u00e8s gratuit, pr\u00eat de patins<br \/>\n&#8211; du 22 d\u00e9cembre 2012 au 6 janvier 2013<br \/>\n&#8211; Du lundi au vendredi (jours f\u00e9ries inclus) de 13h30 \u00e0 19h30<br \/>\nLe week-end de 9h30 \u00e0 12h30 et de 13h30 \u00e0 19h30 (samedi et dimanche matin la patinoire est r\u00e9serv\u00e9e aux enfants de moins de 10 ans accompagn\u00e9s sur la glace d&#8217;un adulte).<br \/>\n&#8211; <a href=\"http:\/\/www.ville-pantin.fr\/noel_a_pantin2012.html\">www.ville-pantin.fr<\/a><\/p>\n<p><strong>La Patinoire de No\u00ebl de Caen (14) <\/strong><br \/>\n&#8211; Acc\u00e8s gratuit, pr\u00eat de patins<br \/>\n&#8211; Du 15 d\u00e9cembre 2012 au 6 janvier 2013<br \/>\n&#8211; <a href=\"http:\/\/www.caen.fr\/actualites\/2012\/11\/noel\/patinoire\/\">www.caen.fr<\/a><\/p>\n<div id='gallery-1' class='gallery galleryid-6019 gallery-columns-3 gallery-size-thumbnail'><figure class='gallery-item'>\n\t\t\t<div class='gallery-icon landscape'>\n\t\t\t\t<a href='https:\/\/archives.regards.fr\/wp-content\/uploads\/2012\/12\/patin-d05.jpg'><img loading=\"lazy\" decoding=\"async\" width=\"150\" height=\"150\" src=\"https:\/\/archives.regards.fr\/wp-content\/uploads\/2012\/12\/patin-d05-150x150.jpg\" class=\"attachment-thumbnail size-thumbnail\" alt=\"patin.jpg\" \/><\/a>\n\t\t\t<\/div><\/figure>\n\t\t<\/div>\n\n","protected":false},"excerpt":{"rendered":"<p>Pour varier un peu du parc ou des sorties cinoches, regards.fr vous propose quelques bonnes adresses pour emmenez vos enfants patiner gratuitement. La Patinoire de l&#8217;H\u00f4tel de Ville (Paris 4e) &#8211; Acc\u00e8s gratuit avec ses patins &#8211; Location de patins : 5\u20ac &#8211; Du 21 d\u00e9cembre 2012 au 17 mars 2013 &#8211; Du lundi au [&hellip;]<\/p>\n","protected":false},"author":1,"featured_media":17501,"comment_status":"open","ping_status":"open","sticky":false,"template":"","format":"standard","meta":{"_themeisle_gutenberg_block_has_review":false,"footnotes":""},"categories":[111],"tags":[418],"class_list":["post-6019","post","type-post","status-publish","format-standard","has-post-thumbnail","hentry","category-nos-selections","tag-animation"],"_links":{"self":[{"href":"https:\/\/archives.regards.fr\/index.php?rest_route=\/wp\/v2\/posts\/6019","targetHints":{"allow":["GET"]}}],"collection":[{"href":"https:\/\/archives.regards.fr\/index.php?rest_route=\/wp\/v2\/posts"}],"about":[{"href":"https:\/\/archives.regards.fr\/index.php?rest_route=\/wp\/v2\/types\/post"}],"author":[{"embeddable":true,"href":"https:\/\/archives.regards.fr\/index.php?rest_route=\/wp\/v2\/users\/1"}],"replies":[{"embeddable":true,"href":"https:\/\/archives.regards.fr\/index.php?rest_route=%2Fwp%2Fv2%2Fcomments&post=6019"}],"version-history":[{"count":0,"href":"https:\/\/archives.regards.fr\/index.php?rest_route=\/wp\/v2\/posts\/6019\/revisions"}],"wp:featuredmedia":[{"embeddable":true,"href":"https:\/\/archives.regards.fr\/index.php?rest_route=\/wp\/v2\/media\/17501"}],"wp:attachment":[{"href":"https:\/\/archives.regards.fr\/index.php?rest_route=%2Fwp%2Fv2%2Fmedia&parent=6019"}],"wp:term":[{"taxonomy":"category","embeddable":true,"href":"https:\/\/archives.regards.fr\/index.php?rest_route=%2Fwp%2Fv2%2Fcategories&post=6019"},{"taxonomy":"post_tag","embeddable":true,"href":"https:\/\/archives.regards.fr\/index.php?rest_route=%2Fwp%2Fv2%2Ftags&post=6019"}],"curies":[{"name":"wp","href":"https:\/\/api.w.org\/{rel}","templated":true}]}}