{"id":6015,"date":"2012-12-20T10:00:00","date_gmt":"2012-12-20T09:00:00","guid":{"rendered":"https:\/\/wp.muchomaas.com\/cinema-s-et-politique-s6015\/"},"modified":"2023-06-23T23:13:13","modified_gmt":"2023-06-23T21:13:13","slug":"cinema-s-et-politique-s6015","status":"publish","type":"post","link":"https:\/\/archives.regards.fr\/?p=6015","title":{"rendered":"Cin\u00e9ma(s) et politique(s)"},"content":{"rendered":"<p class=\"post_excerpt\">Edito-vid\u00e9o de Thomas Bauder, journaliste Cin\u00e9ma \u00e0 Regards.<\/p>\n<div class=\"iframe_container\"><iframe frameborder=\"0\" style=\"position:absolute;width:100%;height:100%\" src=\"http:\/\/www.youtube.com\/embed\/hvW7y6Z4wGI?rel=0\" frameborder=\"0\" allowfullscreen><\/iframe><\/div>\n<div id='gallery-1' class='gallery galleryid-6015 gallery-columns-3 gallery-size-thumbnail'><figure class='gallery-item'>\n\t\t\t<div class='gallery-icon landscape'>\n\t\t\t\t<a href='https:\/\/archives.regards.fr\/wp-content\/uploads\/2012\/12\/bauder-3-5b0.jpg'><img loading=\"lazy\" decoding=\"async\" width=\"150\" height=\"150\" src=\"https:\/\/archives.regards.fr\/wp-content\/uploads\/2012\/12\/bauder-3-5b0-150x150.jpg\" class=\"attachment-thumbnail size-thumbnail\" alt=\"Cin\u00e9ma(s) et politique(s)\" aria-describedby=\"gallery-1-17497\" \/><\/a>\n\t\t\t<\/div>\n\t\t\t\t<figcaption class='wp-caption-text gallery-caption' id='gallery-1-17497'>\n\t\t\t\tCin\u00e9ma(s) et politique(s)\n\t\t\t\t<\/figcaption><\/figure>\n\t\t<\/div>\n\n","protected":false},"excerpt":{"rendered":"<p>Edito-vid\u00e9o de Thomas Bauder, journaliste Cin\u00e9ma \u00e0 Regards.<\/p>\n","protected":false},"author":1,"featured_media":17497,"comment_status":"open","ping_status":"open","sticky":false,"template":"","format":"standard","meta":{"_themeisle_gutenberg_block_has_review":false,"footnotes":""},"categories":[172],"tags":[299,328],"class_list":["post-6015","post","type-post","status-publish","format-standard","has-post-thumbnail","hentry","category-video","tag-cinema","tag-editorial"],"_links":{"self":[{"href":"https:\/\/archives.regards.fr\/index.php?rest_route=\/wp\/v2\/posts\/6015","targetHints":{"allow":["GET"]}}],"collection":[{"href":"https:\/\/archives.regards.fr\/index.php?rest_route=\/wp\/v2\/posts"}],"about":[{"href":"https:\/\/archives.regards.fr\/index.php?rest_route=\/wp\/v2\/types\/post"}],"author":[{"embeddable":true,"href":"https:\/\/archives.regards.fr\/index.php?rest_route=\/wp\/v2\/users\/1"}],"replies":[{"embeddable":true,"href":"https:\/\/archives.regards.fr\/index.php?rest_route=%2Fwp%2Fv2%2Fcomments&post=6015"}],"version-history":[{"count":0,"href":"https:\/\/archives.regards.fr\/index.php?rest_route=\/wp\/v2\/posts\/6015\/revisions"}],"wp:featuredmedia":[{"embeddable":true,"href":"https:\/\/archives.regards.fr\/index.php?rest_route=\/wp\/v2\/media\/17497"}],"wp:attachment":[{"href":"https:\/\/archives.regards.fr\/index.php?rest_route=%2Fwp%2Fv2%2Fmedia&parent=6015"}],"wp:term":[{"taxonomy":"category","embeddable":true,"href":"https:\/\/archives.regards.fr\/index.php?rest_route=%2Fwp%2Fv2%2Fcategories&post=6015"},{"taxonomy":"post_tag","embeddable":true,"href":"https:\/\/archives.regards.fr\/index.php?rest_route=%2Fwp%2Fv2%2Ftags&post=6015"}],"curies":[{"name":"wp","href":"https:\/\/api.w.org\/{rel}","templated":true}]}}