{"id":6011,"date":"2012-12-20T14:10:58","date_gmt":"2012-12-20T13:10:58","guid":{"rendered":"https:\/\/wp.muchomaas.com\/ernest-et-celestine-un-film-d6011\/"},"modified":"2012-12-20T14:10:58","modified_gmt":"2012-12-20T13:10:58","slug":"ernest-et-celestine-un-film-d6011","status":"publish","type":"post","link":"https:\/\/archives.regards.fr\/?p=6011","title":{"rendered":"Ernest et C\u00e9lestine, un film d&#8217;animation pour enfants"},"content":{"rendered":"<p class=\"post_excerpt\">\u00e0 partir de 3 ans<\/p>\n<p>Dans le monde conventionnel des ours, il est mal vu de se lier d\u2019amiti\u00e9 avec une souris. Et pourtant, Ernest, gros ours marginal, clown et musicien, va accueillir chez lui la petite C\u00e9lestine, une orpheline qui a fui le monde souterrain des rongeurs. Ces deux solitaires vont se soutenir et se r\u00e9conforter, et bousculer ainsi l\u2019ordre \u00e9tabli.<\/p>\n<p><iframe loading=\"lazy\" width=\"460\" height=\"259\" src=\"http:\/\/www.youtube.com\/embed\/bowy-9fv7RM?rel=0\" frameborder=\"0\" allowfullscreen><\/iframe><\/p>\n<p><em>Ernest et C\u00e9lestine<\/em> par Benjamin Renner, Vincent Patar, St\u00e9phane Aubier. Voix de Lambert Wilson, Pauline Brunner. Sorties en salle le 12 d\u00e9cembre.<\/p>\n","protected":false},"excerpt":{"rendered":"<p>\u00e0 partir de 3 ans<\/p>\n","protected":false},"author":1,"featured_media":0,"comment_status":"open","ping_status":"open","sticky":false,"template":"","format":"standard","meta":{"_themeisle_gutenberg_block_has_review":false,"footnotes":""},"categories":[111],"tags":[299],"class_list":["post-6011","post","type-post","status-publish","format-standard","hentry","category-nos-selections","tag-cinema"],"_links":{"self":[{"href":"https:\/\/archives.regards.fr\/index.php?rest_route=\/wp\/v2\/posts\/6011","targetHints":{"allow":["GET"]}}],"collection":[{"href":"https:\/\/archives.regards.fr\/index.php?rest_route=\/wp\/v2\/posts"}],"about":[{"href":"https:\/\/archives.regards.fr\/index.php?rest_route=\/wp\/v2\/types\/post"}],"author":[{"embeddable":true,"href":"https:\/\/archives.regards.fr\/index.php?rest_route=\/wp\/v2\/users\/1"}],"replies":[{"embeddable":true,"href":"https:\/\/archives.regards.fr\/index.php?rest_route=%2Fwp%2Fv2%2Fcomments&post=6011"}],"version-history":[{"count":0,"href":"https:\/\/archives.regards.fr\/index.php?rest_route=\/wp\/v2\/posts\/6011\/revisions"}],"wp:attachment":[{"href":"https:\/\/archives.regards.fr\/index.php?rest_route=%2Fwp%2Fv2%2Fmedia&parent=6011"}],"wp:term":[{"taxonomy":"category","embeddable":true,"href":"https:\/\/archives.regards.fr\/index.php?rest_route=%2Fwp%2Fv2%2Fcategories&post=6011"},{"taxonomy":"post_tag","embeddable":true,"href":"https:\/\/archives.regards.fr\/index.php?rest_route=%2Fwp%2Fv2%2Ftags&post=6011"}],"curies":[{"name":"wp","href":"https:\/\/api.w.org\/{rel}","templated":true}]}}