{"id":6010,"date":"2012-12-20T14:10:38","date_gmt":"2012-12-20T13:10:38","guid":{"rendered":"https:\/\/wp.muchomaas.com\/jean-de-la-lune-un-film-pour6010\/"},"modified":"2012-12-20T14:10:38","modified_gmt":"2012-12-20T13:10:38","slug":"jean-de-la-lune-un-film-pour6010","status":"publish","type":"post","link":"https:\/\/archives.regards.fr\/?p=6010","title":{"rendered":"Jean de la Lune, un film pour enfants d&#8217;apr\u00e8s Tomi Ungerer"},"content":{"rendered":"<p class=\"post_excerpt\">\u00e0 partir de 6 ans<\/p>\n<p>Film d&#8217;animation \u00e0 partir d&#8217;un conte du dessinateur de Tomi Ungerer, 81 ans, qui poss\u00e8de son <a href=\"http:\/\/www.musees.strasbourg.eu\/index.php?page=musee-tomi-ungerer\">mus\u00e9e<\/a> \u00e0 Strasbourg.<\/p>\n<p><em>Jean de la Lune<\/em> s\u2019ennuie tout seul sur la Lune. Il d\u00e9cide de visiter la Terre. Un jour, il s\u2019accroche \u00e0 la queue d\u2019une com\u00e8te et atterrit chez nous. Le Pr\u00e9sident du Monde, persuad\u00e9 qu\u2019il s\u2019agit d\u2019un envahisseur, le pourchasse. Pour lui \u00e9chapper, Jean de la Lune va devoir compter sur les enfants et ses amis\u2026<\/p>\n<p><iframe loading=\"lazy\" width=\"460\" height=\"259\" src=\"http:\/\/www.youtube.com\/embed\/iX_4eXUUulQ?rel=0\" frameborder=\"0\" allowfullscreen><\/iframe><\/p>\n<p><em>Jean de la Lune<\/em> par Stephan Schesch. Avec Tomi Ungerer, Katharina Thalbach, Michel Dodane. Sortie en salles le 19 d\u00e9cembre.<\/p>\n<p>Et aussi le documentaire <em>Tomi Ungerer &#8211; l&#8217;esprit frappeur<\/em><\/p>\n<p><iframe loading=\"lazy\" width=\"460\" height=\"259\" src=\"http:\/\/www.youtube.com\/embed\/55ugHpsG4d8?rel=0\" frameborder=\"0\" allowfullscreen><\/iframe><\/p>\n<p><em>Tomi Ungerer &#8211; l&#8217;esprit frappeur<\/em> par Brad Bernstein. Avec Tomi Ungerer, Maurice Sendak, Jules Feiffer. Sortie en salles le 19 d\u00e9cembre.<\/p>\n","protected":false},"excerpt":{"rendered":"<p>\u00e0 partir de 6 ans<\/p>\n","protected":false},"author":1,"featured_media":17493,"comment_status":"open","ping_status":"open","sticky":false,"template":"","format":"standard","meta":{"_themeisle_gutenberg_block_has_review":false,"footnotes":""},"categories":[111],"tags":[299],"class_list":["post-6010","post","type-post","status-publish","format-standard","has-post-thumbnail","hentry","category-nos-selections","tag-cinema"],"_links":{"self":[{"href":"https:\/\/archives.regards.fr\/index.php?rest_route=\/wp\/v2\/posts\/6010","targetHints":{"allow":["GET"]}}],"collection":[{"href":"https:\/\/archives.regards.fr\/index.php?rest_route=\/wp\/v2\/posts"}],"about":[{"href":"https:\/\/archives.regards.fr\/index.php?rest_route=\/wp\/v2\/types\/post"}],"author":[{"embeddable":true,"href":"https:\/\/archives.regards.fr\/index.php?rest_route=\/wp\/v2\/users\/1"}],"replies":[{"embeddable":true,"href":"https:\/\/archives.regards.fr\/index.php?rest_route=%2Fwp%2Fv2%2Fcomments&post=6010"}],"version-history":[{"count":0,"href":"https:\/\/archives.regards.fr\/index.php?rest_route=\/wp\/v2\/posts\/6010\/revisions"}],"wp:featuredmedia":[{"embeddable":true,"href":"https:\/\/archives.regards.fr\/index.php?rest_route=\/wp\/v2\/media\/17493"}],"wp:attachment":[{"href":"https:\/\/archives.regards.fr\/index.php?rest_route=%2Fwp%2Fv2%2Fmedia&parent=6010"}],"wp:term":[{"taxonomy":"category","embeddable":true,"href":"https:\/\/archives.regards.fr\/index.php?rest_route=%2Fwp%2Fv2%2Fcategories&post=6010"},{"taxonomy":"post_tag","embeddable":true,"href":"https:\/\/archives.regards.fr\/index.php?rest_route=%2Fwp%2Fv2%2Ftags&post=6010"}],"curies":[{"name":"wp","href":"https:\/\/api.w.org\/{rel}","templated":true}]}}