{"id":5986,"date":"2012-12-17T10:39:31","date_gmt":"2012-12-17T09:39:31","guid":{"rendered":"https:\/\/wp.muchomaas.com\/l-action-de-michel-warchawski-et5986\/"},"modified":"2012-12-17T10:39:31","modified_gmt":"2012-12-17T09:39:31","slug":"l-action-de-michel-warchawski-et5986","status":"publish","type":"post","link":"https:\/\/archives.regards.fr\/?p=5986","title":{"rendered":"L&#8217;action de Michel Warchawski et de l&#8217;AIC honor\u00e9e par la R\u00e9publique"},"content":{"rendered":"<p class=\"post_excerpt\">Pas si fr\u00e9quent: un prix d\u00e9cern\u00e9 par la R\u00e9publique fran\u00e7aise a \u00e9t\u00e9 remis lundi dernier au militant isra\u00e9lien Michel Warchawski, figure de la lutte pour la reconnaissance des Droits du peuple palestinien.<\/p>\n<p>Le militant isra\u00e9lien Michel Warchawski s&#8217;est vu remettre lundi 10 d\u00e9cembre au minist\u00e8re de la Justice \u00e0 Paris le &#8220;Prix des Droits de l&#8217;Homme de la R\u00e9publique fran\u00e7aise&#8221; par Christiane Taubira. A travers lui, c&#8217;est le Centre d\u2019information alternative (AIC- Isra\u00ebl-Palestine), qui est d\u00e9cor\u00e9 pour son travail et son action sur le terrain de la \u00ab Lutte contre l\u2019impunit\u00e9 \u00bb. Le 10 d\u00e9cembre est la Journ\u00e9e des Droits de l\u2019homme proclam\u00e9e par les Nations Unies. Chaque ann\u00e9e, \u00e0 cette occasion, le Premier ministre fran\u00e7ais distingue \u00ab<em>des actions de terrain et des projets portant sur la protection et la promotion effectives des Droits de l\u2019Homme, dans l\u2019esprit de la D\u00e9claration universelle et de la Conf\u00e9rence mondiale sur les Droits de l\u2019Homme, sans distinction de nationalit\u00e9 ou de fronti\u00e8re<\/em>\u00bb.<\/p>\n<p>L&#8217;<a href=\"http:\/\/www.alternativenews.org\/english\/\">AIC<\/a>, organisation binationale cr\u00e9\u00e9 en 1984 par des activistes isra\u00e9liens et palestiniens, d\u00e9fend les droits humains et nationaux du peuple palestinien et une paix bas\u00e9e sur le respect de la loi internationale. Michel Warchawski en est l&#8217;un des fondateurs.<\/p>\n<p>Recevant le prix, &#8220;Mikado&#8221;, son surnom connu de tous les militants du mouvement de solidarit\u00e9 avec la Palestine, n\u00e9 en 1949 \u00e0 Strasbourg, militant activiste, journaliste et \u00e9crivain isra\u00e9lien, a, comme \u00e0 son habitude, livr\u00e9 \u00e0 un discours bref mais tr\u00e8s clair. \u00ab<em>La violation des Droits dans mon pays Isra\u00ebl et dans les territoires que mon pays occupe n&#8217;a plus a \u00eatre prouv\u00e9e<\/em>\u00bb a -t-il rappel\u00e9. Avant de donner les \u00ab<em>trois raisons<\/em>\u00bb qui justifient la poursuite incessante de la lutte contre l&#8217;impunit\u00e9 : respect d&#8217;un minimum d&#8217;\u00ab<em>hygi\u00e8ne publique internationale<\/em>\u00bb; rendre justice aux victimes; et faire envers Isra\u00ebl \u00ab<em>un acte d&#8217;amour<\/em>\u00bb en exigeant que ceux de ses responsables qui commettent des crimes soient punis afin que les g\u00e9n\u00e9rations suivantes puissent travailler \u00e0 la \u00ab<em>r\u00e9conciliation<\/em>\u00bb.<\/p>\n<p>L&#8217;int\u00e9gralit\u00e9 de son intervention film\u00e9e est \u00e0 voir sur le site du minist\u00e8re de la justice: http:\/\/www.mediatheque.justice.gouv.fr\/direct\/3191-83a99ac9755fef284ec847a2254f0371671ac8f1-1355498100-direct<\/p>\n","protected":false},"excerpt":{"rendered":"<p>Pas si fr\u00e9quent: un prix d\u00e9cern\u00e9 par la R\u00e9publique fran\u00e7aise a \u00e9t\u00e9 remis lundi dernier au militant isra\u00e9lien Michel Warchawski, figure de la lutte pour la reconnaissance des Droits du peuple palestinien.<\/p>\n","protected":false},"author":558,"featured_media":0,"comment_status":"open","ping_status":"open","sticky":false,"template":"","format":"standard","meta":{"_themeisle_gutenberg_block_has_review":false,"footnotes":""},"categories":[157],"tags":[332,389],"class_list":["post-5986","post","type-post","status-publish","format-standard","hentry","category-web","tag-palestine","tag-solidarite"],"_links":{"self":[{"href":"https:\/\/archives.regards.fr\/index.php?rest_route=\/wp\/v2\/posts\/5986","targetHints":{"allow":["GET"]}}],"collection":[{"href":"https:\/\/archives.regards.fr\/index.php?rest_route=\/wp\/v2\/posts"}],"about":[{"href":"https:\/\/archives.regards.fr\/index.php?rest_route=\/wp\/v2\/types\/post"}],"author":[{"embeddable":true,"href":"https:\/\/archives.regards.fr\/index.php?rest_route=\/wp\/v2\/users\/558"}],"replies":[{"embeddable":true,"href":"https:\/\/archives.regards.fr\/index.php?rest_route=%2Fwp%2Fv2%2Fcomments&post=5986"}],"version-history":[{"count":0,"href":"https:\/\/archives.regards.fr\/index.php?rest_route=\/wp\/v2\/posts\/5986\/revisions"}],"wp:attachment":[{"href":"https:\/\/archives.regards.fr\/index.php?rest_route=%2Fwp%2Fv2%2Fmedia&parent=5986"}],"wp:term":[{"taxonomy":"category","embeddable":true,"href":"https:\/\/archives.regards.fr\/index.php?rest_route=%2Fwp%2Fv2%2Fcategories&post=5986"},{"taxonomy":"post_tag","embeddable":true,"href":"https:\/\/archives.regards.fr\/index.php?rest_route=%2Fwp%2Fv2%2Ftags&post=5986"}],"curies":[{"name":"wp","href":"https:\/\/api.w.org\/{rel}","templated":true}]}}