{"id":5971,"date":"2012-12-12T15:08:50","date_gmt":"2012-12-12T14:08:50","guid":{"rendered":"https:\/\/wp.muchomaas.com\/le-csa-prepare-sa-mue-les-citoyens5971\/"},"modified":"2023-06-23T23:13:06","modified_gmt":"2023-06-23T21:13:06","slug":"le-csa-prepare-sa-mue-les-citoyens5971","status":"publish","type":"post","link":"https:\/\/archives.regards.fr\/?p=5971","title":{"rendered":"Le CSA pr\u00e9pare sa mue\u00a0: les citoyens seront-ils les bienvenus\u00a0?"},"content":{"rendered":"<p class=\"post_excerpt\">Le 6 d\u00e9cembre 2011, l\u2019\u00e9mission \u00ab\u00a0Appel d\u2019Urgence\u00a0\u00bb sur TF1 diffusait un reportage truqu\u00e9 comportant des images en provenance d\u2019archives am\u00e9ricaines pour illustrer un sujet sur la d\u00e9linquance \u00e0 Paris. R\u00e9v\u00e9l\u00e9 par le Petit Journal de Canal Plus, la supercherie avait alors donn\u00e9 naissance au collectif Les Indign\u00e9s du PAF qui r\u00e9clame depuis la nomination d\u2019un \u00ab\u00a0m\u00e9diateur-citoyen\u00a0\u00bb au CSA (Conseil Sup\u00e9rieur de l\u2019Audiovisuel). La perspective d\u2019un r\u00e9el droit de regard des citoyens sur le PAF\u00a0?  <\/p>\n<p>Le casse t\u00eate de la repr\u00e9sentativit\u00e9 du peuple au CSA pourrait trouver un semblant de r\u00e9ponse dans les semaines prochaines. C\u2019est en tous cas ce qu\u2019estime le porte-parole du collectif Les Indign\u00e9s du PAF, Philippe Guih\u00e9neuf. Apr\u00e8s de nombreuses rencontres \u00ab\u00a0fructueuses et encourageantes\u00a0\u00bb, dont la derni\u00e8re en date du 8 d\u00e9cembre \u00e0 Matignon, celui-ci reste convaincu de la fin victorieuse de sa p\u00e9tition lanc\u00e9e en vue de voir la nomination d\u2019un \u00ab\u00a0m\u00e9diateur-citoyen\u00a0\u00bb au sein de l\u2019instance de r\u00e9gulation, lors du renouvellement des mandats des sages en janvier prochain. Une candidature s\u00e9rieuse pour les uns, juste symbolique pour d\u2019autres, contestable et m\u00eame risible pour beaucoup\u2026 C\u2019est en tous cas Philippe Guih\u00e9neuf lui-m\u00eame qui pourrait \u00eatre pressenti pour assumer cette responsabilit\u00e9 d\u2019un nouveau genre\u00a0!  <\/p>\n<h2>Un terrain politique propice\u00a0!<\/h2>\n<p>Bien que soutenu par quelques m\u00e9dias, dont <em>M\u00e9diapart<\/em>, le collectif Les Indign\u00e9s du PAF n\u2019a pas suscit\u00e9 un immense buzz m\u00e9diatique. Et pourtant, leur action semble conna\u00eetre un \u00e9cho plut\u00f4t favorable aupr\u00e8s des responsables politiques. <em>\u00ab\u00a0Le pouvoir en place est visiblement en notre faveur, <\/em> explique le tr\u00e8s optimiste Philippe Guih\u00e9neuf, <em>notre d\u00e9marche semble \u00eatre comprise et entendue et nos propositions ont \u00e9t\u00e9 bien accueillies. Nous attendons simplement une confirmation d\u2019au moins un des trois d\u00e9cisionnaires, \u00e0 savoir Fran\u00e7ois Hollande, Claude Bartolone ou Jean-Pierre Bel.\u00a0Nous tenons \u00e0 ce que la parole citoyenne, qu\u2019il s\u2019agisse de la n\u00f4tre ou pas, soit port\u00e9e au CSA. \u00bb<\/em> Rappelons que l\u2019appel lanc\u00e9 par ces indign\u00e9s n\u2019est pas si r\u00e9cent. En\u00a02004 d\u00e9j\u00e0, l\u2019association Les pieds dans le PAF (qui existe depuis 1988), co-fondatrice de Les indign\u00e9s du PAF, lan\u00e7ait &#8220;Un citoyen au CSA&#8221;, une p\u00e9tition similaire sign\u00e9e notamment par Fran\u00e7ois Hollande et Jean-Marc Ayrault, alors membres de l\u2019opposition. Un argument que rappelle volontiers le collectif, notamment dans <a href=\"http:\/\/blogs.mediapart.fr\/blog\/les-indignes-du-paf\/051212\/lettre-ouverte-au-president-francois-hollande-faites-entrer-les\">la lettre ouverte<\/a> qu\u2019il a fait parvenir au nouveau Chef de l\u2019Etat.<br \/>\nLa notion de rapprochement entre citoyens et autorit\u00e9 ayant \u00e9t\u00e9 l\u2019un des points d\u2019ancrage de la campagne de Fran\u00e7ois Hollande, c\u2019est bien sur cet aspect que s\u2019appuient Les Indign\u00e9s du PAF pour faire entendre leurs revendications\u00a0: <em>\u00ab\u00a0Nous ne voulons pas devenir un contre-pouvoir au contre-pouvoir que repr\u00e9sentent m\u00e9dias, mais nous nous proposons de devenir un relais et une interface entre un public de plus en plus m\u00e9fiant \u00e0 juste titre envers des m\u00e9dias qui, le plus souvent sous la pression de leurs actionnaires, utilisent des m\u00e9thodes de plus en plus douteuses.\u00a0\u00bb<\/em> mart\u00e8le le porte-parole du mouvement.<\/p>\n<h2> L\u00e9gitime d\u00e9fense\u00a0ou simple attisement des tensions ? <\/h2>\n<p><em>\u00ab\u00a0Nous pensons qu\u2019il est urgent de repenser la fabrication de l\u2019information pour une r\u00e9conciliation tout aussi urgente entre le public et les m\u00e9dias, <\/em> explique Philippe Guih\u00e9neuf,<em> car ce genre de d\u00e9rives arrive trop fr\u00e9quemment.\u00a0Et quand les \u00e9tudes montrent que les spectateurs n\u2019ont plus du tout confiance dans les m\u00e9dias, c\u2019est le signe qu\u2019il faut agir.\u00a0\u00bb<\/em>\u00a0 poursuit-t-il, tout en pr\u00e9cisant\u00a0qu\u2019\u00e0 ce jour, la p\u00e9tition a recueilli 6000 signatures. Un constat alarmiste temp\u00e9r\u00e9 par le sp\u00e9cialiste en sciences de l&#8217;information et de la communication Fran\u00e7ois Jost. Selon lui\u00a0: <em>\u00ab\u00a0cette logique de d\u00e9fiance, de d\u00e9nonciation et de flicage syst\u00e9matique est contre-productive.\u00a0Ce leitmotiv du tous pourris me g\u00e8ne,<\/em> explique-t-il,<em> cela rel\u00e8ve du pur fantasme. Ils stigmatisent les journalistes et accentuent le rapport de m\u00e9fiance entre le public et les m\u00e9dias, tout en pr\u00f4nant l\u2019id\u00e9e d\u2019une r\u00e9conciliation. Je trouve cela incompatible.\u00bb <\/em> <\/p>\n<p>Et tandis que de son c\u00f4t\u00e9, Philippe Guih\u00e9neuf dans un communiqu\u00e9 de presse insiste sur la facilit\u00e9 de la faisabilit\u00e9 technique de leur requ\u00eate, le sociologue sp\u00e9cialiste des m\u00e9dias Jean-Marie Charon pr\u00e9vient que\u00a0: <em>\u00ab m\u00eame si\u00a0l\u2019\u00e9ventualit\u00e9 de la nomination d\u2019un citoyen au CSA est techniquement envisageable, il semble peu probable que cela soit pour tout de suite. Surtout, celui-ci serait tr\u00e8s vite contest\u00e9 par les acteurs du monde de l\u2019audiovisuel, ce qui est d\u2019ailleurs d\u00e9j\u00e0 le cas. Je reste convaincu que l\u2019id\u00e9e d\u2019un besoin de repr\u00e9sentativit\u00e9 des citoyens au CSA est l\u00e9gitime. Or, dans le cas des Indign\u00e9es du PAF, et si l\u2019on parle en terme de m\u00e9canismes d\u00e9mocratiques habituelles, ces derniers ne repr\u00e9sentent rien. Il s\u2019agit selon-moi d\u2019une d\u00e9marche autoproclam\u00e9e qui a peu de chance d\u2019aboutir. Outre la l\u00e9gitimit\u00e9, je suis surtout tout bonnement incapable d\u2019estimer quel poids r\u00e9el ils pourraient avoir au sein d\u2019une telle institution.\u00bb<\/em> conclue-t-il.<br \/>\n<div id='gallery-1' class='gallery galleryid-5971 gallery-columns-3 gallery-size-thumbnail'><figure class='gallery-item'>\n\t\t\t<div class='gallery-icon landscape'>\n\t\t\t\t<a href='https:\/\/archives.regards.fr\/wp-content\/uploads\/2012\/12\/tv-04c.png'><img loading=\"lazy\" decoding=\"async\" width=\"150\" height=\"150\" src=\"https:\/\/archives.regards.fr\/wp-content\/uploads\/2012\/12\/tv-04c-150x150.png\" class=\"attachment-thumbnail size-thumbnail\" alt=\"Le CSA pr\u00e9pare sa mue : les citoyens seront-ils les bienvenus ?\" aria-describedby=\"gallery-1-17430\" \/><\/a>\n\t\t\t<\/div>\n\t\t\t\t<figcaption class='wp-caption-text gallery-caption' id='gallery-1-17430'>\n\t\t\t\tLe CSA pr\u00e9pare sa mue : les citoyens seront-ils les bienvenus ?\n\t\t\t\t<\/figcaption><\/figure>\n\t\t<\/div>\n<\/p>\n","protected":false},"excerpt":{"rendered":"<p>Le 6 d\u00e9cembre 2011, l\u2019\u00e9mission \u00ab\u00a0Appel d\u2019Urgence\u00a0\u00bb sur TF1 diffusait un reportage truqu\u00e9 comportant des images en provenance d\u2019archives am\u00e9ricaines pour illustrer un sujet sur la d\u00e9linquance \u00e0 Paris. R\u00e9v\u00e9l\u00e9 par le Petit Journal de Canal Plus, la supercherie avait alors donn\u00e9 naissance au collectif Les Indign\u00e9s du PAF qui r\u00e9clame depuis la nomination d\u2019un \u00ab\u00a0m\u00e9diateur-citoyen\u00a0\u00bb au CSA (Conseil Sup\u00e9rieur de l\u2019Audiovisuel). La perspective d\u2019un r\u00e9el droit de regard des citoyens sur le PAF\u00a0?  <\/p>\n","protected":false},"author":1,"featured_media":17430,"comment_status":"open","ping_status":"open","sticky":false,"template":"","format":"standard","meta":{"_themeisle_gutenberg_block_has_review":false,"footnotes":""},"categories":[157],"tags":[291],"class_list":["post-5971","post","type-post","status-publish","format-standard","has-post-thumbnail","hentry","category-web","tag-analyse"],"_links":{"self":[{"href":"https:\/\/archives.regards.fr\/index.php?rest_route=\/wp\/v2\/posts\/5971","targetHints":{"allow":["GET"]}}],"collection":[{"href":"https:\/\/archives.regards.fr\/index.php?rest_route=\/wp\/v2\/posts"}],"about":[{"href":"https:\/\/archives.regards.fr\/index.php?rest_route=\/wp\/v2\/types\/post"}],"author":[{"embeddable":true,"href":"https:\/\/archives.regards.fr\/index.php?rest_route=\/wp\/v2\/users\/1"}],"replies":[{"embeddable":true,"href":"https:\/\/archives.regards.fr\/index.php?rest_route=%2Fwp%2Fv2%2Fcomments&post=5971"}],"version-history":[{"count":0,"href":"https:\/\/archives.regards.fr\/index.php?rest_route=\/wp\/v2\/posts\/5971\/revisions"}],"wp:featuredmedia":[{"embeddable":true,"href":"https:\/\/archives.regards.fr\/index.php?rest_route=\/wp\/v2\/media\/17430"}],"wp:attachment":[{"href":"https:\/\/archives.regards.fr\/index.php?rest_route=%2Fwp%2Fv2%2Fmedia&parent=5971"}],"wp:term":[{"taxonomy":"category","embeddable":true,"href":"https:\/\/archives.regards.fr\/index.php?rest_route=%2Fwp%2Fv2%2Fcategories&post=5971"},{"taxonomy":"post_tag","embeddable":true,"href":"https:\/\/archives.regards.fr\/index.php?rest_route=%2Fwp%2Fv2%2Ftags&post=5971"}],"curies":[{"name":"wp","href":"https:\/\/api.w.org\/{rel}","templated":true}]}}