{"id":5965,"date":"2012-12-11T16:38:59","date_gmt":"2012-12-11T15:38:59","guid":{"rendered":"https:\/\/wp.muchomaas.com\/pas-de-compromis-avec-le5965\/"},"modified":"2023-06-23T23:13:06","modified_gmt":"2023-06-23T21:13:06","slug":"pas-de-compromis-avec-le5965","status":"publish","type":"post","link":"https:\/\/archives.regards.fr\/?p=5965","title":{"rendered":"Pas de compromis avec le n\u00e9olib\u00e9ralisme de droite ou de gauche"},"content":{"rendered":"<p class=\"post_excerpt\">Le conseil national de campagne du Front de gauche s&#8217;est tenu samedi 8 d\u00e9cembre. A cette occasion, nous avons demand\u00e9 aux sociologues Michel Pin\u00e7on et Monique Pin\u00e7on-Charlot de nous dire \u00e0 quoi sert, selon eux, ce mouvement. Tribune.<\/p>\n<p>La dynamique du Front de gauche, rassemblant les communistes, d\u2019anciens socialistes en rupture officielle avec leur parti, des \u00e9cologistes et nombre d\u2019autres militants et sympathisants, a oblig\u00e9 Fran\u00e7ois Hollande \u00e0 faire des promesses de campagne pour \u00eatre \u00e9lu pr\u00e9sident de la R\u00e9publique. Le report des voix a bien fonctionn\u00e9, plus motiv\u00e9 d\u2019ailleurs par l\u2019antisarkozysme que par la traditionnelle discipline r\u00e9publicaine. Les promesses non tenues n\u2019ont d\u00e9\u00e7u que ceux qui ont oubli\u00e9 que le n\u00e9olib\u00e9ralisme, avec la d\u00e9r\u00e9gulation des march\u00e9s financiers et la construction d\u2019une Europe au profit du capital, a \u00e9t\u00e9 largement impuls\u00e9 par les socialistes. Il n\u2019y a donc pas de droitisation nouvelle du Parti socialiste. Il poursuit sa route de la fausse alternative, qui est \u00e0 peine celle de l\u2019alternance, afin que le syst\u00e8me capitaliste puisse continuer son chemin dans cette nouvelle phase o\u00f9 la finance a pris le pas sur le politique. Une \u00e9volution qui met en danger la plan\u00e8te : la sp\u00e9culation fait fi du r\u00e9chauffement climatique et conduit aux cataclysmes financiers et \u00ab naturels \u00bb, d\u2019autant que les ressources alimentaires et mini\u00e8res sont aujourd\u2019hui sous sa coupe. <\/p>\n<p>La situation est suffisamment grave pour qu\u2019il n\u2019y ait pas de culpabilit\u00e9 \u00e0 s\u2019opposer de mani\u00e8re claire et constructive \u00e0 ce qui n\u2019est finalement qu\u2019une manipulation id\u00e9ologique de plus au service de cette id\u00e9ologie r\u00e9trograde qu\u2019est le n\u00e9olib\u00e9ralisme dont l\u2019aboutissement ne saurait \u00eatre autre que le r\u00e9tablissement de la loi de la jungle. Rappelons que la base \u00e9lectorale de Fran\u00e7ois Hollande est faible, ce que traduisent les multiples reculs observ\u00e9s ces derni\u00e8res semaines. Au second tour de l\u2019\u00e9lection pr\u00e9sidentielle de 2012, 2,154 millions et 956 \u00e9lecteurs, soit 5,8 % des votants, ont vot\u00e9 blanc ou nul. Si ce vote de protestation contre une offre politique dans laquelle nombre de citoyens ne se reconnaissent pas avait \u00e9t\u00e9 comptabilis\u00e9 dans les suffrages exprim\u00e9s, Fran\u00e7ois Hollande n\u2019aurait recueilli que 48,6% des bulletins sortis des urnes et il n\u2019aurait pu \u00eatre \u00e9lu puisque l\u2019article 7 de la Constitution dispose que \u00ab la majorit\u00e9 absolue des suffrages exprim\u00e9s \u00bb est requise. Ce qui aurait confirm\u00e9 le choix minoritaire des \u00e9lecteurs inscrits qui n\u2019ont \u00e9t\u00e9 que 22,3% \u00e0 choisir Fran\u00e7ois Hollande au premier tour. Les d\u00e9put\u00e9s de la majorit\u00e9 socialiste n\u2019ont pas \u00e9t\u00e9 \u00e9lus avec une base plus solide puisque, au second tour des l\u00e9gislatives de juin 2012, 44,6% des \u00e9lecteurs inscrits se sont abstenus, ce qui est le taux le plus \u00e9lev\u00e9 \u00e0 ce type d\u2019\u00e9lection depuis 1958.<\/p>\n<p>Seule la franchise dans l\u2019analyse des rapports de force entre les classes sociales dans une France qui vit sous l\u2019alibi de la \u00ab d\u00e9mocratie \u00bb et des \u00ab droits de l\u2019homme \u00bb peut permettre de donner du cr\u00e9dit et de la visibilit\u00e9 aux propositions port\u00e9es par les partis regroup\u00e9s dans la dynamique du Front de gauche. Il s\u2019agit de remettre l\u2019humain au centre de l\u2019\u00e9conomie et de faire rendre raison au monde des financiers et des sp\u00e9culateurs qui n\u2019ont plus d\u2019autre objectif qu\u2019une accumulation insens\u00e9e et destructrice par ses exc\u00e8s. Devant la gravit\u00e9 des d\u00e9s\u00e9quilibres humains face au r\u00e9chauffement climatique qui n\u2019est en rien frein\u00e9 par les puissants de ce monde il s\u2019agit de convaincre de la malfaisance cynique, perverse et inhumaine des sp\u00e9culateurs sans foi ni loi. <\/p>\n<p>Seule la franchise dans le fonctionnement d\u2019une classe politique dont la majorit\u00e9 des membres ont des int\u00e9r\u00eats personnels \u00e0 d\u00e9fendre \u00e0 travers le cumul des mandats et la possibilit\u00e9 de se succ\u00e9der \u00e0 soi-m\u00eame pourra \u00e9viter que le mandat \u00e9lectif serve \u00e0 faire des carri\u00e8res politiques. L\u2019indiff\u00e9rence \u00e0 l\u2019abstention qui est massivement le fait des milieux populaires et les petits arrangements entre amis qui sont bien souvent issus des m\u00eames grandes \u00e9coles seront emp\u00each\u00e9s, voire impossibles en raison de la rotation des \u00e9lus. <\/p>\n<p>Seule la franchise dans la d\u00e9nonciation des escroqueries linguistiques, avec la pratique syst\u00e9matique des oxymores, du genre \u00ab croissance n\u00e9gative \u00bb, des manipulations id\u00e9ologiques de ceux qui avancent sous le masque du \u00ab socialisme \u00bb pour mieux faire admettre le lib\u00e9ralisme, des inversions du sens des mots o\u00f9 ce sont d\u00e9sormais les ouvriers qui \u00ab co\u00fbtent \u00bb trop cher et les sp\u00e9culateurs qui \u00ab investissent \u00bb et \u00ab cr\u00e9ent \u00bb des emplois.<\/p>\n<p>Parler vrai permettra aux millions de Fran\u00e7ais qui sont sid\u00e9r\u00e9s, t\u00e9tanis\u00e9s par la force de la charge de la classe dominante, d\u2019arriver simplement \u00e0 penser qu\u2019ils sont les plus nombreux et que ce sont eux qui d\u00e9tiennent les cl\u00e9s du fonctionnement de l\u2019\u00e9conomie r\u00e9elle de notre pays. Seule une gauche radicale d\u00e9complex\u00e9e et assur\u00e9e de ses id\u00e9es peut permettre d\u2019\u00eatre dans la coordination des diff\u00e9rentes formes de contestation, que ce soit \u00e0 l\u2019Assembl\u00e9e nationale ou au S\u00e9nat avec les \u00e9lus du Front de gauche, que ce soit avec les \u00e9lus locaux, les syndicats et les associations qui tissent une v\u00e9ritable toile d\u2019araign\u00e9e de la r\u00e9flexion et de l\u2019action au service de tous ceux qui sont sous le rouleau compresseur du syst\u00e8me oligarchique. Les initiatives doivent se cumuler et non s\u2019opposer les unes aux autres pour des raisons d\u2019int\u00e9r\u00eat institutionnel ou personnel et s\u2019efforcer d\u2019\u00eatre visibles \u00e0 l\u2019heure o\u00f9 les t\u00e9l\u00e9visions priv\u00e9es et publiques ne cessent de manipuler les cerveaux afin de mieux \u00e9touffer toute pens\u00e9e critique. <\/p>\n<div id='gallery-1' class='gallery galleryid-5965 gallery-columns-3 gallery-size-thumbnail'><figure class='gallery-item'>\n\t\t\t<div class='gallery-icon landscape'>\n\t\t\t\t<a href='https:\/\/archives.regards.fr\/wp-content\/uploads\/2012\/12\/mpc-f51.jpg'><img loading=\"lazy\" decoding=\"async\" width=\"150\" height=\"150\" src=\"https:\/\/archives.regards.fr\/wp-content\/uploads\/2012\/12\/mpc-f51-150x150.jpg\" class=\"attachment-thumbnail size-thumbnail\" alt=\"mpc.jpg\" \/><\/a>\n\t\t\t<\/div><\/figure>\n\t\t<\/div>\n\n","protected":false},"excerpt":{"rendered":"<p>Le conseil national de campagne du Front de gauche s&#8217;est tenu samedi 8 d\u00e9cembre. A cette occasion, nous avons demand\u00e9 aux sociologues Michel Pin\u00e7on et Monique Pin\u00e7on-Charlot de nous dire \u00e0 quoi sert, selon eux, ce mouvement. Tribune.<\/p>\n","protected":false},"author":1,"featured_media":17423,"comment_status":"open","ping_status":"open","sticky":false,"template":"","format":"standard","meta":{"_themeisle_gutenberg_block_has_review":false,"footnotes":""},"categories":[141],"tags":[],"class_list":["post-5965","post","type-post","status-publish","format-standard","has-post-thumbnail","hentry","category-archives-web"],"_links":{"self":[{"href":"https:\/\/archives.regards.fr\/index.php?rest_route=\/wp\/v2\/posts\/5965","targetHints":{"allow":["GET"]}}],"collection":[{"href":"https:\/\/archives.regards.fr\/index.php?rest_route=\/wp\/v2\/posts"}],"about":[{"href":"https:\/\/archives.regards.fr\/index.php?rest_route=\/wp\/v2\/types\/post"}],"author":[{"embeddable":true,"href":"https:\/\/archives.regards.fr\/index.php?rest_route=\/wp\/v2\/users\/1"}],"replies":[{"embeddable":true,"href":"https:\/\/archives.regards.fr\/index.php?rest_route=%2Fwp%2Fv2%2Fcomments&post=5965"}],"version-history":[{"count":0,"href":"https:\/\/archives.regards.fr\/index.php?rest_route=\/wp\/v2\/posts\/5965\/revisions"}],"wp:featuredmedia":[{"embeddable":true,"href":"https:\/\/archives.regards.fr\/index.php?rest_route=\/wp\/v2\/media\/17423"}],"wp:attachment":[{"href":"https:\/\/archives.regards.fr\/index.php?rest_route=%2Fwp%2Fv2%2Fmedia&parent=5965"}],"wp:term":[{"taxonomy":"category","embeddable":true,"href":"https:\/\/archives.regards.fr\/index.php?rest_route=%2Fwp%2Fv2%2Fcategories&post=5965"},{"taxonomy":"post_tag","embeddable":true,"href":"https:\/\/archives.regards.fr\/index.php?rest_route=%2Fwp%2Fv2%2Ftags&post=5965"}],"curies":[{"name":"wp","href":"https:\/\/api.w.org\/{rel}","templated":true}]}}