{"id":5956,"date":"2012-12-07T10:24:47","date_gmt":"2012-12-07T09:24:47","guid":{"rendered":"https:\/\/wp.muchomaas.com\/l-ecosocialisme-du-pg-sera-t-il-un5956\/"},"modified":"2012-12-07T10:24:47","modified_gmt":"2012-12-07T09:24:47","slug":"l-ecosocialisme-du-pg-sera-t-il-un5956","status":"publish","type":"post","link":"https:\/\/archives.regards.fr\/?p=5956","title":{"rendered":"L\u2019\u201c\u00e9cosocialisme\u201d du PG sera-t-il un nom commun, avec un d\u00e9bat ouvert ?"},"content":{"rendered":"<p class=\"post_excerpt\">Article paru dans le journal <em>Cerises<\/em>. \u00c0 l\u2019occasion des Assises pour l\u2019\u00e9cosocialisme<br \/>\norganis\u00e9es par le parti de gauche le 1\/12\/12<br \/>\nautour du projet d\u2019un nouveau manifeste \u00e9cosocialiste,<br \/>\nvoici une tribune de J\u00e9r\u00f4me Desquilbet, alter ekolo,<br \/>\nqui argumente pour clarifier les termes du d\u00e9bat.<br \/>\n<em>Cerises<\/em> accueillera volontiers d\u2019autres points de vue sur ces sujets. <\/p>\n<h2>L\u2019\u00e9cosocialisme comme altermondialisme<\/h2>\n<p>Pour beaucoup, lors d\u2019une rencontre en 2006 avec Michael L\u00f6wy du R\u00e9seau \u00e9cosocialiste international, c\u2019\u00e9tait nouveau d\u2019entendre anticapitaliste et \u00e9cologiste dans les m\u00eames phrases. Et au FSE d\u2019Ath\u00e8nes la m\u00eame ann\u00e9e, des \u00e9cosocialistes anglais proposaient de mettre en \u0153uvre les tactiques des manifestations anti-guerre au service de la lutte contre le d\u00e9r\u00e8glement climatique et de r\u00e9fl\u00e9chir \u00e0 des actions internationales en justice.<\/p>\n<p>\u00c0 New York en 2012, les stations-essence sont contr\u00f4l\u00e9es par l\u2019arm\u00e9e apr\u00e8s les ouragans d\u2019octobre-novembre, et Occupy Wall Street, partie prenante de Occupy Sandy Recovery, nous montre les photos en disant : voil\u00e0 ce qu\u2019est le d\u00e9r\u00e8glement climatique, ce sont des ressources contr\u00f4l\u00e9es par les militaires dans un univers de d\u00e9solation.<\/p>\n<p>Le manifeste \u00e9cosocialiste de 2006 met en perspective ce qui est un prolongement de la barbarie contre laquelle Rosa Luxembourg posait le socialisme en alternative. La guerre capitaliste contre la plus grande partie de l\u2019humanit\u00e9 est devenue guerre totale contre toute forme de vie. L\u2019\u00e9cosocialisme est le nom donn\u00e9 \u00e0 l\u2019oppos\u00e9 et au d\u00e9passement de cette horreur.<\/p>\n<h2>Des clarifications n\u00e9cessaires<\/h2>\n<p><strong>1)<\/strong> L\u2019esprit de comp\u00e9tition. Le site des assises est <a href=\"http:\/\/ecosocialisme.com\/\">ecosocialisme.com<\/a> (commercial) et non pas <a href=\"http:\/\/ecosocialisme.org\/cm\/index.php?option=com_sectionnav&#038;view=sections&#038;layout=blog&#038;Itemid=53\">ecosocialisme.org<\/a> (organisation) car le nom de domaine \u00e9tait d\u00e9j\u00e0 pris. Cette anecdote permet de rappeler que g\u00e9n\u00e9ralement les partis et organisations politiques se comportent trop souvent comme des boutiques en concurrence. Nous ne sommes pas des marques de lessive ! De gauche et \u00e9colos, le mod\u00e8le de l\u2019entreprise ou de la propri\u00e9t\u00e9 industrielle n\u2019est pas le n\u00f4tre pour nos propres organisations.<\/p>\n<p><strong>2)<\/strong> R\u00e9publicains \/ d\u00e9mocrates. Clin d\u2019\u0153il provocateur mais r\u00e9alit\u00e9 politique : pour beaucoup d\u2019\u00e9cologistes fran\u00e7ais-e-s, la R\u00e9publique c\u2019est l\u2019\u00e9touffement des particularit\u00e9s r\u00e9gionales, la centralisation anti-d\u00e9mocratique, les colonies&#8230; Le PG doit donc \u00eatre clair en la mettant en avant dans son triptyque \u00c9cologie, Socialisme, R\u00e9publique. Quid de l\u2019autonomie r\u00e9gionale ? De la libert\u00e9 de circulation et d\u2019installation ? De l\u2019abandon du d\u00e9veloppementisme ? De la cr\u00e9olisation comme une chance ? Jusqu\u2019o\u00f9 le l\u00e9gitimisme vis \u00e0 vis de l\u2019\u00c9tat ?<\/p>\n<p><strong>3) <\/strong> L\u2019humanisme, la raison et le mythe du progr\u00e8s. Ni la confiance dans le progr\u00e8s, ni l\u2019humanisme consacrant l\u2019homme ma\u00eetre d\u2019une plan\u00e8te r\u00e9ifi\u00e9e ne sont des valeurs \u00e9cologistes. Dans \u00c9cologie=X, Charles Ruelle et Fr\u00e9d\u00e9ric Neyrat expliquent la pens\u00e9e d\u2019Arne N\u00e6ss qui, \u00e0 l\u2019\u00e9cologie superficielle du <em>\u00ab petit geste qui sauve la plan\u00e8te \u00bb<\/em>, du capitalisme vert et du recours \u00e0 encore plus de technique pour nous sauver de la technique, oppose l\u2019\u00e9cologie profonde. Il est donc tr\u00e8s d\u00e9cevant de lire sur le site ecosocialisme.com une critique aveugle de cette pens\u00e9e par Arno Munster reprenant les mots des pires adver- saires politiques de l\u2019\u00e9cologie (Luc Ferry &#038; co) qui peignent si facilement en vert-de-gris ceux qui \u00e9chappent \u00e0 leur sch\u00e9ma de pens\u00e9e technicien. Difficile de disserter ici, mais il suffit de relire Fabrice Flipo (RiLi n\u00b016) ou Fr\u00e9d\u00e9ric Neyrat (Biopolitique des catastrophes). On peut aussi se rappeler de Heidegger d\u00e9non\u00e7ant l\u2019<em>\u00ab arraisonnement du monde \u00bb<\/em> par lequel l\u2019homme veut tout soumettre \u00e0 sa propre raison, en donnant l\u2019exemple des for\u00eats qui ne sont plus vues comme des for\u00eats, des lieux portant leur propre sens, mais simplement comme des stocks de bois.<\/p>\n<h2>L\u2019\u00e9cologie\u00b7politique<\/h2>\n<p>Un autre manifeste, le Manifeste pour les \u00abproduits\u00bb de haute n\u00e9cessit\u00e9, explique :<br \/>\n<em>\u00ab Toute vie humaine un peu \u00e9quilibr\u00e9e s\u2019articule entre, d\u2019un c\u00f4t\u00e9, les n\u00e9cessit\u00e9s imm\u00e9diates du boire-survivre-manger (en clair : le prosa\u00efque) ; et, de l\u2019autre, l\u2019aspiration \u00e0 un \u00e9panouissement de soi, l\u00e0 o\u00f9 la nourriture est de dignit\u00e9, d\u2019honneur, de musique, de chants, de sports, de danses, de lectures, de philosophie, de spiritualit\u00e9, d\u2019amour, de temps libre affect\u00e9 \u00e0 l\u2019accomplissement du grand d\u00e9sir intime (en clair : le po\u00e9tique). \u00bb<\/em><\/p>\n<p>Et c\u2019est bien de cela qu\u2019il s\u2019agit : camarades \u00e9cosocialistes, il faudrait peut-\u00eatre s\u2019aventurer au-del\u00e0 du prosa\u00efque.<br \/>\nLe projet de l\u2019\u00e9cologie\u00b7politique ne peut \u00eatre que celui d\u2019une d\u00e9mocratie radicale au sein d\u2019un cercle plus large que celui de l\u2019humanit\u00e9, d\u00e9bordant largement sur le reste de l\u2019\u00e9cosph\u00e8re. Dans le but d\u2019emp\u00eacher la domination de la biosph\u00e8re sur le reste de l\u2019\u00e9cosph\u00e8re, comme d\u2019emp\u00eacher la domination de<br \/>\nl\u2019humanit\u00e9 au sein de la biosph\u00e8re, et comme d\u2019emp\u00eacher la domination de quelques humains sur tous les autres.<br \/>\nDans ces collectifs partag\u00e9s, nous devons chercher la mani\u00e8re juste de repr\u00e9senter le non-humain. Sinon, <em>The Economist<\/em> continuera \u00e0 titrer, en finissant par avoir raison (je traduis) : <em>\u00ab Les forces du march\u00e9 pourraient se r\u00e9v\u00e9ler les meilleures amies de l\u2019environnement \u2014 si seulement les \u00e9cologistes pou- vaient les aimer \u00bb<\/em> (21\/4\/05). Car si ce n\u2019est pas la d\u00e9mocratie et la justice \u00e9tendues, c\u2019est le march\u00e9 qui donnera une valeur \u00e0 notre vie. Et le march\u00e9, lui, est radical depuis longtemps.<\/p>\n<h2>Construire du commun<\/h2>\n<p>Nous avons appris \u00e0 nos d\u00e9pens qu\u2019il ne suffit pas de lancer un appel et de l\u00e2cher ensuite des sp\u00e9cialistes des petits arrangements qui organiseront les autres \u00e0 leur place. La lucidit\u00e9 devrait nous ramener \u00e0 une d\u00e9termination patiente, celle de prendre le chemin d\u2019un processus constituant ouvert et innovant dans ses pratiques d\u00e9mocratiques, o\u00f9 les d\u00e9bats ont lieu publiquement, o\u00f9 les dissensus sont explicit\u00e9s avant d\u2019envisager le consensus.<\/p>\n<p>Et dans le m\u00eame temps, nous devons rester coh\u00e9rent-e-s et d\u00e9termin\u00e9-e-s. Par exemple \u00e0 NDDL, contre Grand Paris Express, partout o\u00f9 des Grands Projets Inutiles Impos\u00e9s sont en pr\u00e9paration. Ce sont nos combats pour l\u2019am\u00e9lioration des conditions de vie de nos concitoyen-ne-s qui assoient notre cr\u00e9dibilit\u00e9 pour rassembler, et non pas nos discours.<br \/>\nLes assises de l\u2019\u00e9cosocialisme organis\u00e9es par le PG sont l\u2019occasion d\u2019ouvrir un espace de d\u00e9bat, bienvenu. J\u2019esp\u00e8re qu\u2019\u00e9co-socialisme y sera un nom commun, et non pas une marque d\u00e9pos\u00e9e ; et que l\u2019espace sera ouvert et non pas ferm\u00e9.<\/p>\n","protected":false},"excerpt":{"rendered":"<p>Article paru dans le journal <em>Cerises<\/em>. \u00c0 l\u2019occasion des Assises pour l\u2019\u00e9cosocialisme<br \/>\norganis\u00e9es par le parti de gauche le 1\/12\/12<br \/>\nautour du projet d\u2019un nouveau manifeste \u00e9cosocialiste,<br \/>\nvoici une tribune de J\u00e9r\u00f4me Desquilbet, alter ekolo,<br \/>\nqui argumente pour clarifier les termes du d\u00e9bat.<br \/>\n<em>Cerises<\/em> accueillera volontiers d\u2019autres points de vue sur ces sujets. <\/p>\n","protected":false},"author":1,"featured_media":0,"comment_status":"open","ping_status":"open","sticky":false,"template":"","format":"standard","meta":{"_themeisle_gutenberg_block_has_review":false,"footnotes":""},"categories":[141],"tags":[],"class_list":["post-5956","post","type-post","status-publish","format-standard","hentry","category-archives-web"],"_links":{"self":[{"href":"https:\/\/archives.regards.fr\/index.php?rest_route=\/wp\/v2\/posts\/5956","targetHints":{"allow":["GET"]}}],"collection":[{"href":"https:\/\/archives.regards.fr\/index.php?rest_route=\/wp\/v2\/posts"}],"about":[{"href":"https:\/\/archives.regards.fr\/index.php?rest_route=\/wp\/v2\/types\/post"}],"author":[{"embeddable":true,"href":"https:\/\/archives.regards.fr\/index.php?rest_route=\/wp\/v2\/users\/1"}],"replies":[{"embeddable":true,"href":"https:\/\/archives.regards.fr\/index.php?rest_route=%2Fwp%2Fv2%2Fcomments&post=5956"}],"version-history":[{"count":0,"href":"https:\/\/archives.regards.fr\/index.php?rest_route=\/wp\/v2\/posts\/5956\/revisions"}],"wp:attachment":[{"href":"https:\/\/archives.regards.fr\/index.php?rest_route=%2Fwp%2Fv2%2Fmedia&parent=5956"}],"wp:term":[{"taxonomy":"category","embeddable":true,"href":"https:\/\/archives.regards.fr\/index.php?rest_route=%2Fwp%2Fv2%2Fcategories&post=5956"},{"taxonomy":"post_tag","embeddable":true,"href":"https:\/\/archives.regards.fr\/index.php?rest_route=%2Fwp%2Fv2%2Ftags&post=5956"}],"curies":[{"name":"wp","href":"https:\/\/api.w.org\/{rel}","templated":true}]}}