{"id":5954,"date":"2012-12-06T17:37:04","date_gmt":"2012-12-06T16:37:04","guid":{"rendered":"https:\/\/wp.muchomaas.com\/l-ecosocialisme-un-projet-de5954\/"},"modified":"2012-12-06T17:37:04","modified_gmt":"2012-12-06T16:37:04","slug":"l-ecosocialisme-un-projet-de5954","status":"publish","type":"post","link":"https:\/\/archives.regards.fr\/?p=5954","title":{"rendered":"L&#8217;\u00e9cosocialisme, un projet de soci\u00e9t\u00e9 ?"},"content":{"rendered":"<p>Jean-Luc M\u00e9lenchon et le Parti de gauche viennent de tenir des assises de l\u2019\u00e9co-socialisme. Ce concept sera-t-il le nom du projet alternatif du Front de gauche\u00a0?<br \/>\nLe nom d\u2019\u00e9co-socialisme se discute.<br \/>\nLa reprise du terme socialisme a du mal \u00e0 signifier que l\u2019on a compris et int\u00e9gr\u00e9 les \u00e9checs du \u00ab\u00a0socialisme\u00a0\u00bb de l\u2019Est de l\u2019Europe et celui du \u00ab\u00a0socialisme\u00a0\u00bb de l\u2019Ouest de l\u2019Europe. Cela permet-il d\u2019inventer une autre fa\u00e7on de concevoir l\u2019intervention publique\u00a0? Il est acquis que l\u2019\u00e9cologie doit \u00eatre une composante du projet \u00e9mancipateur &#8211; et il est bon de le souligner. Mais bien d\u2019autres questions se posent. Red\u00e9finir les termes de l\u2019\u00e9galit\u00e9, de la r\u00e9partition des richesses et de la finalit\u00e9 de leur production, assumer un projet d\u2019\u00e9mancipation de l\u2019individu en soci\u00e9t\u00e9, concevoir une d\u00e9mocratie moderne\u2026 autant de questions dont le socialisme n\u2019est pas a priori la cl\u00e9. De tr\u00e8s nombreuses r\u00e9flexions depuis des ann\u00e9es d\u00e9capent la notion de socialisme et reviennent \u00e0 celle de communisme (S\u00e8ve, Badiou, Ranci\u00e8re pour ne citer que des philosophes). D\u2019autres ne se reconnaissent ni dans la r\u00e9f\u00e9rence socialiste ni communiste. Un nouveau mot doit-il s\u2019inventer\u00a0? Ces d\u00e9bats auront-ils lieu\u00a0? Il le faudrait surement. <\/p>\n<p>Nous rassemblons ici les quelques articles qui nous font avancer sur ce sujet. Ils sont trop peu nombreux, il faut le reconna\u00eetre. Vous pouvez nous en signaler que nous aurions omis. De l&#8217;abstraction pour devenir projet de soci\u00e9t\u00e9 ? Eclairage.  <\/p>\n<p><strong>Dans Regards et ailleurs&#8230;<\/strong><\/p>\n<ul>\n<li> &#8211; <a href=\"3993\">Herv\u00e9 Kempf et Pascal Canfin : \u00ab Le capitalisme vert, \u00e7a n\u2019existe pas ! \u00bb<\/a><\/li>\n<li> &#8211;<a href=\"https:\/\/wp.muchomaas.com\/politique\/l-ecosocialisme-du-pg-sera-t-il-un,5956\">L\u2019\u00e9cosocialisme du PG sera-t-il un nom commun, avec un d\u00e9bat ouvert ?<\/a><\/li>\n<li> &#8211; <a href=\"http:\/\/bit.ly\/wCD8pT\">Qu&#8217;est-ce que l&#8217;\u00ab \u00e9cosocialisme \u00bb ?<\/a><\/li>\n<li> -Article payant dur LeMonde.fr, <a href=\"http:\/\/www.lemonde.fr\/cgi-bin\/ACHATS\/acheter.cgi?offre=ARCHIVES&#038;type_item=ART_ARCH_30J&#038;objet_id=1216919&#038;xtmc=jean_luc_melenchon&#038;xtcr=2\">Jean-Luc M\u00e9lenchon intensifie son offensive sur l&#8217;\u00e9cologie<\/a><\/li>\n<li> &#8211;<a href=\"http:\/\/www.humanite.fr\/politique\/jean-luc-melenchon-aux-assises-de-lecosocialisme-videos-510091\">Jean-Luc M\u00e9lenchon aux assises de l&#8217;\u00e9cosocialisme (vid\u00e9os)<\/a><\/li>\n<li> &#8211;<a href=\"http:\/\/www.lepartidegauche.fr\/educpop\/livre\/la-regle-verte-18923\">Le prochain livre de Jean-Luc M\u00e9lenchon, La r\u00e8gle verte, Pour l&#8217;\u00e9co-socialisme<\/a><\/li>\n<li> -L&#8217;\u00e9dito de Cerises, Questions sur le cahier des charges de l&#8217; &#8220;\u00e9cosocialisme&#8221;->http:\/\/www.communistesunitaires.net\/images\/pdf\/cerises162.pdf]<\/li>\n<\/ul>\n<p>&nbsp;<\/p>\n<p>\n","protected":false},"excerpt":{"rendered":"<p>Jean-Luc M\u00e9lenchon et le Parti de gauche viennent de tenir des assises de l\u2019\u00e9co-socialisme. Ce concept sera-t-il le nom du projet alternatif du Front de gauche\u00a0? Le nom d\u2019\u00e9co-socialisme se discute. La reprise du terme socialisme a du mal \u00e0 signifier que l\u2019on a compris et int\u00e9gr\u00e9 les \u00e9checs du \u00ab\u00a0socialisme\u00a0\u00bb de l\u2019Est de l\u2019Europe [&hellip;]<\/p>\n","protected":false},"author":643,"featured_media":0,"comment_status":"open","ping_status":"open","sticky":false,"template":"","format":"standard","meta":{"_themeisle_gutenberg_block_has_review":false,"footnotes":""},"categories":[141],"tags":[],"class_list":["post-5954","post","type-post","status-publish","format-standard","hentry","category-archives-web"],"_links":{"self":[{"href":"https:\/\/archives.regards.fr\/index.php?rest_route=\/wp\/v2\/posts\/5954","targetHints":{"allow":["GET"]}}],"collection":[{"href":"https:\/\/archives.regards.fr\/index.php?rest_route=\/wp\/v2\/posts"}],"about":[{"href":"https:\/\/archives.regards.fr\/index.php?rest_route=\/wp\/v2\/types\/post"}],"author":[{"embeddable":true,"href":"https:\/\/archives.regards.fr\/index.php?rest_route=\/wp\/v2\/users\/643"}],"replies":[{"embeddable":true,"href":"https:\/\/archives.regards.fr\/index.php?rest_route=%2Fwp%2Fv2%2Fcomments&post=5954"}],"version-history":[{"count":0,"href":"https:\/\/archives.regards.fr\/index.php?rest_route=\/wp\/v2\/posts\/5954\/revisions"}],"wp:attachment":[{"href":"https:\/\/archives.regards.fr\/index.php?rest_route=%2Fwp%2Fv2%2Fmedia&parent=5954"}],"wp:term":[{"taxonomy":"category","embeddable":true,"href":"https:\/\/archives.regards.fr\/index.php?rest_route=%2Fwp%2Fv2%2Fcategories&post=5954"},{"taxonomy":"post_tag","embeddable":true,"href":"https:\/\/archives.regards.fr\/index.php?rest_route=%2Fwp%2Fv2%2Ftags&post=5954"}],"curies":[{"name":"wp","href":"https:\/\/api.w.org\/{rel}","templated":true}]}}