{"id":5934,"date":"2012-12-04T10:13:19","date_gmt":"2012-12-04T09:13:19","guid":{"rendered":"https:\/\/wp.muchomaas.com\/adieu-michel-ils-ont-pris-ta-voix5934\/"},"modified":"2012-12-04T10:13:19","modified_gmt":"2012-12-04T09:13:19","slug":"adieu-michel-ils-ont-pris-ta-voix5934","status":"publish","type":"post","link":"https:\/\/archives.regards.fr\/?p=5934","title":{"rendered":"Adieu Michel, Ils ont pris ta voix\u2026"},"content":{"rendered":"<p class=\"post_excerpt\">Michel Naudy, c\u2019\u00e9tait une voix, une belle voix chantante d\u2019Ari\u00e9geois, donc montagnarde et rebelle. Une parole qui disait souvent la col\u00e8re, temp\u00e9r\u00e9e par un rire qui disait l\u2019amour et l\u2019esp\u00e9rance. Michel \u00e9tait aussi une plume, brillante, ac\u00e9r\u00e9e, d\u2019un journaliste qui se faisait devoir de ne jamais courber la t\u00eate devant les puissants. Cet isard pyr\u00e9n\u00e9en \u00e9tait un t\u00eatu, comme il n\u2019y en pas suffisamment dans ce monde. Il a fort heureusement laiss\u00e9 sa trace dans beaucoup d\u2019endroits. Elle ne s\u2019effacera pas \u00e0 Regards. Salut l\u2019ami !<\/p>\n","protected":false},"excerpt":{"rendered":"<p>Michel Naudy, c\u2019\u00e9tait une voix, une belle voix chantante d\u2019Ari\u00e9geois, donc montagnarde et rebelle. Une parole qui disait souvent la col\u00e8re, temp\u00e9r\u00e9e par un rire qui disait l\u2019amour et l\u2019esp\u00e9rance. Michel \u00e9tait aussi une plume, brillante, ac\u00e9r\u00e9e, d\u2019un journaliste qui se faisait devoir de ne jamais courber la t\u00eate devant les puissants. Cet isard pyr\u00e9n\u00e9en \u00e9tait un t\u00eatu, comme il n\u2019y en pas suffisamment dans ce monde. Il a fort heureusement laiss\u00e9 sa trace dans beaucoup d\u2019endroits. Elle ne s\u2019effacera pas \u00e0 Regards. Salut l\u2019ami !<\/p>\n","protected":false},"author":328,"featured_media":0,"comment_status":"open","ping_status":"open","sticky":false,"template":"","format":"standard","meta":{"_themeisle_gutenberg_block_has_review":false,"footnotes":""},"categories":[141],"tags":[],"class_list":["post-5934","post","type-post","status-publish","format-standard","hentry","category-archives-web"],"_links":{"self":[{"href":"https:\/\/archives.regards.fr\/index.php?rest_route=\/wp\/v2\/posts\/5934","targetHints":{"allow":["GET"]}}],"collection":[{"href":"https:\/\/archives.regards.fr\/index.php?rest_route=\/wp\/v2\/posts"}],"about":[{"href":"https:\/\/archives.regards.fr\/index.php?rest_route=\/wp\/v2\/types\/post"}],"author":[{"embeddable":true,"href":"https:\/\/archives.regards.fr\/index.php?rest_route=\/wp\/v2\/users\/328"}],"replies":[{"embeddable":true,"href":"https:\/\/archives.regards.fr\/index.php?rest_route=%2Fwp%2Fv2%2Fcomments&post=5934"}],"version-history":[{"count":0,"href":"https:\/\/archives.regards.fr\/index.php?rest_route=\/wp\/v2\/posts\/5934\/revisions"}],"wp:attachment":[{"href":"https:\/\/archives.regards.fr\/index.php?rest_route=%2Fwp%2Fv2%2Fmedia&parent=5934"}],"wp:term":[{"taxonomy":"category","embeddable":true,"href":"https:\/\/archives.regards.fr\/index.php?rest_route=%2Fwp%2Fv2%2Fcategories&post=5934"},{"taxonomy":"post_tag","embeddable":true,"href":"https:\/\/archives.regards.fr\/index.php?rest_route=%2Fwp%2Fv2%2Ftags&post=5934"}],"curies":[{"name":"wp","href":"https:\/\/api.w.org\/{rel}","templated":true}]}}