{"id":5932,"date":"2012-12-03T17:24:53","date_gmt":"2012-12-03T16:24:53","guid":{"rendered":"https:\/\/wp.muchomaas.com\/marie-noelle-lienemann-sur-france5932\/"},"modified":"2023-06-23T23:13:02","modified_gmt":"2023-06-23T21:13:02","slug":"marie-noelle-lienemann-sur-france5932","status":"publish","type":"post","link":"https:\/\/archives.regards.fr\/?p=5932","title":{"rendered":"Marie-No\u00eblle Lienemann sur France Inter"},"content":{"rendered":"<p class=\"post_excerpt\">Ce matin sur les ondes de France Inter, la s\u00e9natrice socialiste Marie-No\u00eblle Lienemann se d\u00e9clarait &#8220;d\u00e9\u00e7ue par le gouvernement&#8221;, dans sa gestion de l&#8217;affaire ArcelorMital\/ Fleurange. &#8220;Sur ce dossier, ce sont deux gauches qui se sont affront\u00e9es. Historiquement, Ayrault et Hollande ont toujours consid\u00e9r\u00e9 qu&#8217;ils \u00e9taient d&#8217;une gauche qui devait tourner le dos \u00e0 ce qu&#8217;ils appellent la premi\u00e8re gauche, ils n&#8217;ont jamais cru aux nationalisations.&#8221; Et d&#8217;ajouter \u00e0 l&#8217;attention d&#8217;Arnaud Montebourg, &#8220;le volontarisme politique ce n&#8217;est pas dans les mots mais dans les actes qu&#8217;il doit avoir lieu.&#8221; Si c&#8217;est la premi\u00e8re gauche qu&#8217;il dit\u2026\u00c0 R\u00e9\u00e9couter ici.\n<\/p>\n<p><iframe loading=\"lazy\" src=\"http:\/\/www.franceinter.fr\/player\/export-reecouter?content=515413\" width=\"460\" frameborder=\"0\" scrolling=\"no\" height=\"139\"><\/iframe><div id='gallery-1' class='gallery galleryid-5932 gallery-columns-3 gallery-size-thumbnail'><figure class='gallery-item'>\n\t\t\t<div class='gallery-icon landscape'>\n\t\t\t\t<a href='https:\/\/archives.regards.fr\/wp-content\/uploads\/2012\/12\/mn-e1f.jpg'><img loading=\"lazy\" decoding=\"async\" width=\"150\" height=\"150\" src=\"https:\/\/archives.regards.fr\/wp-content\/uploads\/2012\/12\/mn-e1f-150x150.jpg\" class=\"attachment-thumbnail size-thumbnail\" alt=\"Marie-No\u00eblle Lienemann sur France Inter\" aria-describedby=\"gallery-1-17376\" \/><\/a>\n\t\t\t<\/div>\n\t\t\t\t<figcaption class='wp-caption-text gallery-caption' id='gallery-1-17376'>\n\t\t\t\tMarie-No\u00eblle Lienemann sur France Inter\n\t\t\t\t<\/figcaption><\/figure>\n\t\t<\/div>\n<\/p>\n","protected":false},"excerpt":{"rendered":"<p>Ce matin sur les ondes de France Inter, la s\u00e9natrice socialiste Marie-No\u00eblle Lienemann se d\u00e9clarait &#8220;d\u00e9\u00e7ue par le gouvernement&#8221;, dans sa gestion de l&#8217;affaire ArcelorMital\/ Fleurange. &#8220;Sur ce dossier, ce sont deux gauches qui se sont affront\u00e9es. Historiquement, Ayrault et Hollande ont toujours consid\u00e9r\u00e9 qu&#8217;ils \u00e9taient d&#8217;une gauche qui devait tourner le dos \u00e0 ce qu&#8217;ils appellent la premi\u00e8re gauche, ils n&#8217;ont jamais cru aux nationalisations.&#8221; Et d&#8217;ajouter \u00e0 l&#8217;attention d&#8217;Arnaud Montebourg, &#8220;le volontarisme politique ce n&#8217;est pas dans les mots mais dans les actes qu&#8217;il doit avoir lieu.&#8221; Si c&#8217;est la premi\u00e8re gauche qu&#8217;il dit\u2026\u00c0 R\u00e9\u00e9couter ici.<\/p>\n","protected":false},"author":1,"featured_media":17376,"comment_status":"open","ping_status":"open","sticky":false,"template":"","format":"standard","meta":{"_themeisle_gutenberg_block_has_review":false,"footnotes":""},"categories":[141],"tags":[],"class_list":["post-5932","post","type-post","status-publish","format-standard","has-post-thumbnail","hentry","category-archives-web"],"_links":{"self":[{"href":"https:\/\/archives.regards.fr\/index.php?rest_route=\/wp\/v2\/posts\/5932","targetHints":{"allow":["GET"]}}],"collection":[{"href":"https:\/\/archives.regards.fr\/index.php?rest_route=\/wp\/v2\/posts"}],"about":[{"href":"https:\/\/archives.regards.fr\/index.php?rest_route=\/wp\/v2\/types\/post"}],"author":[{"embeddable":true,"href":"https:\/\/archives.regards.fr\/index.php?rest_route=\/wp\/v2\/users\/1"}],"replies":[{"embeddable":true,"href":"https:\/\/archives.regards.fr\/index.php?rest_route=%2Fwp%2Fv2%2Fcomments&post=5932"}],"version-history":[{"count":0,"href":"https:\/\/archives.regards.fr\/index.php?rest_route=\/wp\/v2\/posts\/5932\/revisions"}],"wp:featuredmedia":[{"embeddable":true,"href":"https:\/\/archives.regards.fr\/index.php?rest_route=\/wp\/v2\/media\/17376"}],"wp:attachment":[{"href":"https:\/\/archives.regards.fr\/index.php?rest_route=%2Fwp%2Fv2%2Fmedia&parent=5932"}],"wp:term":[{"taxonomy":"category","embeddable":true,"href":"https:\/\/archives.regards.fr\/index.php?rest_route=%2Fwp%2Fv2%2Fcategories&post=5932"},{"taxonomy":"post_tag","embeddable":true,"href":"https:\/\/archives.regards.fr\/index.php?rest_route=%2Fwp%2Fv2%2Ftags&post=5932"}],"curies":[{"name":"wp","href":"https:\/\/api.w.org\/{rel}","templated":true}]}}