{"id":5926,"date":"2012-11-30T20:19:47","date_gmt":"2012-11-30T19:19:47","guid":{"rendered":"https:\/\/wp.muchomaas.com\/paris-villette-theatre-liquide5926\/"},"modified":"2012-11-30T20:19:47","modified_gmt":"2012-11-30T19:19:47","slug":"paris-villette-theatre-liquide5926","status":"publish","type":"post","link":"https:\/\/archives.regards.fr\/?p=5926","title":{"rendered":"Paris-Villette : th\u00e9\u00e2tre liquid\u00e9, th\u00e9\u00e2tre occup\u00e9"},"content":{"rendered":"<p>La liquidation judiciaire du Th\u00e9\u00e2tre Paris-Villette vient d\u2019\u00eatre prononc\u00e9e. Le tribunal de commerce de Paris avait repouss\u00e9 par deux fois sa d\u00e9cision, mais, jeudi 29\u00a0novembre, le couperet est tomb\u00e9. La poursuite de l\u2019activit\u00e9 est impos\u00e9e jusqu\u2019au 15\u00a0d\u00e9cembre pour accueillir le spectacle Hate Radio sur le g\u00e9nocide Rwandais financ\u00e9 pour une grande partie par le Parc et la Grande Halle de La Villette. Et ensuite\u00a0? La question reste enti\u00e8re.<\/p>\n<p>La Mairie de Paris d\u00e9pense une \u00e9nergie folle pour trouver des lieux pour accueillir les spectacles des autres compagnies programm\u00e9es pour la fin de saison. Dans cette folie, elle n\u2019entend pas que les compagnies ne souhaitent pas jouer ailleurs et pas seulement par fid\u00e9lit\u00e9 au Paris-Villette. Les spectacles ne peuvent pas, en si peu de temps, r\u00e9pondre aux exigences techniques de nouveaux lieux et la communication serait bien mise \u00e0 mal. Selon Patrick Gufflet, un seul des spectacles pourrait techniquement se tenir \u00e0 la Maison de la Po\u00e9sie. Pourquoi \u00e0 la Maison de la Po\u00e9sie, autre petit lieu parisien <em>\u00ab\u00a0parfois discret, souvent\u00a0audacieux\u00a0\u00bb<\/em>, dixit Bertrand Delano\u00eb ? Parce que le directeur s\u2019en va au d\u00e9but de l\u2019ann\u00e9e prochaine. Il n\u2019est pas remplac\u00e9 et rien n\u2019est programm\u00e9 pour la fin de saison. Au printemps prochain, si rien ne change, deux lieux de spectacles<em> \u00ab\u00a0parfois discrets, souvent audacieux\u00a0\u00bb<\/em> seront vides d\u2019artistes et de publics. Les syndicats estiment que <em>\u00abla ville de Paris donne un bien mauvais exemple \u00e0 toutes les collectivit\u00e9s territoriales, de soutien au th\u00e9\u00e2tre de cr\u00e9ation\u00bb<\/em>. Ils demandent que les salari\u00e9s du Paris-Villette soient replac\u00e9s le plus rapidement possible, que la saison soit maintenue pour \u00e9viter que les compagnies coulent et qu\u2019un appel \u00e0 candidature soit lanc\u00e9 pour permettre enfin la concertation autour du projet Paris-Villette. <\/p>\n<p>La Mairie de Paris va devoir trouver des arguments solides pour justifier un tel silence. La tribune que Bruno Julliard, Maire adjoint \u00e0 la culture, publie dans <a href=\"http:\/\/www.liberation.fr\/culture\/2012\/11\/15\/la-creation-est-vivante-a-paris_860728\"><em>Lib\u00e9ration<\/em><\/a> est une s\u00e9rie d\u2019injonctions paradoxales. <em>\u00abLa p\u00e9riode difficile que nous traversons au c\u00f4t\u00e9 des compagnies et des salari\u00e9s du Th\u00e9\u00e2tre Paris-Villette n\u2019est pas le reflet d\u2019une vision politique \u00e0 courte vue ou strictement gestionnaire \u00bb<\/em> dit-il tranquillement. Et donc\u00a0? Bruno Julliard propose qu\u2019un fonds de soutien \u00e0 la diffusion th\u00e9\u00e2trale soit cr\u00e9\u00e9. Nous pourrions trouver cette id\u00e9e int\u00e9ressante sauf qu\u2019un tel fonds existe depuis 1975. Il s\u2019appelle l\u2019Office national de diffusion artistique. Bon nombre des compagnies programm\u00e9es au Paris-Villette en b\u00e9n\u00e9ficient d\u00e9j\u00e0. Bruno Julliard ne mesure toujours pas que l\u2019on ne joue pas ainsi avec le monde de la culture sans <em><a href=\"http:\/\/www.liberation.fr\/theatre\/2012\/11\/05\/paris-villette-douze-personnalites-du-theatre-en-colere_858255\">\u00ab\u00a0assumer une\u00a0r\u00e9gression politique sans pr\u00e9c\u00e9dent\u00a0\u00bb<\/em><\/a>.<\/p>\n<p>Le comit\u00e9 de soutien du Paris-Villette monte le ton et commence \u00e0 parler d\u2019occupation. Une assembl\u00e9e g\u00e9n\u00e9rale est pr\u00e9vue vendredi 30\u00a0novembre, \u00e0 19\u00a0heures, au Paris-Villette. Depuis deux mois, la solidarit\u00e9 n\u2019a jamais cess\u00e9 de grandir et les soutiens pleuvent. Face aux r\u00e9centes annonces de baisse du budget pour 2013, le monde culturel commence s\u00e9rieusement \u00e0 remettre en question ses amiti\u00e9s politiques et \u00e0 envisager des formes de r\u00e9sistances nouvelles. Pour Fran\u00e7ois Le Pillou\u00ebr, pr\u00e9sident du syndicat des entreprises culturelles et directeur du Th\u00e9\u00e2tre national de Bretagne <a href=\"http:\/\/www.lesinrocks.com\/2012\/11\/27\/arts-scenes\/scenes\/entretien-francois-le-pillouer-president-du-syndeac-syndicat-national-des-entreprises-artistiques-et-culturelles-11326758\"><em>\u00ab\u00a0la culture est massacr\u00e9e de mani\u00e8re symbolique et id\u00e9ologique\u00a0\u00bb<\/em><\/a> et le dialogue est rompu avec l\u2019Etat.<br \/>\nLorsque le milieu de la culture d\u00e9cide collectivement de se mettre en mouvement, la lutte est joyeuse, extr\u00eamement humaine, marquante. Parce que le milieu culturel est, par essence, producteur de biens symboliques, la r\u00e9sistance laisse des traces profondes. Que va d\u00e9clencher la lutte pour la survie du Paris-Villette\u00a0? \u00c0 suivre\u2026<\/p>\n","protected":false},"excerpt":{"rendered":"<p>La liquidation judiciaire du Th\u00e9\u00e2tre Paris-Villette vient d\u2019\u00eatre prononc\u00e9e. Le tribunal de commerce de Paris avait repouss\u00e9 par deux fois sa d\u00e9cision, mais, jeudi 29\u00a0novembre, le couperet est tomb\u00e9. La poursuite de l\u2019activit\u00e9 est impos\u00e9e jusqu\u2019au 15\u00a0d\u00e9cembre pour accueillir le spectacle Hate Radio sur le g\u00e9nocide Rwandais financ\u00e9 pour une grande partie par le Parc [&hellip;]<\/p>\n","protected":false},"author":1,"featured_media":0,"comment_status":"open","ping_status":"open","sticky":false,"template":"","format":"standard","meta":{"_themeisle_gutenberg_block_has_review":false,"footnotes":""},"categories":[141],"tags":[291],"class_list":["post-5926","post","type-post","status-publish","format-standard","hentry","category-archives-web","tag-analyse"],"_links":{"self":[{"href":"https:\/\/archives.regards.fr\/index.php?rest_route=\/wp\/v2\/posts\/5926","targetHints":{"allow":["GET"]}}],"collection":[{"href":"https:\/\/archives.regards.fr\/index.php?rest_route=\/wp\/v2\/posts"}],"about":[{"href":"https:\/\/archives.regards.fr\/index.php?rest_route=\/wp\/v2\/types\/post"}],"author":[{"embeddable":true,"href":"https:\/\/archives.regards.fr\/index.php?rest_route=\/wp\/v2\/users\/1"}],"replies":[{"embeddable":true,"href":"https:\/\/archives.regards.fr\/index.php?rest_route=%2Fwp%2Fv2%2Fcomments&post=5926"}],"version-history":[{"count":0,"href":"https:\/\/archives.regards.fr\/index.php?rest_route=\/wp\/v2\/posts\/5926\/revisions"}],"wp:attachment":[{"href":"https:\/\/archives.regards.fr\/index.php?rest_route=%2Fwp%2Fv2%2Fmedia&parent=5926"}],"wp:term":[{"taxonomy":"category","embeddable":true,"href":"https:\/\/archives.regards.fr\/index.php?rest_route=%2Fwp%2Fv2%2Fcategories&post=5926"},{"taxonomy":"post_tag","embeddable":true,"href":"https:\/\/archives.regards.fr\/index.php?rest_route=%2Fwp%2Fv2%2Ftags&post=5926"}],"curies":[{"name":"wp","href":"https:\/\/api.w.org\/{rel}","templated":true}]}}