{"id":5915,"date":"2012-11-28T14:20:08","date_gmt":"2012-11-28T13:20:08","guid":{"rendered":"https:\/\/wp.muchomaas.com\/grece-impossible-creance5915\/"},"modified":"2012-11-28T14:20:08","modified_gmt":"2012-11-28T13:20:08","slug":"grece-impossible-creance5915","status":"publish","type":"post","link":"https:\/\/archives.regards.fr\/?p=5915","title":{"rendered":"Gr\u00e8ce\u00a0: impossible cr\u00e9ance"},"content":{"rendered":"<p class=\"post_excerpt\">Un nouvel accord est intervenu cette nuit entre la Gr\u00e8ce et la Tro\u00efka sur le report d&#8217;une \u00e9ch\u00e9ance. Alors que le premier ministre grec se montre optimiste, tout indique au contraire que cette dette est, non seulement insupportable pour le peuple grec, mais de plus en plus irr\u00e9couvrable.<\/p>\n<p>Ce matin \u00e0 trois heures, Antonis Samara, le premier ministre grec d\u00e9clarait : <em>\u00ab Tout s\u2019est bien pass\u00e9, demain, commence un nouveau jour pour tous les Grecs \u00bb<\/em>. D\u00e8s le 13 d\u00e9cembre, la Gr\u00e8ce va recevoir de la Tro\u00efka 34 milliards d&#8217;euros de la tranche de 44 milliards qui \u00e9taient promis initialement. Voil\u00e0 neuf mois que tout le monde savait qu&#8217;il serait impossible d&#8217;atteindre un endettement de 120% du PIB \u00e0 l&#8217;horizon de 2020 et qu&#8217;il fallait repousser de deux ans cette \u00e9ch\u00e9ance. Sauf que reporter cette \u00e9ch\u00e9ance signifiait des co\u00fbts suppl\u00e9mentaires en termes d&#8217;int\u00e9r\u00eats de l&#8217;ordre de 20 milliards d&#8217;euros avec comme question \u00e0 la cl\u00e9\u00a0: o\u00f9 trouver une telle somme dans un plan de financement d\u00e9j\u00e0 bien tendu\u00a0?<\/p>\n<p>La r\u00e9ponse est venue cette nuit d&#8217;un accord \u00ab\u00a0patchwork\u00a0\u00bb dans lequel les cr\u00e9anciers publics ont fait des concessions sans donner l&#8217;impression de c\u00e9der sur l&#8217;essentiel, \u00e0 savoir la cr\u00e9dibilit\u00e9 de leurs cr\u00e9ances. Abaissement de 1% de taux sur le premier plan de sauvetage\u00a0; le FESF r\u00e9duit de 0,1% ses commissions sur les pr\u00eats\u00a0; maturit\u00e9 des pr\u00eats bilat\u00e9raux et du FESF prolong\u00e9e de 15 ans\u00a0; aucun int\u00e9r\u00eat pay\u00e9 pendant 10 ans sur les pr\u00eats du FESF\u00a0; la BCE reversera \u00e0 la Gr\u00e8ce ses profits r\u00e9alis\u00e9s sur les obligations grecques \u00e0 partir de 2013. <\/p>\n<p>Pendant ce temps, la Gr\u00e8ce tentera de racheter les 62 milliards d&#8217;obligations grecques encore cot\u00e9es sur les march\u00e9s et d\u00e9tenues par des agents priv\u00e9s de fa\u00e7on \u00e0 r\u00e9duire son endettement nominal. Mais est-ce que cela sera possible\u00a0? Beaucoup de commentateurs restent perplexes sur une telle option. Si une obligation cote 30% de sa valeur, il n&#8217;en reste pas moins vrai que l&#8217;Etat devra rembourser \u00e0 100% \u00e0 son \u00e9ch\u00e9ance&#8230; sauf si l&#8217;Etat a la possibilit\u00e9 de la racheter sur le march\u00e9, faisant ainsi dispara\u00eetre de son endettement 70% de sa valeur. Si l&#8217;Etat rach\u00e8te massivement sur le march\u00e9, cela fera alors remonter le cours de l&#8217;obligation ce qui diminuera l&#8217;int\u00e9r\u00eat de l&#8217;op\u00e9ration&#8230; \u00e0 moins d&#8217;un accord global sur une valeur sup\u00e9rieure. A suivre&#8230;<\/p>\n<p>Si Antonis Samaras semble triompher, il convient de rappeler que cet accord a \u00e9t\u00e9 obtenu suite au vote du Parlement grec, dans la nuit du 7 au 8 novembre, d&#8217;un nouveau programme d&#8217;aust\u00e9rit\u00e9 de 18 milliards d&#8217;euros d&#8217;\u00e9conomies jusqu&#8217;en 2016\u00a0: baisse des salaires des employ\u00e9s publics, recul du d\u00e9part \u00e0 la retraite de 65 \u00e0 67ans, nouvelles coupes dans les retraites des fonctionnaires (jusqu\u2019\u00e0 15% pour les pensions sup\u00e9rieures \u00e0 2\u00a0000 euros)&#8230; le tout dans un projet de loi unique de 400 pages\u00a0! <\/p>\n<p>Pendant ce temps, la majorit\u00e9 pro-aust\u00e9rit\u00e9 se disloque au Parlement comme dans les sondages. Le Pasok vient d\u2019expulser de son groupe parlementaire 6 des 33 d\u00e9put\u00e9s sociaux-d\u00e9mocrates qui ont vot\u00e9 contre les nouvelles mesures d\u2019aust\u00e9rit\u00e9. Un septi\u00e8me \u00e9lu, Mimis Androulakis, a donn\u00e9 sa d\u00e9mission dans la foul\u00e9e, r\u00e9duisant la majorit\u00e9 parlementaire \u00e0 18 si\u00e8ges. Un r\u00e9cent sondage sorti lundi 26 novembre donne Syriza comme premier parti du pays avec 26% des intentions de vote, laNouvelle D\u00e9mocratie avec 21,5% en baisse de 8,1%. Le parti n\u00e9o-nazi, Aube dor\u00e9e, s&#8217;inscrit h\u00e9las  dans la dur\u00e9e et appara\u00eet comme le troisi\u00e8me parti avec 13,5%. La coalition au pouvoir appara\u00eet comme de plus en plus ill\u00e9gitime. Syriza appelle d\u00e8s aujourd&#8217;hui \u00e0 de nouvelles \u00e9lections pour amener au pouvoir un <em>\u00ab\u00a0gouvernement de salut social pour sauver le pays de la destruction et du chaos\u00a0\u00bb<\/em>. Contrairement \u00e0 ce qui est annonc\u00e9 aujourd&#8217;hui dans les m\u00e9dias, cette dette grecque est non seulement insupportable pour le peuple mais sera aussi politiquement irr\u00e9couvrable.<\/p>\n","protected":false},"excerpt":{"rendered":"<p>Un nouvel accord est intervenu cette nuit entre la Gr\u00e8ce et la Tro\u00efka sur le report d&#8217;une \u00e9ch\u00e9ance. Alors que le premier ministre grec se montre optimiste, tout indique au contraire que cette dette est, non seulement insupportable pour le peuple grec, mais de plus en plus irr\u00e9couvrable.<\/p>\n","protected":false},"author":672,"featured_media":0,"comment_status":"open","ping_status":"open","sticky":false,"template":"","format":"standard","meta":{"_themeisle_gutenberg_block_has_review":false,"footnotes":""},"categories":[157],"tags":[420],"class_list":["post-5915","post","type-post","status-publish","format-standard","hentry","category-web","tag-grece"],"_links":{"self":[{"href":"https:\/\/archives.regards.fr\/index.php?rest_route=\/wp\/v2\/posts\/5915","targetHints":{"allow":["GET"]}}],"collection":[{"href":"https:\/\/archives.regards.fr\/index.php?rest_route=\/wp\/v2\/posts"}],"about":[{"href":"https:\/\/archives.regards.fr\/index.php?rest_route=\/wp\/v2\/types\/post"}],"author":[{"embeddable":true,"href":"https:\/\/archives.regards.fr\/index.php?rest_route=\/wp\/v2\/users\/672"}],"replies":[{"embeddable":true,"href":"https:\/\/archives.regards.fr\/index.php?rest_route=%2Fwp%2Fv2%2Fcomments&post=5915"}],"version-history":[{"count":0,"href":"https:\/\/archives.regards.fr\/index.php?rest_route=\/wp\/v2\/posts\/5915\/revisions"}],"wp:attachment":[{"href":"https:\/\/archives.regards.fr\/index.php?rest_route=%2Fwp%2Fv2%2Fmedia&parent=5915"}],"wp:term":[{"taxonomy":"category","embeddable":true,"href":"https:\/\/archives.regards.fr\/index.php?rest_route=%2Fwp%2Fv2%2Fcategories&post=5915"},{"taxonomy":"post_tag","embeddable":true,"href":"https:\/\/archives.regards.fr\/index.php?rest_route=%2Fwp%2Fv2%2Ftags&post=5915"}],"curies":[{"name":"wp","href":"https:\/\/api.w.org\/{rel}","templated":true}]}}