{"id":5908,"date":"2012-11-28T12:30:39","date_gmt":"2012-11-28T11:30:39","guid":{"rendered":"https:\/\/wp.muchomaas.com\/restos-du-coeur-et-l-etat-dans5908\/"},"modified":"2023-06-23T23:12:57","modified_gmt":"2023-06-23T21:12:57","slug":"restos-du-coeur-et-l-etat-dans5908","status":"publish","type":"post","link":"https:\/\/archives.regards.fr\/?p=5908","title":{"rendered":"Restos du Coeur : et l&#8217;Etat dans tout \u00e7a ?"},"content":{"rendered":"<p class=\"post_excerpt\">Toutes les semaines, Cl\u00e9mentine Autain, directrice de Regards participe au d\u00e9bat Yahoo anim\u00e9 par Christophe Hondelatte, face \u00e0 Elisabeth L\u00e9vy. Emission du 27 novembre.<\/p>\n<p><strong>Restos du Coeur : et l&#8217;Etat dans tout \u00e7a ?<\/strong><br \/>\n<iframe loading=\"lazy\" width=\"460\" height=\"260\" scrolling=\"no\" frameborder=\"0\" src=\"http:\/\/fr.news.yahoo.com\/video\/restos-du-coeur-et-letat-090002200.html?format=embed\"><\/iframe><br clear=\"all\"><\/p>\n<p><strong>Et aussi :<\/strong><\/p>\n<ul>\n<li> &#8211; <a href=\"http:\/\/fr.news.yahoo.com\/video\/ump-la-politique-se-r\u00e9sume-084601605.html\">UMP : la politique se r\u00e9sume-t-elle \u00e0 une guerre d&#8217;\u00e9go ?<\/a><\/li>\n<li> &#8211; <a href=\"http:\/\/fr.news.yahoo.com\/video\/la-catalogne-ind\u00e9pendante-bonne-nouvelle-085002744.html\">La catalogne ind\u00e9pendante : bonne nouvelle ?<\/a><br clear=\"all\"><\/li>\n<\/ul>\n<div id='gallery-1' class='gallery galleryid-5908 gallery-columns-3 gallery-size-thumbnail'><figure class='gallery-item'>\n\t\t\t<div class='gallery-icon landscape'>\n\t\t\t\t<a href='https:\/\/archives.regards.fr\/wp-content\/uploads\/2012\/11\/yahoo-3-327.jpg'><img loading=\"lazy\" decoding=\"async\" width=\"150\" height=\"150\" src=\"https:\/\/archives.regards.fr\/wp-content\/uploads\/2012\/11\/yahoo-3-327-150x150.jpg\" class=\"attachment-thumbnail size-thumbnail\" alt=\"yahoo-3.jpg\" \/><\/a>\n\t\t\t<\/div><\/figure>\n\t\t<\/div>\n\n","protected":false},"excerpt":{"rendered":"<p>Toutes les semaines, Cl\u00e9mentine Autain, directrice de Regards participe au d\u00e9bat Yahoo anim\u00e9 par Christophe Hondelatte, face \u00e0 Elisabeth L\u00e9vy. Emission du 27 novembre.<\/p>\n","protected":false},"author":643,"featured_media":17335,"comment_status":"open","ping_status":"open","sticky":false,"template":"","format":"standard","meta":{"_themeisle_gutenberg_block_has_review":false,"footnotes":""},"categories":[156],"tags":[],"class_list":["post-5908","post","type-post","status-publish","format-standard","has-post-thumbnail","hentry","category-debat-yahoo"],"_links":{"self":[{"href":"https:\/\/archives.regards.fr\/index.php?rest_route=\/wp\/v2\/posts\/5908","targetHints":{"allow":["GET"]}}],"collection":[{"href":"https:\/\/archives.regards.fr\/index.php?rest_route=\/wp\/v2\/posts"}],"about":[{"href":"https:\/\/archives.regards.fr\/index.php?rest_route=\/wp\/v2\/types\/post"}],"author":[{"embeddable":true,"href":"https:\/\/archives.regards.fr\/index.php?rest_route=\/wp\/v2\/users\/643"}],"replies":[{"embeddable":true,"href":"https:\/\/archives.regards.fr\/index.php?rest_route=%2Fwp%2Fv2%2Fcomments&post=5908"}],"version-history":[{"count":0,"href":"https:\/\/archives.regards.fr\/index.php?rest_route=\/wp\/v2\/posts\/5908\/revisions"}],"wp:featuredmedia":[{"embeddable":true,"href":"https:\/\/archives.regards.fr\/index.php?rest_route=\/wp\/v2\/media\/17335"}],"wp:attachment":[{"href":"https:\/\/archives.regards.fr\/index.php?rest_route=%2Fwp%2Fv2%2Fmedia&parent=5908"}],"wp:term":[{"taxonomy":"category","embeddable":true,"href":"https:\/\/archives.regards.fr\/index.php?rest_route=%2Fwp%2Fv2%2Fcategories&post=5908"},{"taxonomy":"post_tag","embeddable":true,"href":"https:\/\/archives.regards.fr\/index.php?rest_route=%2Fwp%2Fv2%2Ftags&post=5908"}],"curies":[{"name":"wp","href":"https:\/\/api.w.org\/{rel}","templated":true}]}}