{"id":5899,"date":"2012-11-25T20:17:16","date_gmt":"2012-11-25T19:17:16","guid":{"rendered":"https:\/\/wp.muchomaas.com\/les-ecolos-tiennent-a-leurs5899\/"},"modified":"2012-11-25T20:17:16","modified_gmt":"2012-11-25T19:17:16","slug":"les-ecolos-tiennent-a-leurs5899","status":"publish","type":"post","link":"https:\/\/archives.regards.fr\/?p=5899","title":{"rendered":"Les \u00e9colos tiennent \u00e0 leurs ministres\u00a0!"},"content":{"rendered":"<p class=\"post_excerpt\">Si les divergences sont nombreuses avec la politique men\u00e9e par Jean-Marc Ayrault et Fran\u00e7ois Hollande, Europe-\u00c9cologie-Les-Verts ne remet pas en cause dans l\u2019imm\u00e9diat la participation de ses ministres au gouvernement.<\/p>\n<p>Alors que le conflit \u00e0 Notre-Dame-Des-Landes ne cesse de s\u2019amplifier, les \u00e9cologistes continuent de croire que leur strat\u00e9gie des \u00ab\u00a0deux jambes\u00a0\u00bb \u2013 \u00e0 la fois leur participation au gouvernement et leur mobilisation sur le terrain \u2013 se justifie encore. Au sein de la formation \u00e9colo, l\u2019id\u00e9e m\u00eame d\u2019une \u00e9ventuelle sortie du gouvernement n\u2019est pas d\u2019actualit\u00e9, malgr\u00e9 un certain malaise. Ainsi, lors du dernier conseil f\u00e9d\u00e9ral d\u2019Europe-\u00c9cologie-Les-Verts qui se tenait le 17 novembre \u00e0 Bobigny (93), peu de critiques ont fus\u00e9. M\u00eame \u00e0 la gauche du parti \u2013 traditionnellement r\u00e9tive aux participations de ce type \u2013, on estime qu\u2019apr\u00e8s cinq mois d\u2019exp\u00e9rience gouvernementale, l\u2019heure des bilans n\u2019est pas venue.<\/p>\n<p><em>\u00ab Nous ne sommes pas encore dans cette situation. Il n\u2019y a pas d\u2019\u00e9l\u00e9ments majeurs de conflits,<\/em> estime Gilles Lemaire, secr\u00e9taire national des Verts entre 2003 et 2005.<em>\u00a0Bien s\u00fbr, la participation gouvernementale cr\u00e9e des contradictions, mais nous ne perdons pas le lien avec les \u00e9colos de terrain. Et nos ministres, tant Pascal [Canfin] que C\u00e9cile [Duflot], font avancer leurs dossiers dans le bon sens, m\u00eame si les victoires sont minimes\u00a0\u00bb.<\/em> <\/p>\n<p>Pour Gilles Lemaire, les discussions men\u00e9es pr\u00e9alablement avec le PS expliquent en grande partie le malaise actuel\u00a0: <em>\u00ab\u00a0Nous aurions d\u00fb pousser beaucoup plus la discussion programmatique avant la d\u00e9signation du candidat socialiste. La direction, et notamment Jean-Vincent Plac\u00e9, sont des politiciens avant tout. Ils voulaient \u00e0 tout prix gagner des places, constituer un groupe parlementaire, pour faire avancer les choses. Mais la fa\u00e7on de gagner des places a des cons\u00e9quences sur les moyens de se battre\u00a0\u00bb.<\/em> Et cette participation au gouvernement n\u2019avait pas suscit\u00e9 particuli\u00e8rement de d\u00e9bat \u00e0 l\u2019\u00e9poque.<\/p>\n<p>\u00c9voquant un souci <em>\u00ab\u00a0d\u2019efficacit\u00e9\u00a0\u00bb<\/em>, Gilles Lemaire compte aujourd\u2019hui sur le minist\u00e8re de la parole\u00a0: <em>\u00ab\u00a0Maintenant qu\u2019on est au gouvernement, ce qui m\u2019importe, c\u2019est une parole et des actes. Il faut qu\u2019on dise nos d\u00e9saccords, qu\u2019on parle tr\u00e8s fort, et refuser toute museli\u00e8re. En dehors de nos ministres, il est n\u00e9cessaire que nos parlementaires s\u2019expriment\u00a0\u00bb<\/em>. \u00c0 charge pour Fran\u00e7ois Hollande et Jean-Marc Ayrault de mettre les limites\u2026 Car c\u00f4t\u00e9 d\u2019EELV, on ne compte faire le bilan de l\u2019exp\u00e9rience gouvernementale qu\u2019\u00e0 l\u2019automne prochain, lors d\u2019une conf\u00e9rence annuelle avec les syndicats et le mouvement associatif. <\/p>\n<p>Le d\u00e9put\u00e9 Sergio Coronado, ancien directeur de communication d\u2019Eva Joly durant sa campagne, reconna\u00eet toutefois que <em>\u00ab\u00a0les gens ont l\u2019impression d\u2019\u00eatre flou\u00e9s. L\u2019accord de d\u00e9part qui actait plus de points de divergences que de convergences se retourne finalement contre les \u00e9colos\u00a0\u00bb<\/em>. Mais pour lui, le d\u00e9bat actuel ne porte <em>\u00ab\u00a0pas tant sur la participation au gouvernement que sur la bataille qu\u2019on m\u00e8ne. Car la participation gouvernementale doit \u00eatre un combat, alors que les socialistes sont aujourd\u2019hui peu sensibles aux pr\u00e9occupations environnementales. Mais pour cela, il est n\u00e9cessaire d\u2019acter clairement une strat\u00e9gie\u00a0et de trouver les moyens qui ne ressemblent pas \u00e0 une capitulation en rase campagne\u00a0\u00bb.<\/em> Souci suppl\u00e9mentaire pour Sergio Coronado\u00a0: le gouvernement n\u2019associe pas toujours le PS \u00e0 la d\u00e9finition de ses politiques. Alors les \u00e9colos\u2026 Finalement, \u00e0 EELV, la participation gouvernementale, c\u2019est un peu work in progress, car comme le souligne le d\u00e9put\u00e9, <em>\u00ab\u00a0on ne se casse pas d\u2019un gouverment au bout de cinq mois\u00a0\u00bb<\/em>.<\/p>\n<p>Lire aussi <a href=\"http:\/\/www.lemonde.fr\/idees\/article\/2012\/11\/23\/quitter-le-gouvernement_1795217_3232.html\"><em>Quitter le gouvernement ?<\/em><\/a> par No\u00ebl Mam\u00e8re, d\u00e9put\u00e9 \u00e9cologiste, <em>Le Monde<\/em>.<\/p>\n","protected":false},"excerpt":{"rendered":"<p>Si les divergences sont nombreuses avec la politique men\u00e9e par Jean-Marc Ayrault et Fran\u00e7ois Hollande, Europe-\u00c9cologie-Les-Verts ne remet pas en cause dans l\u2019imm\u00e9diat la participation de ses ministres au gouvernement.<\/p>\n","protected":false},"author":1,"featured_media":0,"comment_status":"open","ping_status":"open","sticky":false,"template":"","format":"standard","meta":{"_themeisle_gutenberg_block_has_review":false,"footnotes":""},"categories":[157],"tags":[291],"class_list":["post-5899","post","type-post","status-publish","format-standard","hentry","category-web","tag-analyse"],"_links":{"self":[{"href":"https:\/\/archives.regards.fr\/index.php?rest_route=\/wp\/v2\/posts\/5899","targetHints":{"allow":["GET"]}}],"collection":[{"href":"https:\/\/archives.regards.fr\/index.php?rest_route=\/wp\/v2\/posts"}],"about":[{"href":"https:\/\/archives.regards.fr\/index.php?rest_route=\/wp\/v2\/types\/post"}],"author":[{"embeddable":true,"href":"https:\/\/archives.regards.fr\/index.php?rest_route=\/wp\/v2\/users\/1"}],"replies":[{"embeddable":true,"href":"https:\/\/archives.regards.fr\/index.php?rest_route=%2Fwp%2Fv2%2Fcomments&post=5899"}],"version-history":[{"count":0,"href":"https:\/\/archives.regards.fr\/index.php?rest_route=\/wp\/v2\/posts\/5899\/revisions"}],"wp:attachment":[{"href":"https:\/\/archives.regards.fr\/index.php?rest_route=%2Fwp%2Fv2%2Fmedia&parent=5899"}],"wp:term":[{"taxonomy":"category","embeddable":true,"href":"https:\/\/archives.regards.fr\/index.php?rest_route=%2Fwp%2Fv2%2Fcategories&post=5899"},{"taxonomy":"post_tag","embeddable":true,"href":"https:\/\/archives.regards.fr\/index.php?rest_route=%2Fwp%2Fv2%2Ftags&post=5899"}],"curies":[{"name":"wp","href":"https:\/\/api.w.org\/{rel}","templated":true}]}}