{"id":5876,"date":"2012-11-07T19:30:00","date_gmt":"2012-11-07T18:30:00","guid":{"rendered":"https:\/\/wp.muchomaas.com\/rien-ne-serait-pire-qu-un-ps-qui-s5876\/"},"modified":"2012-11-07T19:30:00","modified_gmt":"2012-11-07T18:30:00","slug":"rien-ne-serait-pire-qu-un-ps-qui-s5876","status":"publish","type":"post","link":"https:\/\/archives.regards.fr\/?p=5876","title":{"rendered":"\u00ab Rien ne serait pire qu\u2019un PS qui s\u2019atrophie\u202f \u00bb. Entretien avec Emmanuel Maurel"},"content":{"rendered":"<p class=\"post_excerpt\">Au lendemain du vote des militants pour d\u00e9signer<br \/>\nle leader socialiste, Emmanuel Maurel, candidat de l\u2019aile<br \/>\ngauche, qui a r\u00e9alis\u00e9 le score historique de 28 % face<br \/>\n\u00e0 Harlem D\u00e9sir, r\u00e9pond aux questions de Regards.<\/p>\n<p><strong>Regards.fr.<\/strong><em> <strong> Votre r\u00e9sultat a-t-il \u00e9t\u00e9<br \/>\nune surprise ?<\/strong> <\/em><\/p>\n<p><strong>Emmanuel Maurel. <\/strong> Oui c\u2019est une surprise,<br \/>\nc\u2019est m\u00eame une bonne surprise. Une tr\u00e8s<br \/>\nbonne nouvelle. C\u2019est surtout tr\u00e8s encourageant.<br \/>\nNotre r\u00e9sultat est historique et il<br \/>\ns\u2019inscrit dans la dynamique de la p\u00e9riode<br \/>\npr\u00e9congr\u00e8s, avec le net succ\u00e8s de la<br \/>\nmotion 3 que l\u2019on conna\u00eet. Les militants<br \/>\nsocialistes aspirent tr\u00e8s largement au renouveau<br \/>\net au changement des pratiques<br \/>\npolitiques. Ils veulent un Parti socialiste<br \/>\nancr\u00e9 \u00e0 gauche qui assume ses valeurs<br \/>\net ses combats et qui d\u00e9fende notamment<br \/>\nune vraie grande r\u00e9forme en faveur<br \/>\ndu monde du travail.<\/p>\n<p><em> <strong>La conjoncture a-t-elle favoris\u00e9 ce<br \/>\nr\u00e9sultat selon vous ?<\/strong> <\/em><\/p>\n<p>Le contexte \u00e9conomique n\u2019est pas favorable<br \/>\naux Fran\u00e7ais. C\u2019est pour \u00e7a qu\u2019ils<br \/>\naspirent au changement. Les questions<br \/>\ndu pouvoir d\u2019achat et de lutte contre le<br \/>\nch\u00f4mage sont au coeur des pr\u00e9occupations<br \/>\ndu plus grand nombre. Ce que nous disons<br \/>\naujourd\u2019hui c\u2019est qu\u2019il y a une alternative<br \/>\n\u00e0 la rigueur. Nous pouvons \u00e9chapper<br \/>\naux politiques d\u2019aust\u00e9rit\u00e9. Je crois<br \/>\nque notre analyse et nos arguments ont<br \/>\nconvaincu beaucoup de nos amis socialistes<br \/>\net en effet, nous avons \u00e9t\u00e9 tr\u00e8s largement<br \/>\nrejoints sur cette ligne-l\u00e0.<\/p>\n<p><em> <strong>Ce n\u2019est pourtant ni la ligne du PS<br \/>\nni celle du gouvernement\u2026<\/strong> <\/em><\/p>\n<p>Je crois que la majorit\u00e9 des militants<br \/>\nest d\u2019accord avec notre analyse. Nous<br \/>\navons encore trois ans pour convaincre<br \/>\nplus largement. Un exemple : la limitation<br \/>\ndu d\u00e9ficit public \u00e0 3 % du PIB. Nous<br \/>\n\u00e9tions les seuls \u00e0 nous \u00e9lever contre<br \/>\ncet objectif. Aujourd\u2019hui, nombreux sont<br \/>\nceux, bien au-del\u00e0 de la motion 3, \u00e0 dire<br \/>\nque l\u2019objectif n\u2019est pas souhaitable, voire<br \/>\nqu\u2019il est \u00ab absurde \u00bb (ndlr. rapport aux<br \/>\npropos de J\u00e9r\u00f4me Cahuzac, ministre du<br \/>\nBudget). Il faut une r\u00e9elle politique de relance,<br \/>\nen faveur du pouvoir d\u2019achat et de l\u2019investissement productif. Il faut aussi<br \/>\nune politique industrielle forte pour stopper<br \/>\nl\u2019h\u00e9morragie sociale et stopper les<br \/>\nd\u00e9localisations. Je veux une France avec<br \/>\ndes usines et des ouvriers. Mais des<br \/>\nouvriers bien pay\u00e9s.<\/p>\n<p><em> <strong>Comment allez-vous peser sur la<br \/>\npolitique du gouvernement ?<\/strong> <\/em><\/p>\n<p>Nous sommes solidaires du gouvernement<br \/>\nmais je plaide pour un parti autonome.<br \/>\nAvec son propre rythme. Le PS<br \/>\nne peut pas d\u00e9pendre de l\u2019agenda du<br \/>\ngouvernement. Le PS doit \u00eatre un parti<br \/>\nlibre de faire des propositions nouvelles.<br \/>\nIl doit jouer un r\u00f4le d\u2019alerte. Je regrette<br \/>\nl\u2019\u00e9pisode des pigeons. On a laiss\u00e9 un<br \/>\ngroupe de millionnaires faire pression<br \/>\nsur le gouvernement qui a tr\u00e8s vite<br \/>\nc\u00e9d\u00e9. Le PS n\u2019a rien dit. La r\u00e9forme fiscale<br \/>\nque nous avons d\u00e9fendue pendant<br \/>\nla campagne pr\u00e9sidentielle est pourtant<br \/>\njuste et n\u00e9cessaire. Le PS doit se remobiliser.<br \/>\nRien ne serait pire qu\u2019un PS<br \/>\nqui s\u2019atrophie.<\/p>\n<p><em> <strong>Comment remobiliser le PS ?<\/strong> <\/em><\/p>\n<p>Je vais proposer dans les semaines \u00e0<br \/>\nvenir trois grandes campagnes de mobilisation<br \/>\npopulaire. D\u2019abord pour interdire<br \/>\nles licenciements boursiers, puis<br \/>\npour l\u2019\u00e9galit\u00e9 salariale entre hommes<br \/>\net femmes et enfin pour le droit de vote<br \/>\ndes \u00e9trangers. \u00c7a fait trente ans qu\u2019on<br \/>\nen parle, il est temps d\u2019agir. Le r\u00f4le d\u2019un<br \/>\nparti c\u2019est aussi de faire de la sensibilisation<br \/>\net de la p\u00e9dagogie. Par ailleurs,<br \/>\nje souhaite que le PS continue \u00e0 \u00eatre<br \/>\npr\u00e9sent dans les luttes et dans le combat<br \/>\nsocial. Je ne perds pas de vue non<br \/>\nplus mon plein engagement contre la<br \/>\ndroite et l\u2019extr\u00eame droite. Enfin, il nous<br \/>\nfaut aussi pr\u00e9parer sereinement les prochaines<br \/>\n\u00e9ch\u00e9ances \u00e9lectorales.<\/p>\n","protected":false},"excerpt":{"rendered":"<p>Au lendemain du vote des militants pour d\u00e9signer<br \/>\nle leader socialiste, Emmanuel Maurel, candidat de l\u2019aile<br \/>\ngauche, qui a r\u00e9alis\u00e9 le score historique de 28 % face<br \/>\n\u00e0 Harlem D\u00e9sir, r\u00e9pond aux questions de Regards.<\/p>\n","protected":false},"author":1039,"featured_media":0,"comment_status":"open","ping_status":"open","sticky":false,"template":"","format":"standard","meta":{"_themeisle_gutenberg_block_has_review":false,"footnotes":""},"categories":[1],"tags":[293],"class_list":["post-5876","post","type-post","status-publish","format-standard","hentry","category-non-classe","tag-entretien"],"_links":{"self":[{"href":"https:\/\/archives.regards.fr\/index.php?rest_route=\/wp\/v2\/posts\/5876","targetHints":{"allow":["GET"]}}],"collection":[{"href":"https:\/\/archives.regards.fr\/index.php?rest_route=\/wp\/v2\/posts"}],"about":[{"href":"https:\/\/archives.regards.fr\/index.php?rest_route=\/wp\/v2\/types\/post"}],"author":[{"embeddable":true,"href":"https:\/\/archives.regards.fr\/index.php?rest_route=\/wp\/v2\/users\/1039"}],"replies":[{"embeddable":true,"href":"https:\/\/archives.regards.fr\/index.php?rest_route=%2Fwp%2Fv2%2Fcomments&post=5876"}],"version-history":[{"count":0,"href":"https:\/\/archives.regards.fr\/index.php?rest_route=\/wp\/v2\/posts\/5876\/revisions"}],"wp:attachment":[{"href":"https:\/\/archives.regards.fr\/index.php?rest_route=%2Fwp%2Fv2%2Fmedia&parent=5876"}],"wp:term":[{"taxonomy":"category","embeddable":true,"href":"https:\/\/archives.regards.fr\/index.php?rest_route=%2Fwp%2Fv2%2Fcategories&post=5876"},{"taxonomy":"post_tag","embeddable":true,"href":"https:\/\/archives.regards.fr\/index.php?rest_route=%2Fwp%2Fv2%2Ftags&post=5876"}],"curies":[{"name":"wp","href":"https:\/\/api.w.org\/{rel}","templated":true}]}}