{"id":5871,"date":"2012-11-07T20:00:00","date_gmt":"2012-11-07T19:00:00","guid":{"rendered":"https:\/\/wp.muchomaas.com\/on-ne-gagne-pas-en-capitulant5871\/"},"modified":"2012-11-07T20:00:00","modified_gmt":"2012-11-07T19:00:00","slug":"on-ne-gagne-pas-en-capitulant5871","status":"publish","type":"post","link":"https:\/\/archives.regards.fr\/?p=5871","title":{"rendered":"On ne gagne pas\u2026 en capitulant"},"content":{"rendered":"<p>En janvier 1956, le secr\u00e9taire g\u00e9n\u00e9ral du Parti socialiste SFIO, Guy<br \/>\nMollet, est d\u00e9sign\u00e9 comme pr\u00e9sident du Conseil, \u00e0 l\u2019issue d\u2019\u00e9lections<br \/>\nmen\u00e9es sous le signe du Front r\u00e9publicain, une alternative au \u00ab nouveau<br \/>\nFront populaire \u00bb que r\u00e9clamaient alors les communistes de Maurice<br \/>\nThorez. Au coeur de la campagne \u00e9lectorale des socialistes, figurait<br \/>\nla paix en Alg\u00e9rie.<\/p>\n<p>Quand il compose son gouvernement, Guy Mollet place au poste de<br \/>\nministre r\u00e9sident en Alg\u00e9rie un homme r\u00e9put\u00e9 progressiste et favorable<br \/>\n\u00e0 une solution n\u00e9goci\u00e9e, le g\u00e9n\u00e9ral Catroux. Le 6 f\u00e9vrier, le chef du<br \/>\ngouvernement se d\u00e9place Alg\u00e9rie pour confirmer la ligne qu\u2019il a d\u00e9finie<br \/>\ndans son discours d\u2019investiture : <em>\u00ab Cessez-le-feu, \u00e9lections, n\u00e9gociations.<br \/>\n\u00bb<\/em> La r\u00e9ception des partisans de l\u2019Alg\u00e9rie fran\u00e7aise est muscl\u00e9e,<br \/>\n30 ans apr\u00e8s les manifestations d\u2019extr\u00eame droite de Paris. On retiendra<br \/>\nce jour-l\u00e0 comme \u00ab le jour des tomates \u00bb.<\/p>\n<p>Le soir-m\u00eame, Catroux est contraint de d\u00e9missionner. Le 11 avril, le<br \/>\ngouvernement rappelle 70 000 r\u00e9servistes, puis 50 000 en mai. Officiellement,<br \/>\nla France est confront\u00e9e \u00e0 un probl\u00e8me d\u2019ordre int\u00e9rieur.<br \/>\nL\u2019appel au contingent dit en fait, cr\u00fbment, qu\u2019elle s\u2019enfonce dans la<br \/>\nguerre coloniale. Les socialistes au pouvoir pensaient d\u00e9sarmer ainsi<br \/>\nles extr\u00e9mistes et sauver la R\u00e9publique. Le calcul s\u2019av\u00e8re funeste : deux<br \/>\nans plus tard, le 13 mai 1958, les manifestants du 6 f\u00e9vrier prennent<br \/>\nle pouvoir \u00e0 Alger. Le 3 juin, le g\u00e9n\u00e9ral de Gaulle a les mains libres<br \/>\npour changer la Constitution. La Quatri\u00e8me R\u00e9publique est morte ;<br \/>\nle Parti socialiste s\u2019engage dans une longue crise qui ne conna\u00eetra<br \/>\nson terme qu\u2019en 1971.<\/p>\n<p>L\u2019Histoire ne se r\u00e9p\u00e8te pas. Ou plut\u00f4t, les hommes sont libres de ne pas<br \/>\nla r\u00e9p\u00e9ter. Quand l\u2019adversaire lance des tomates, on ne s\u2019excuse pas au<br \/>\nrisque de radicaliser ceux qui vous combattent. Quand la droite hurle<br \/>\naux loups, quand le patronat crie mis\u00e8re, on ne d\u00e9vie pas des partis pris<br \/>\nraisonnables : on ne d\u00e9core pas les pyromanes sous pr\u00e9texte qu\u2019il faut<br \/>\n\u00e9teindre le feu. On n\u2019enfonce pas un peu plus le travail, seul cr\u00e9ateur de<br \/>\nrichesse, quand un nouveau mod\u00e8le de d\u00e9veloppement est \u00e0 trouver.<\/p>\n","protected":false},"excerpt":{"rendered":"<p>En janvier 1956, le secr\u00e9taire g\u00e9n\u00e9ral du Parti socialiste SFIO, Guy Mollet, est d\u00e9sign\u00e9 comme pr\u00e9sident du Conseil, \u00e0 l\u2019issue d\u2019\u00e9lections men\u00e9es sous le signe du Front r\u00e9publicain, une alternative au \u00ab nouveau Front populaire \u00bb que r\u00e9clamaient alors les communistes de Maurice Thorez. Au coeur de la campagne \u00e9lectorale des socialistes, figurait la paix [&hellip;]<\/p>\n","protected":false},"author":328,"featured_media":0,"comment_status":"open","ping_status":"open","sticky":false,"template":"","format":"standard","meta":{"_themeisle_gutenberg_block_has_review":false,"footnotes":""},"categories":[1],"tags":[328],"class_list":["post-5871","post","type-post","status-publish","format-standard","hentry","category-non-classe","tag-editorial"],"_links":{"self":[{"href":"https:\/\/archives.regards.fr\/index.php?rest_route=\/wp\/v2\/posts\/5871","targetHints":{"allow":["GET"]}}],"collection":[{"href":"https:\/\/archives.regards.fr\/index.php?rest_route=\/wp\/v2\/posts"}],"about":[{"href":"https:\/\/archives.regards.fr\/index.php?rest_route=\/wp\/v2\/types\/post"}],"author":[{"embeddable":true,"href":"https:\/\/archives.regards.fr\/index.php?rest_route=\/wp\/v2\/users\/328"}],"replies":[{"embeddable":true,"href":"https:\/\/archives.regards.fr\/index.php?rest_route=%2Fwp%2Fv2%2Fcomments&post=5871"}],"version-history":[{"count":0,"href":"https:\/\/archives.regards.fr\/index.php?rest_route=\/wp\/v2\/posts\/5871\/revisions"}],"wp:attachment":[{"href":"https:\/\/archives.regards.fr\/index.php?rest_route=%2Fwp%2Fv2%2Fmedia&parent=5871"}],"wp:term":[{"taxonomy":"category","embeddable":true,"href":"https:\/\/archives.regards.fr\/index.php?rest_route=%2Fwp%2Fv2%2Fcategories&post=5871"},{"taxonomy":"post_tag","embeddable":true,"href":"https:\/\/archives.regards.fr\/index.php?rest_route=%2Fwp%2Fv2%2Ftags&post=5871"}],"curies":[{"name":"wp","href":"https:\/\/api.w.org\/{rel}","templated":true}]}}