{"id":5867,"date":"2012-11-07T19:55:00","date_gmt":"2012-11-07T18:55:00","guid":{"rendered":"https:\/\/wp.muchomaas.com\/les-alternatifs-montent-au-front5867\/"},"modified":"2023-06-23T23:12:54","modified_gmt":"2023-06-23T21:12:54","slug":"les-alternatifs-montent-au-front5867","status":"publish","type":"post","link":"https:\/\/archives.regards.fr\/?p=5867","title":{"rendered":"Les Alternatifs montent au front"},"content":{"rendered":"<p class=\"post_excerpt\">Lors de leur prochain congr\u00e8s, les h\u00e9ritiers du PSU vont<br \/>\npeut-\u00eatre d\u00e9cider de rallier le Front de gauche.<br \/>\nUn tournant dans l\u2019histoire des Alternatifs. Entretien avec<br \/>\nJean-Jacques Boislaroussie, figure historique du mouvement.<\/p>\n<p><strong>Regards.fr. <\/strong> <em> <strong>Racontez-nous les origines des Alternatifs\u2026<\/strong> <\/em><\/p>\n<p><strong>Jean-Jacques Boislaroussie. <\/strong> Les Alternatifs naissent sous ce nom<br \/>\nil y a dix ans, \u00e0 la suite de rapprochements<br \/>\navec la CAP, un groupe issu de<br \/>\nla contestation interne du PCF [[Convergence pour une alternative, la CAP<br \/>\n\u00e9tait principalement anim\u00e9e par les reconstructeurs<br \/>\ncommunistes (Damette, Poperen, Wasserman)<br \/>\nrejointe un temps par Charles Fiterman.]]. Mais<br \/>\nnos racines plus anciennes s\u2019ancrent<br \/>\ndans l\u2019h\u00e9ritage du PSU des ann\u00e9es<br \/>\n1970. Nous venions pour partie d\u2019une<br \/>\nradicalisation des mouvements d\u2019action<br \/>\ncatholique. Piaget en 1973 refl\u00e8te bien<br \/>\nce courant. Le PSU \u00e9tait plus un parti<br \/>\nobjet qu\u2019un parti sujet : il refl\u00e9tait une<br \/>\nradicalit\u00e9 de la soci\u00e9t\u00e9. Nous avions en<br \/>\ncommun la critique de gauche de l\u2019\u00e9tatisme.<br \/>\nUne partie a conduit le recentrage<br \/>\nde la CFDT, est entr\u00e9e au PS avec Michel<br \/>\nRocard. Nous, davantage li\u00e9s \u00e0 des<br \/>\nmouvements comme Lip, avons pouss\u00e9<br \/>\nla th\u00e9orisation autogestionnaire, la recherche<br \/>\nd\u2019auto-organisation.<br \/>\n\u00c0 c\u00f4t\u00e9 des racines historiques, je vois<br \/>\ndeux autres filiations. Nous refl\u00e9tons<br \/>\npour partie une radicalisation du combat<br \/>\n\u00e9cologique. Le mouvement \u00e9colo est<br \/>\npercut\u00e9 par les d\u00e9bats sur la croissance<br \/>\net la d\u00e9croissance et toutes les questions<br \/>\nli\u00e9es \u00e0 la reconversion de l\u2019\u00e9conomie.<br \/>\nNous ne sommes clairement pas du<br \/>\nc\u00f4t\u00e9 du \u00ab green washing \u00bb, ce nouveau<br \/>\ncarburant pour le capitalisme.<br \/>\nL\u2019autre branche contemporaine serait<br \/>\ncelle qui se nourrit et plonge dans les<br \/>\nexp\u00e9rimentations concr\u00e8tes autour de<br \/>\npratiques comme les Amap [[Amap : Associations pour le maintien d\u2019une<br \/>\nagriculture paysanne. Les amap entendent favoriser<br \/>\nl\u2019agriculture paysanne et biologique. Le<br \/>\nprincipe est de cr\u00e9er un lien direct entre paysans<br \/>\net consommateurs qui s\u2019engagent \u00e0 acheter la<br \/>\nproduction de celui-ci \u00e0 un prix \u00e9quitable et en<br \/>\npayant \u00e0 l\u2019avance.]],les coop\u00e9ratives\u2026<br \/>\nJ\u2019ajouterai enfin, comme r\u00e9f\u00e9rence<br \/>\npolitique, le f\u00e9minisme.<\/p>\n<p><em> <strong>Cette r\u00e9f\u00e9rence au f\u00e9minisme<br \/>\nn\u2019a pas beaucoup de r\u00e9alit\u00e9 tangible,<br \/>\nni dans la composition<br \/>\nde l\u2019organisation ni dans votre r\u00e9flexion qui n\u2019est pas si singuli\u00e8re<br \/>\nsur ce sujet\u2026<\/strong> <\/em><\/p>\n<p>C\u2019est vrai que nous ne diff\u00e9rons pas sur<br \/>\nce point de la plupart des organisations<br \/>\npolitiques, gauche de gauche comprises.<br \/>\nLe centre de gravit\u00e9 de notre<br \/>\norganisation est celui de la gauche<br \/>\nradicale en France : autour du salariat<br \/>\ngaranti. Nous sommes \u00e0 dominante<br \/>\nblanche, masculine et de plus de 50<br \/>\nans. Mais nous attachons beaucoup<br \/>\nd\u2019importance \u00e0 cet ancrage f\u00e9ministe,<br \/>\ncomme garde-fou mais aussi dans nos<br \/>\ncombats internes face \u00e0 la reproduction<br \/>\ndes dominations et \u00e0 la bureaucratisation,<br \/>\n\u00e0 la professionnalisation<br \/>\nde la politique.<\/p>\n<p><em> <strong>Je pensais que vous \u00e9voqueriez<br \/>\nl\u2019h\u00e9ritage des luttes anticoloniales<br \/>\net aujourd\u2019hui les combats<br \/>\npostcoloniaux\u2026<\/strong> <\/em><\/p>\n<p>Les luttes anticoloniales, en particulier<br \/>\nau moment de la guerre d\u2019Alg\u00e9rie, ont<br \/>\nvu na\u00eetre le PSU. Mais cela commence<br \/>\n\u00e0 dater. Cela ne fait plus sens ainsi. On<br \/>\npeut dire que notre fibre internationaliste<br \/>\ns\u2019est retrouv\u00e9e dans notre investissement<br \/>\nd\u00e8s les premiers jours du mouvement<br \/>\naltermondialiste\u2026<br \/>\nPour \u00eatre honn\u00eate, il faut dire aussi que<br \/>\nl\u2019on est moins homog\u00e8ne sur la question<br \/>\npostcoloniale. Nous sommes travers\u00e9s<br \/>\npar les m\u00eames contradictions<br \/>\nque le NPA, Gauche anticapitaliste, et<br \/>\ndans une moindre mesure le PC. Le<br \/>\nPG lui est assez soud\u00e9 sur le sujet !<br \/>\nQuelle place accorder \u00e0 la question postcoloniale dans la construction de<br \/>\nl\u2019unit\u00e9 populaire ? Nous sommes divis\u00e9s\u2026<\/p>\n<p><em> <strong>Vous venez de nous dire que vous<br \/>\n\u00e9tiez donc rouge, vert et violet (f\u00e9minisme).<br \/>\nPourquoi une d\u00e9finition<br \/>\naussi \u00ab ferm\u00e9e \u00bb ? Quid des questions<br \/>\ncontemporaines autour de la<br \/>\nville ou de l\u2019Internet, de la d\u00e9mocratie,<br \/>\ndes libert\u00e9s publique\u2026 ?<\/strong> <\/em><\/p>\n<p>Nous ne sommes pas tr\u00e8s performants<br \/>\nsur les questions de l\u2019Internet\u2026 C\u2019est<br \/>\nsans doute li\u00e9 au profil g\u00e9n\u00e9rationnel<br \/>\nde notre mouvement. Cela renvoie aussi<br \/>\n\u00e0 notre trop faible pr\u00e9sence dans les<br \/>\ninstitutions territoriales qui ne nous permet<br \/>\npas d\u2019avoir une capacit\u00e9 politique<br \/>\net intellectuelle suffisante pour aborder<br \/>\npleinement les enjeux urbains.<\/p>\n<p><em> <strong>Le Front de gauche est travers\u00e9<br \/>\npar des d\u00e9bats strat\u00e9giques plus<br \/>\nou moins explicites\u2026 Comment<br \/>\nvous situez-vous par rapport aux<br \/>\nautres partenaires de la gauche de<br \/>\ngauche ?<\/strong> <\/em><\/p>\n<p>Dans les d\u00e9bats strat\u00e9giques, nous<br \/>\nsommes clairement du c\u00f4t\u00e9 de l\u2019\u00e9mancipation.<br \/>\nSi je reprenais les termes<br \/>\ndes ann\u00e9es 1970, je dirais que nous<br \/>\nsommes gramsciens. Nous accordons<br \/>\nde l\u2019importance \u00e0 la lutte id\u00e9ologique,<br \/>\nnous croyons \u00e0 la \u00ab r\u00e9volution longue \u00bb<br \/>\ncontre les avant-gardismes. Nous alions<br \/>\npr\u00e9sence critique dans l\u2019institution et<br \/>\nexp\u00e9rimentation sociale. Pas pour accumuler<br \/>\ndes forces en vue du basculement<br \/>\nmais pour avancer, apprendre,<br \/>\ngagner, m\u00eame si on ne gagne pas sur<br \/>\ntous les terrains.<br \/>\nLa gauche de transformation doit \u00eatre<br \/>\ncapable de dire quelque chose sur l\u2019imm\u00e9diat<br \/>\net sur les grands principes de la<br \/>\nsoci\u00e9t\u00e9 qu\u2019elle vise. Elle le fait plus ou<br \/>\nmoins. La faille majeure ? La strat\u00e9gie<br \/>\n\u00e0 adopter pour \u00ab r\u00e9volutionner \u00bb nos soci\u00e9t\u00e9s.<br \/>\nLes contre-pouvoirs ou l\u2019appel \u00e0<br \/>\nla r\u00e9volution citoyenne ne r\u00e8glent pas<br \/>\ntout. Il nous faut avancer. Nous participons<br \/>\n\u00e0 cette discussion avec nos \u00e9l\u00e9ments<br \/>\nde singularit\u00e9s.<br \/>\nCe d\u00e9bat prend parfois des allures urgentes.<br \/>\nPar exemple, comment aborder<br \/>\nla question de l\u2019avenir de PSA ? On ne<br \/>\npeut pas avoir un double discours, \u00e9colo<br \/>\nun jour et pour la d\u00e9fense de l\u2019emploi<br \/>\ndans l\u2019automobile le lendemain. Il faut<br \/>\npenser la reconversion de l\u2019industrie<br \/>\nautomobile. La proposition de la CGT de s\u00e9curit\u00e9 des parcours professionnels<br \/>\nouvre des pistes pour pouvoir faire<br \/>\navancer ces d\u00e9bats sans sacrifier les travailleurs.<br \/>\nCette proposition de s\u00e9curit\u00e9<br \/>\nsociale professionnelle est un \u00e9l\u00e9ment<br \/>\nde r\u00e9ponse strat\u00e9gique qui permet de<br \/>\ndessiner un chemin vers la \u00ab r\u00e9volution \u00bb.<br \/>\nAutre d\u00e9bat : je ne crois pas que nous<br \/>\nsoyons dans une course de vitesse avec<br \/>\nl\u2019extr\u00eame droite. Mais dans une course<br \/>\nde vitesse pour que ne se structurent<br \/>\npas un groupe blanc-dominant et un<br \/>\ngroupe color\u00e9-domin\u00e9. Nous avons vraiment<br \/>\nbesoin de penser et d\u2019agir pour<br \/>\npasser du peuple en soi au peuple pour<br \/>\nsoi\u2026 C\u2019est-\u00e0-dire pour reconstruire une<br \/>\nunit\u00e9 populaire politique.<\/p>\n<p><em> <strong>Est-ce que les diff\u00e9rents ancrages,<br \/>\nles diff\u00e9rentes sensibilit\u00e9s au sein<br \/>\nde votre organisation influencent<br \/>\nvotre choix de rejoindre ou non le<br \/>\nFront de gauche ?<\/strong> <\/em><\/p>\n<p>Certainement. Le d\u00e9bat entre nous porte<br \/>\nsur le lieu d\u2019investissement politique.<br \/>\nEst-ce dans la recomposition politique<br \/>\nou dans les pratiques concr\u00e8tes que<br \/>\nnous sommes efficaces ? \u00c0 mon sens, il<br \/>\nfaut savoir ne pas se polariser seulement<br \/>\nsur ce qui nous diff\u00e9rencie des autres<br \/>\ngroupes de la gauche de gauche mais<br \/>\nvoir ce qui nous rapproche : l\u2019engagement<br \/>\npour changer la soci\u00e9t\u00e9.<br \/>\nJe crois aussi que nous devons tenir<br \/>\ncompte du fait que la plupart de nos partenaires,<br \/>\ndes organisations comme des<br \/>\nindividus, que nous estimons et avec qui<br \/>\nnous travaillons ont rejoint le Front de<br \/>\ngauche ou s\u2019y investissent. Nous devons<br \/>\nen \u00eatre si nous ne voulons pas d\u00e9l\u00e9guer<br \/>\naux seuls PCF et PG la d\u00e9finition du discours<br \/>\npolitique audible. Le d\u00e9fi est d\u2019\u00eatre<br \/>\nunitaire tout en portant les \u00e9l\u00e9ments fondamentaux<br \/>\ndu projet et de la d\u00e9marche<br \/>\n\u00e9colo-alternative.<\/p>\n<p><em> <strong>R\u00e9ponse quand ?<\/strong> <\/em><\/p>\n<p>On vote \u00e0 la mi-novembre.<div id='gallery-1' class='gallery galleryid-5867 gallery-columns-3 gallery-size-thumbnail'><figure class='gallery-item'>\n\t\t\t<div class='gallery-icon landscape'>\n\t\t\t\t<a href='https:\/\/archives.regards.fr\/wp-content\/uploads\/2012\/11\/alt-946.jpg'><img loading=\"lazy\" decoding=\"async\" width=\"150\" height=\"150\" src=\"https:\/\/archives.regards.fr\/wp-content\/uploads\/2012\/11\/alt-946-150x150.jpg\" class=\"attachment-thumbnail size-thumbnail\" alt=\"alt.jpg\" \/><\/a>\n\t\t\t<\/div><\/figure><figure class='gallery-item'>\n\t\t\t<div class='gallery-icon landscape'>\n\t\t\t\t<a href='https:\/\/archives.regards.fr\/wp-content\/uploads\/2012\/11\/altc-740.jpg'><img loading=\"lazy\" decoding=\"async\" width=\"80\" height=\"55\" src=\"https:\/\/archives.regards.fr\/wp-content\/uploads\/2012\/11\/altc-740.jpg\" class=\"attachment-thumbnail size-thumbnail\" alt=\"Les Alternatifs montent au front\" aria-describedby=\"gallery-1-17290\" \/><\/a>\n\t\t\t<\/div>\n\t\t\t\t<figcaption class='wp-caption-text gallery-caption' id='gallery-1-17290'>\n\t\t\t\tLes Alternatifs montent au front\n\t\t\t\t<\/figcaption><\/figure>\n\t\t<\/div>\n<\/p>\n","protected":false},"excerpt":{"rendered":"<p>Lors de leur prochain congr\u00e8s, les h\u00e9ritiers du PSU vont<br \/>\npeut-\u00eatre d\u00e9cider de rallier le Front de gauche.<br \/>\nUn tournant dans l\u2019histoire des Alternatifs. Entretien avec<br \/>\nJean-Jacques Boislaroussie, figure historique du mouvement.<\/p>\n","protected":false},"author":464,"featured_media":17289,"comment_status":"open","ping_status":"open","sticky":false,"template":"","format":"standard","meta":{"_themeisle_gutenberg_block_has_review":false,"footnotes":""},"categories":[1],"tags":[293],"class_list":["post-5867","post","type-post","status-publish","format-standard","has-post-thumbnail","hentry","category-non-classe","tag-entretien"],"_links":{"self":[{"href":"https:\/\/archives.regards.fr\/index.php?rest_route=\/wp\/v2\/posts\/5867","targetHints":{"allow":["GET"]}}],"collection":[{"href":"https:\/\/archives.regards.fr\/index.php?rest_route=\/wp\/v2\/posts"}],"about":[{"href":"https:\/\/archives.regards.fr\/index.php?rest_route=\/wp\/v2\/types\/post"}],"author":[{"embeddable":true,"href":"https:\/\/archives.regards.fr\/index.php?rest_route=\/wp\/v2\/users\/464"}],"replies":[{"embeddable":true,"href":"https:\/\/archives.regards.fr\/index.php?rest_route=%2Fwp%2Fv2%2Fcomments&post=5867"}],"version-history":[{"count":0,"href":"https:\/\/archives.regards.fr\/index.php?rest_route=\/wp\/v2\/posts\/5867\/revisions"}],"wp:featuredmedia":[{"embeddable":true,"href":"https:\/\/archives.regards.fr\/index.php?rest_route=\/wp\/v2\/media\/17289"}],"wp:attachment":[{"href":"https:\/\/archives.regards.fr\/index.php?rest_route=%2Fwp%2Fv2%2Fmedia&parent=5867"}],"wp:term":[{"taxonomy":"category","embeddable":true,"href":"https:\/\/archives.regards.fr\/index.php?rest_route=%2Fwp%2Fv2%2Fcategories&post=5867"},{"taxonomy":"post_tag","embeddable":true,"href":"https:\/\/archives.regards.fr\/index.php?rest_route=%2Fwp%2Fv2%2Ftags&post=5867"}],"curies":[{"name":"wp","href":"https:\/\/api.w.org\/{rel}","templated":true}]}}