{"id":5866,"date":"2012-11-20T11:08:06","date_gmt":"2012-11-20T10:08:06","guid":{"rendered":"https:\/\/wp.muchomaas.com\/les-alternatifs-rallient-le-front5866\/"},"modified":"2023-06-23T23:12:53","modified_gmt":"2023-06-23T21:12:53","slug":"les-alternatifs-rallient-le-front5866","status":"publish","type":"post","link":"https:\/\/archives.regards.fr\/?p=5866","title":{"rendered":"Les Alternatifs rallient le Front de gauche"},"content":{"rendered":"<p class=\"post_excerpt\">Ce week end, les Alternatifs tenaient congr\u00e8s \u00e0 Paris. Un ordre du jour charg\u00e9, entre crise internationale et ralliement au Front de gauche.<\/p>\n<p>La pouss\u00e9e x\u00e9nophobe et raciste dans tous les pays europ\u00e9ens, le bilan d\u00e9solant, au point de m\u00e9riter un satisfecit du MEDEF, du gouvernement Ayrault-Hollande, la prise en compte du danger de guerre, l&#8217;importance des enjeux \u00e9cologiques et antiproductivistes, mais aussi l&#8217;approfondissement des r\u00e9ponses alternatives, faisaient largement accord entre les participant-e-s au congr\u00e8s des Alternatifs, r\u00e9uni les 17 et 18 novembre. L&#8217;accent est particuli\u00e8rement mis sur les mobilisations sociales \u00e0 l&#8217;\u00e9chelle du continent, et sur la n\u00e9cessit\u00e9 d&#8217;une nouvelle radicalit\u00e9.  Opposer enfin au capitalisme de la catastrophe \u00e9cologique une vision alternative rompant avec le tabou de la croissance, oser enfin d\u00e9fendre l&#8217;appropriation sociale contre la marchandisation de tous les aspects de nos vie, comprendre enfin que des victoires, m\u00eame partielles, valent mieux que des discours, et soutenir la reprise des entreprises par les travailleuses et les travailleurs, d\u00e9fendre la r\u00e9duction massive du temps de travail comme levier contre la pr\u00e9carit\u00e9 et comme point de passage n\u00e9cessaire pour vivre autrement. La mobilisation, l&#8217;autorganisation, l&#8217;initiative populaire et citoyenne seront au coeur des combats \u00e0 venir, sans elles nous ne gagnerons pas.<\/p>\n<p>Unis autour de ces objectifs, les Alternatifs \u00e9taient divis\u00e9-e-s sur la question de l&#8217;entr\u00e9e dans le Front de Gauche. D\u00e9bat inhabituel, croisant les choix d&#8217;orientation et des questions portant sur le sens, les terrains, et l&#8217;\u00e9thique m\u00eame de l&#8217;engagement politique. D\u00e9bat difficile, puisque la forte minorit\u00e9 du mouvement oppos\u00e9e \u00e0 l&#8217;entr\u00e9e dans le Front de Gauche,  tant qu\u2019un certain nombre de garanties et d\u2019\u00e9claircissements  ne seront pas donn\u00e9es, per\u00e7oit cette entr\u00e9e comme une inflexion dangereuse en regard de nos priorit\u00e9s autogestionnaires et \u00e9cologiste. <\/p>\n<p> La majorit\u00e9 des adh\u00e9rent-e-s s&#8217;est d\u00e9termin\u00e9e pour faire front largement face \u00e0 la droite et \u00e0 l&#8217;extr\u00eame droite, en opposition au rouleau compresseur lib\u00e9ral et au social lib\u00e9ralisme. Mener de pair une construction unitaire indispensable et complexe, pour qu&#8217;une gauche de gauche existe, agisse, s\u2019oppose et propose, rencontrer dans ce processus les militant-e-s et courants avec qui nous pouvons partager un projet rouge et vert et des combats \u00e9mancipateurs, porter sans faiblir nos orientations, non pour cultiver les d\u00e9marcations mais parce que nous les pensons n\u00e9cessaires, les confronter et \u00e9changer avec d&#8217;autres projets et d&#8217;autres cultures de la vraie gauche. Utopistes et r\u00e9alistes, tel est le d\u00e9fi.<\/p>\n<p>\u00c0 lire aussi <a href=\"https:\/\/wp.muchomaas.com\/e-mensuel\/no26-novembre-2012\/les-alternatifs-montent-au-front,5867\">Les Alternatifs montent au Front<\/a> publi\u00e9 dans notre e-mensuel de novembre.<div id='gallery-1' class='gallery galleryid-5866 gallery-columns-3 gallery-size-thumbnail'><figure class='gallery-item'>\n\t\t\t<div class='gallery-icon landscape'>\n\t\t\t\t<a href='https:\/\/archives.regards.fr\/wp-content\/uploads\/2012\/11\/jjbc-9f3.jpg'><img loading=\"lazy\" decoding=\"async\" width=\"80\" height=\"55\" src=\"https:\/\/archives.regards.fr\/wp-content\/uploads\/2012\/11\/jjbc-9f3.jpg\" class=\"attachment-thumbnail size-thumbnail\" alt=\"Les Alternatifs rallient le Front de gauche\" aria-describedby=\"gallery-1-17287\" \/><\/a>\n\t\t\t<\/div>\n\t\t\t\t<figcaption class='wp-caption-text gallery-caption' id='gallery-1-17287'>\n\t\t\t\tLes Alternatifs rallient le Front de gauche\n\t\t\t\t<\/figcaption><\/figure>\n\t\t<\/div>\n<\/p>\n","protected":false},"excerpt":{"rendered":"<p>Ce week end, les Alternatifs tenaient congr\u00e8s \u00e0 Paris. Un ordre du jour charg\u00e9, entre crise internationale et ralliement au Front de gauche.<\/p>\n","protected":false},"author":1,"featured_media":17287,"comment_status":"open","ping_status":"open","sticky":false,"template":"","format":"standard","meta":{"_themeisle_gutenberg_block_has_review":false,"footnotes":""},"categories":[141],"tags":[291],"class_list":["post-5866","post","type-post","status-publish","format-standard","has-post-thumbnail","hentry","category-archives-web","tag-analyse"],"_links":{"self":[{"href":"https:\/\/archives.regards.fr\/index.php?rest_route=\/wp\/v2\/posts\/5866","targetHints":{"allow":["GET"]}}],"collection":[{"href":"https:\/\/archives.regards.fr\/index.php?rest_route=\/wp\/v2\/posts"}],"about":[{"href":"https:\/\/archives.regards.fr\/index.php?rest_route=\/wp\/v2\/types\/post"}],"author":[{"embeddable":true,"href":"https:\/\/archives.regards.fr\/index.php?rest_route=\/wp\/v2\/users\/1"}],"replies":[{"embeddable":true,"href":"https:\/\/archives.regards.fr\/index.php?rest_route=%2Fwp%2Fv2%2Fcomments&post=5866"}],"version-history":[{"count":0,"href":"https:\/\/archives.regards.fr\/index.php?rest_route=\/wp\/v2\/posts\/5866\/revisions"}],"wp:featuredmedia":[{"embeddable":true,"href":"https:\/\/archives.regards.fr\/index.php?rest_route=\/wp\/v2\/media\/17287"}],"wp:attachment":[{"href":"https:\/\/archives.regards.fr\/index.php?rest_route=%2Fwp%2Fv2%2Fmedia&parent=5866"}],"wp:term":[{"taxonomy":"category","embeddable":true,"href":"https:\/\/archives.regards.fr\/index.php?rest_route=%2Fwp%2Fv2%2Fcategories&post=5866"},{"taxonomy":"post_tag","embeddable":true,"href":"https:\/\/archives.regards.fr\/index.php?rest_route=%2Fwp%2Fv2%2Ftags&post=5866"}],"curies":[{"name":"wp","href":"https:\/\/api.w.org\/{rel}","templated":true}]}}