{"id":5864,"date":"2012-11-20T09:41:03","date_gmt":"2012-11-20T08:41:03","guid":{"rendered":"https:\/\/wp.muchomaas.com\/l-aile-gauche-du-ps-ecartee-de-l5864\/"},"modified":"2023-06-23T23:12:53","modified_gmt":"2023-06-23T21:12:53","slug":"l-aile-gauche-du-ps-ecartee-de-l5864","status":"publish","type":"post","link":"https:\/\/archives.regards.fr\/?p=5864","title":{"rendered":"L\u2019aile gauche du PS \u00e9cart\u00e9e de l\u2019\u00e9quipe dirigeante"},"content":{"rendered":"<p class=\"post_excerpt\">Le tout nouveau Premier secr\u00e9taire du PS, Harlem D\u00e9sir, a valid\u00e9 ce week-end une \u00e9quipe dirigeante bien sage. Voire polic\u00e9e. Il a d\u2019ailleurs pr\u00e9venu ses troupes\u00a0: pas de fausses notes sur l\u2019action du gouvernement. Le nouveau visage du parti socialiste se dessine \u00e0 partir d\u2019une \u00e9crasante majorit\u00e9 issue de la motion 1 \u2013 motion naturellement pr\u00e9sent\u00e9e par Harlem D\u00e9sir. L\u2019aile gauche du PS, qui entend bien faire entendre sa diff\u00e9rence, est \u00e9cart\u00e9e de l\u2019\u00e9quipe dirigeante. R\u00e9action de Marianne Louis, animatrice du courant Maintenant La Gauche, conseill\u00e8re r\u00e9gionale d\u2019Ile-de-France et Adjointe au Maire d\u2019Evry.<\/p>\n<p><strong>Regards.fr. <\/strong><em> <strong> Comment un courant qui repr\u00e9sente plus d\u2019un quart des militants de son parti peut-il \u00eatre exclu des instances dirigeantes\u00a0? <\/strong>  <\/em> <\/p>\n<p><strong>Marianne Louis. <\/strong> Il y a l\u00e0 une \u00e9volution culturelle majeure. Le parti socialiste a toujours privil\u00e9gi\u00e9 le rassemblement. \u00c7a n\u2019est plus le cas aujourd\u2019hui et je le regrette. Notre courant est pourtant une r\u00e9alit\u00e9. Il est tr\u00e8s implant\u00e9 au niveau local, en province o\u00f9 notre score atteint parfois 40% dans certaines f\u00e9d\u00e9rations. En faisant du PS un porte-parole bis de la politique du gouvernement, la direction fait une erreur politique et strat\u00e9gique importante. Pour \u00eatre utile au gouvernement il ne suffit pas d\u2019acquiescer m\u00e9caniquement. Le parti socialiste doit avoir un r\u00f4le d\u2019alerte. Il doit \u00eatre mobilis\u00e9 en amont des grands d\u00e9bats d\u2019orientations, pour \u00e9clairer, voire m\u00eame orienter la politique du gouvernement. Le PS ne peut pas accepter que le MEDEF dicte seul la politique du gouvernement. <\/p>\n<p><em> <strong>En \u00e9tant exclus de ce que l\u2019on peut appeler le \u00ab\u00a0gouvernement\u00a0\u00bb du PS, comment allez-vous peser sur votre parti et sur les orientations politiques du gouvernement\u00a0? <\/strong>  <\/em> <\/p>\n<p>D\u2019abord nous sommes activement pr\u00e9sents au bureau national du PS ou nous sommes repr\u00e9sent\u00e9s conform\u00e9ment aux r\u00e8gles de la proportionnelle. Par ailleurs Harlem D\u00e9sir a annonc\u00e9 plusieurs conventions nationales. Nous comptons nous exprimer et apporter notre contribution. Notamment sur les questions d\u2019Europe et de travail. Nous serons force de propositions. Nous allons par exemple lancer une p\u00e9tition militante pour que le gouvernement s\u2019engage \u00e0 nationaliser temporairement Petroplus. Cela dit, nous restons loyaux. Nous croyons au d\u00e9bat, nous privil\u00e9gierons toujours cette m\u00e9thode. Nous pouvons faire bouger les lignes. J\u2019en suis convaincue.<\/p>\n<p><em> <strong>Mais si les blocages persistent et que vos propositions restent vaines, quelles conclusions pourriez-vous en tirer ? <\/strong>  <\/em> <\/p>\n<p>Je ne crois pas au blocage. Le PS et m\u00eame le gouvernement entretiennent un rapport d\u2019extr\u00eame tension avec son partenaire historique, le parti communiste et plus largement le Front de gauche. Ils tiennent \u00e0 son \u00e9gard un discours bien trop violent. La tonalit\u00e9 est la m\u00eame c\u00f4t\u00e9 EELV avec lequel ils ont des rapports tr\u00e8s autoritaires. \u00c7a n\u2019est pas tenable sur le long terme et \u00e7a n\u2019est pas ce que souhaitent les \u00e9lecteurs de Fran\u00e7ois Hollande. Quand j\u2019entends St\u00e9phane Le Foll ou Najat Vallaud-Belkacem \u00e9voquer l\u2019hypoth\u00e8se d\u2019un retour de Bayrou au gouvernement, je suis atterr\u00e9e. Le PS ne peut pas laisser passer \u00e7a. Je me battrai jusqu\u2019\u00e0 la derni\u00e8re seconde pour que les d\u00e9cisions de mon parti ne se prennent pas uniquement entre le 7\u00e8me et le 8\u00e8me arrondissement de Paris. <\/p>\n<div id='gallery-1' class='gallery galleryid-5864 gallery-columns-3 gallery-size-thumbnail'><figure class='gallery-item'>\n\t\t\t<div class='gallery-icon landscape'>\n\t\t\t\t<a href='https:\/\/archives.regards.fr\/wp-content\/uploads\/2012\/11\/psc-758.jpg'><img loading=\"lazy\" decoding=\"async\" width=\"80\" height=\"55\" src=\"https:\/\/archives.regards.fr\/wp-content\/uploads\/2012\/11\/psc-758.jpg\" class=\"attachment-thumbnail size-thumbnail\" alt=\"L\u2019aile gauche du PS \u00e9cart\u00e9e de l\u2019\u00e9quipe dirigeante\" aria-describedby=\"gallery-1-17280\" \/><\/a>\n\t\t\t<\/div>\n\t\t\t\t<figcaption class='wp-caption-text gallery-caption' id='gallery-1-17280'>\n\t\t\t\tL\u2019aile gauche du PS \u00e9cart\u00e9e de l\u2019\u00e9quipe dirigeante\n\t\t\t\t<\/figcaption><\/figure>\n\t\t<\/div>\n\n","protected":false},"excerpt":{"rendered":"<p>Le tout nouveau Premier secr\u00e9taire du PS, Harlem D\u00e9sir, a valid\u00e9 ce week-end une \u00e9quipe dirigeante bien sage. Voire polic\u00e9e. Il a d\u2019ailleurs pr\u00e9venu ses troupes\u00a0: pas de fausses notes sur l\u2019action du gouvernement. Le nouveau visage du parti socialiste se dessine \u00e0 partir d\u2019une \u00e9crasante majorit\u00e9 issue de la motion 1 \u2013 motion naturellement pr\u00e9sent\u00e9e par Harlem D\u00e9sir. L\u2019aile gauche du PS, qui entend bien faire entendre sa diff\u00e9rence, est \u00e9cart\u00e9e de l\u2019\u00e9quipe dirigeante. R\u00e9action de Marianne Louis, animatrice du courant Maintenant La Gauche, conseill\u00e8re r\u00e9gionale d\u2019Ile-de-France et Adjointe au Maire d\u2019Evry.<\/p>\n","protected":false},"author":1039,"featured_media":17280,"comment_status":"open","ping_status":"open","sticky":false,"template":"","format":"standard","meta":{"_themeisle_gutenberg_block_has_review":false,"footnotes":""},"categories":[141],"tags":[293],"class_list":["post-5864","post","type-post","status-publish","format-standard","has-post-thumbnail","hentry","category-archives-web","tag-entretien"],"_links":{"self":[{"href":"https:\/\/archives.regards.fr\/index.php?rest_route=\/wp\/v2\/posts\/5864","targetHints":{"allow":["GET"]}}],"collection":[{"href":"https:\/\/archives.regards.fr\/index.php?rest_route=\/wp\/v2\/posts"}],"about":[{"href":"https:\/\/archives.regards.fr\/index.php?rest_route=\/wp\/v2\/types\/post"}],"author":[{"embeddable":true,"href":"https:\/\/archives.regards.fr\/index.php?rest_route=\/wp\/v2\/users\/1039"}],"replies":[{"embeddable":true,"href":"https:\/\/archives.regards.fr\/index.php?rest_route=%2Fwp%2Fv2%2Fcomments&post=5864"}],"version-history":[{"count":0,"href":"https:\/\/archives.regards.fr\/index.php?rest_route=\/wp\/v2\/posts\/5864\/revisions"}],"wp:featuredmedia":[{"embeddable":true,"href":"https:\/\/archives.regards.fr\/index.php?rest_route=\/wp\/v2\/media\/17280"}],"wp:attachment":[{"href":"https:\/\/archives.regards.fr\/index.php?rest_route=%2Fwp%2Fv2%2Fmedia&parent=5864"}],"wp:term":[{"taxonomy":"category","embeddable":true,"href":"https:\/\/archives.regards.fr\/index.php?rest_route=%2Fwp%2Fv2%2Fcategories&post=5864"},{"taxonomy":"post_tag","embeddable":true,"href":"https:\/\/archives.regards.fr\/index.php?rest_route=%2Fwp%2Fv2%2Ftags&post=5864"}],"curies":[{"name":"wp","href":"https:\/\/api.w.org\/{rel}","templated":true}]}}