{"id":5851,"date":"2012-11-08T19:10:00","date_gmt":"2012-11-08T18:10:00","guid":{"rendered":"https:\/\/wp.muchomaas.com\/congres-de-transition-pour-le5851\/"},"modified":"2023-06-23T23:12:52","modified_gmt":"2023-06-23T21:12:52","slug":"congres-de-transition-pour-le5851","status":"publish","type":"post","link":"https:\/\/archives.regards.fr\/?p=5851","title":{"rendered":"Congr\u00e8s de transition pour le Parti Communiste Chinois"},"content":{"rendered":"<p class=\"post_excerpt\">Le 18\u00e8me Congr\u00e8s du Parti communiste chinois (PCC) s\u2019est ouvert ce jeudi 8 novembre \u00e0 P\u00e9kin. Apr\u00e8s 10 ann\u00e9es pass\u00e9es au sommet de l&#8217;Etat, le Pr\u00e9sident Hu Jintao et son Premier ministre Wen Jiabao, vont c\u00e9der leur place respectivement \u00e0 Xi Jinping et Li Keqiang.<br \/>\nCe passage de t\u00e9moin a lieu alors que la deuxi\u00e8me puissance \u00e9conomique mondiale traverse une p\u00e9riode agit\u00e9e: climat social d\u00e9l\u00e9t\u00e8re, croissance ralentie, multiplication des affaires impliquant des hauts cadres du r\u00e9gime. Notre s\u00e9lection d&#8217;articles.<\/p>\n<p>Sur <strong>Regards.fr<\/strong>:<\/p>\n<p>un entretien avec la journaliste <a href=\"https:\/\/wp.muchomaas.com\/monde\/martine-bulard-en-chine-la-peur-du,5764\">Martine Bulard<\/a>; un entretien avec le sinologue <a href=\"https:\/\/wp.muchomaas.com\/monde\/la-place-du-prive-dans-l-economie,5523\">Jean-Pierre Cabestan<\/a><\/p>\n<p>Sur <strong>Contretemps<\/strong>:<\/p>\n<p>Wukan, un symbole de la <a href=\"http:\/\/www.contretemps.eu\/interventions\/wukan-symbole-r\u00e9sistance-populaire-en-chine-rurale\">r\u00e9sistance populaire en Chine rurale<\/a>;  <a href=\"http:\/\/www.contretemps.eu\/interventions\/chine-peut-elle-sauver-capitalisme-mondial\">La Chine peut-elle sauver le capitalisme mondial?<\/a> par C\u00e9dric Durand <\/p>\n<p>Sur le site de <strong>l&#8217;Institut de relations internationales et strat\u00e9giques (IRIS)<\/strong>:<\/p>\n<p><a href=\"http:\/\/www.affaires-strategiques.info\/spip.php?article7316\">Un \u00e9clairage des enjeux du Congr\u00e8s<\/a> par Jean-Vincent Brisset <div id='gallery-1' class='gallery galleryid-5851 gallery-columns-3 gallery-size-thumbnail'><figure class='gallery-item'>\n\t\t\t<div class='gallery-icon landscape'>\n\t\t\t\t<a href='https:\/\/archives.regards.fr\/wp-content\/uploads\/2012\/11\/drap-2-278.jpg'><img loading=\"lazy\" decoding=\"async\" width=\"150\" height=\"150\" src=\"https:\/\/archives.regards.fr\/wp-content\/uploads\/2012\/11\/drap-2-278-150x150.jpg\" class=\"attachment-thumbnail size-thumbnail\" alt=\"drap-2.jpg\" \/><\/a>\n\t\t\t<\/div><\/figure>\n\t\t<\/div>\n<\/p>\n","protected":false},"excerpt":{"rendered":"<p>Le 18\u00e8me Congr\u00e8s du Parti communiste chinois (PCC) s\u2019est ouvert ce jeudi 8 novembre \u00e0 P\u00e9kin. Apr\u00e8s 10 ann\u00e9es pass\u00e9es au sommet de l&#8217;Etat, le Pr\u00e9sident Hu Jintao et son Premier ministre Wen Jiabao, vont c\u00e9der leur place respectivement \u00e0 Xi Jinping et Li Keqiang.<br \/>\nCe passage de t\u00e9moin a lieu alors que la deuxi\u00e8me puissance \u00e9conomique mondiale traverse une p\u00e9riode agit\u00e9e: climat social d\u00e9l\u00e9t\u00e8re, croissance ralentie, multiplication des affaires impliquant des hauts cadres du r\u00e9gime. Notre s\u00e9lection d&#8217;articles.<\/p>\n","protected":false},"author":643,"featured_media":17262,"comment_status":"open","ping_status":"open","sticky":false,"template":"","format":"standard","meta":{"_themeisle_gutenberg_block_has_review":false,"footnotes":""},"categories":[141],"tags":[],"class_list":["post-5851","post","type-post","status-publish","format-standard","has-post-thumbnail","hentry","category-archives-web"],"_links":{"self":[{"href":"https:\/\/archives.regards.fr\/index.php?rest_route=\/wp\/v2\/posts\/5851","targetHints":{"allow":["GET"]}}],"collection":[{"href":"https:\/\/archives.regards.fr\/index.php?rest_route=\/wp\/v2\/posts"}],"about":[{"href":"https:\/\/archives.regards.fr\/index.php?rest_route=\/wp\/v2\/types\/post"}],"author":[{"embeddable":true,"href":"https:\/\/archives.regards.fr\/index.php?rest_route=\/wp\/v2\/users\/643"}],"replies":[{"embeddable":true,"href":"https:\/\/archives.regards.fr\/index.php?rest_route=%2Fwp%2Fv2%2Fcomments&post=5851"}],"version-history":[{"count":0,"href":"https:\/\/archives.regards.fr\/index.php?rest_route=\/wp\/v2\/posts\/5851\/revisions"}],"wp:featuredmedia":[{"embeddable":true,"href":"https:\/\/archives.regards.fr\/index.php?rest_route=\/wp\/v2\/media\/17262"}],"wp:attachment":[{"href":"https:\/\/archives.regards.fr\/index.php?rest_route=%2Fwp%2Fv2%2Fmedia&parent=5851"}],"wp:term":[{"taxonomy":"category","embeddable":true,"href":"https:\/\/archives.regards.fr\/index.php?rest_route=%2Fwp%2Fv2%2Fcategories&post=5851"},{"taxonomy":"post_tag","embeddable":true,"href":"https:\/\/archives.regards.fr\/index.php?rest_route=%2Fwp%2Fv2%2Ftags&post=5851"}],"curies":[{"name":"wp","href":"https:\/\/api.w.org\/{rel}","templated":true}]}}