{"id":5849,"date":"2012-10-05T10:10:00","date_gmt":"2012-10-05T08:10:00","guid":{"rendered":"https:\/\/wp.muchomaas.com\/dans-la-majorite-ou-dans-l5849\/"},"modified":"2012-10-05T10:10:00","modified_gmt":"2012-10-05T08:10:00","slug":"dans-la-majorite-ou-dans-l5849","status":"publish","type":"post","link":"https:\/\/archives.regards.fr\/?p=5849","title":{"rendered":"Dans la majorit\u00e9 ou dans l\u2019opposition ?"},"content":{"rendered":"<p>Il est normal qu\u2019apr\u00e8s trois ans et<br \/>\n3 \u00e9pisodes \u00e9lectoraux, plut\u00f4t bien<br \/>\nr\u00e9ussis, les militants du Front de<br \/>\ngauche r\u00e9fl\u00e9chissent \u00e0 structurer<br \/>\nleur mouvement. La dynamique<br \/>\nqu\u2019ils ont connue pendant les pr\u00e9sidentielles<br \/>\noffre des perspectives<br \/>\nqu\u2019il leur faut concr\u00e9tiser.<\/p>\n<p>Nous avons un regard naturellement<br \/>\nsolidaire envers ce mouvement<br \/>\ncar nous sommes proches de<br \/>\nnombreux militants du PC, du PG<br \/>\net des autres courants (\u00e9vidence<br \/>\npour ceux qui viennent du NPA<br \/>\nou de la LCR). Tout simplement<br \/>\nparce que nous militons ensemble<br \/>\nau quotidien dans les syndicats<br \/>\nou dans les associations, que nous<br \/>\nr\u00e9sistons ensemble aux attaques<br \/>\npatronales ou gouvernementales<br \/>\ndepuis des ann\u00e9es. Nous avons<br \/>\ndes liens fraternels.<\/p>\n<p>Si nous saisissons toutes les occasions<br \/>\npour agir ensemble, nous<br \/>\navons n\u00e9anmoins des d\u00e9saccords<br \/>\npolitiques importants qui expliquent<br \/>\nque nous existions s\u00e9par\u00e9ment.<br \/>\nAu-del\u00e0 des nombreuses<br \/>\nrevendications ou id\u00e9aux que<br \/>\nnous partageons, nous sommes<br \/>\nd\u2019accord sur le fait que les salari\u00e9s,<br \/>\nla population ont besoin d\u2019un outil<br \/>\npolitique pour d\u00e9fendre les int\u00e9r\u00eats de notre camp social. Mais avec le Front de gauche, ce serait une<br \/>\nforce \u00e9lectorale, une force qui viserait<br \/>\n\u00e0 prendre le pouvoir par les<br \/>\n\u00e9lections et en attendant \u00e0 influencer<br \/>\nou \u00e0 pousser la gauche gouvernementale<br \/>\n\u00e0 mener une politique<br \/>\nplus \u00ab de gauche \u00bb. Le Front<br \/>\nde gauche se situe aujourd\u2019hui,<br \/>\nde fa\u00e7on critique, dans la majorit\u00e9<br \/>\ngouvernementale. Dans les<br \/>\nr\u00e9gions et la plupart des d\u00e9partements,<br \/>\nil participe aux majorit\u00e9s et<br \/>\naux ex\u00e9cutifs avec le PS. Le NPA se<br \/>\nsitue dans l\u2019opposition et souhaite<br \/>\nque se constitue une opposition<br \/>\nde gauche \u00e0 ce gouvernement.<br \/>\nPar ailleurs, le Front de gauche<br \/>\nest un cartel, domin\u00e9 par le PC et<br \/>\nM\u00e9lenchon, qui n\u2019a pas le fonctionnement<br \/>\nd\u00e9mocratique qui permettrait<br \/>\nle d\u00e9passement de cette<br \/>\nsituation.<\/p>\n<p>Pour nous, cet outil politique tant<br \/>\nn\u00e9cessaire pour les opprim\u00e9s, c\u2019est<br \/>\nun parti effectivement large, unitaire,<br \/>\nouvert \u00e0 l\u2019ensemble des<br \/>\ncourants anticapitalistes, contestataire.<br \/>\nMais pour nous, et c\u2019est<br \/>\nfondamental, il s\u2019agit d\u2019un parti<br \/>\ncompl\u00e8tement ind\u00e9pendant du<br \/>\ngouvernement, du Parti socialiste,<br \/>\nun parti qui aspire au pouvoir<br \/>\nmais pour le pouvoir collectif de<br \/>\nla population, pas pour compter<br \/>\nle nombre d\u2019\u00e9lus m\u00eame si c\u2019est important<br \/>\nd\u2019en avoir.<\/p>\n<p>Nous luttons pour une autre d\u00e9mocratie,<br \/>\npour une d\u00e9mocratie directe<br \/>\net non pas celle de la R\u00e9publique<br \/>\nactuelle. De la m\u00eame mani\u00e8re,<br \/>\nnous combattons pour une v\u00e9ritable<br \/>\nr\u00e9publique sociale contre<br \/>\ncette r\u00e9publique bourgeoise. Nous<br \/>\navons besoin d\u2019une force politique<br \/>\nqui organise, qui aide \u00e0 construire<br \/>\nles mobilisations et l\u2019intervention<br \/>\ndirecte des populations. Pour nous,<br \/>\nle changement r\u00e9el passe par les<br \/>\nluttes et non par les \u00e9lections.<\/p>\n<p>Nos objectifs divergent, nous ne<br \/>\ncroyons pas \u00e0 la r\u00e9volution citoyenne,<br \/>\nmais nous suivons de pr\u00e8s<br \/>\nl\u2019exp\u00e9rience du Front de gauche<br \/>\net nous sommes m\u00eame partie prenante<br \/>\nd\u2019un d\u00e9bat entre nous sur<br \/>\nle type d\u2019outil \u00e0 construire, sur la<br \/>\nn\u00e9cessit\u00e9 de construire une opposition<br \/>\nde gauche au gouvernement.<br \/>\nPour le moment, c\u2019est clair,<br \/>\nle FDG a su cr\u00e9er une dynamique<br \/>\nessentiellement \u00e9lectorale. Mais<br \/>\nla situation politique nouvelle,<br \/>\nl\u2019approfondissement de la crise,<br \/>\nl\u2019aust\u00e9rit\u00e9 qui fait des ravages, un<br \/>\ngouvernement de gauche qui va<br \/>\ncontinuer une politique lib\u00e9rale<br \/>\ncontre la population\u2026 Tout cela<br \/>\nnous donne raison et remet d\u2019actualit\u00e9<br \/>\nle besoin d\u2019un parti pour les<br \/>\nluttes, un parti qui s\u2019oppose \u00e0 l\u2019aust\u00e9rit\u00e9<br \/>\nqu\u2019elle vienne de droite ou<br \/>\nde gauche, un parti qui permette<br \/>\nr\u00e9ellement aux travailleurs, aux<br \/>\ngens d\u2019en bas de prendre leurs<br \/>\naffaires en main.<\/p>\n","protected":false},"excerpt":{"rendered":"<p>Il est normal qu\u2019apr\u00e8s trois ans et 3 \u00e9pisodes \u00e9lectoraux, plut\u00f4t bien r\u00e9ussis, les militants du Front de gauche r\u00e9fl\u00e9chissent \u00e0 structurer leur mouvement. La dynamique qu\u2019ils ont connue pendant les pr\u00e9sidentielles offre des perspectives qu\u2019il leur faut concr\u00e9tiser. Nous avons un regard naturellement solidaire envers ce mouvement car nous sommes proches de nombreux militants [&hellip;]<\/p>\n","protected":false},"author":1,"featured_media":0,"comment_status":"open","ping_status":"open","sticky":false,"template":"","format":"standard","meta":{"_themeisle_gutenberg_block_has_review":false,"footnotes":""},"categories":[1],"tags":[],"class_list":["post-5849","post","type-post","status-publish","format-standard","hentry","category-non-classe"],"_links":{"self":[{"href":"https:\/\/archives.regards.fr\/index.php?rest_route=\/wp\/v2\/posts\/5849","targetHints":{"allow":["GET"]}}],"collection":[{"href":"https:\/\/archives.regards.fr\/index.php?rest_route=\/wp\/v2\/posts"}],"about":[{"href":"https:\/\/archives.regards.fr\/index.php?rest_route=\/wp\/v2\/types\/post"}],"author":[{"embeddable":true,"href":"https:\/\/archives.regards.fr\/index.php?rest_route=\/wp\/v2\/users\/1"}],"replies":[{"embeddable":true,"href":"https:\/\/archives.regards.fr\/index.php?rest_route=%2Fwp%2Fv2%2Fcomments&post=5849"}],"version-history":[{"count":0,"href":"https:\/\/archives.regards.fr\/index.php?rest_route=\/wp\/v2\/posts\/5849\/revisions"}],"wp:attachment":[{"href":"https:\/\/archives.regards.fr\/index.php?rest_route=%2Fwp%2Fv2%2Fmedia&parent=5849"}],"wp:term":[{"taxonomy":"category","embeddable":true,"href":"https:\/\/archives.regards.fr\/index.php?rest_route=%2Fwp%2Fv2%2Fcategories&post=5849"},{"taxonomy":"post_tag","embeddable":true,"href":"https:\/\/archives.regards.fr\/index.php?rest_route=%2Fwp%2Fv2%2Ftags&post=5849"}],"curies":[{"name":"wp","href":"https:\/\/api.w.org\/{rel}","templated":true}]}}