{"id":5844,"date":"2012-10-05T10:05:00","date_gmt":"2012-10-05T08:05:00","guid":{"rendered":"https:\/\/wp.muchomaas.com\/article-la-vie-apres-les-elections\/"},"modified":"2012-10-05T10:05:00","modified_gmt":"2012-10-05T08:05:00","slug":"article-la-vie-apres-les-elections","status":"publish","type":"post","link":"https:\/\/archives.regards.fr\/?p=5844","title":{"rendered":"La vie apr\u00e8s les \u00e9lections"},"content":{"rendered":"<p class=\"post_excerpt\">Lundi 9 heures, petit-d\u00e9jeuner de la gauche radicale<br \/>\ndans le bureau de Iann Brossat, conseiller de Paris, en<br \/>\ncompagnie de Myriam Martin, \u00c9ric Coquerel et rejoint<br \/>\napr\u00e8s les croissants par Christophe Aguiton.<br \/>\nAu menu : l\u2019avenir du Front de gauche, ses d\u00e9bats<br \/>\nstrat\u00e9giques, ses formes d\u2019organisation.<\/p>\n<p><strong>Regards.fr.<\/strong> <em> <strong>Quelques mois apr\u00e8s l\u2019\u00e9lection<br \/>\nd\u2019un pr\u00e9sident socialiste, Le Front<br \/>\nde gauche organise une manifestation<br \/>\npolitique contre le TSCG et<br \/>\nl\u2019aust\u00e9rit\u00e9\u2026 Vous cherchez la tension<br \/>\npolitique ?<\/strong> <\/em><\/p>\n<p><strong>Eric Coquerel. <\/strong> Pour la premi\u00e8re fois, la<br \/>\nFrance est dirig\u00e9e par un gouvernement<br \/>\nqui applique sans complexe une politique<br \/>\nsociale lib\u00e9rale. En 1997, cohabitaient<br \/>\nles 35 heures et les privatisations,<br \/>\nle refus de l\u2019AMI et la signature du trait\u00e9<br \/>\nd\u2019Amsterdam. On sentait alors plusieurs<br \/>\nchoix possibles et on imaginait pouvoir<br \/>\npeser positivement sur les d\u00e9cisions gouvernementales.<br \/>\nEn 1997, j\u2019\u00e9tais encore<br \/>\nun militant de la LCR et je me souviens<br \/>\nqu\u2019au tout d\u00e9but nous nous interrogions<br \/>\nsur la pertinence d\u2019un soutien critique<br \/>\nau gouvernement de gauche plurielle.<br \/>\nNous n\u2019en sommes plus l\u00e0 ! Le gouvernement<br \/>\nHollande valide le trait\u00e9 n\u00e9goci\u00e9<br \/>\npar Sarkozy, pr\u00e9voit un budget d\u2019aust\u00e9rit\u00e9<br \/>\nsans pr\u00e9c\u00e9dent pour 2013, reprend<br \/>\nl\u2019id\u00e9e que le probl\u00e8me est le co\u00fbt du travail\u2026<br \/>\nCela nous place dans une situation<br \/>\nin\u00e9dite. Ayant largement contribu\u00e9 \u00e0<br \/>\nla victoire contre Nicolas Sarkozy, nous<br \/>\nnous consid\u00e9rons comme des ayants<br \/>\ndroit. Mais il est clair qu\u2019au fil des jours,<br \/>\nles \u00e9volutions ne laissent gu\u00e8re place aux<br \/>\nillusions : Hollande n\u2019en est plus \u00e0 refuser<br \/>\nle plan PSA mais \u00e0 promettre de r\u00e9ussir<br \/>\nles reclassements. M\u00eame la perspective<br \/>\nd\u2019obtenir une loi interdisant les licenciements<br \/>\nboursiers, que les socialistes<br \/>\navaient pourtant vot\u00e9e au S\u00e9nat sous<br \/>\nSarkozy, s\u2019\u00e9loigne. Nous pensons que<br \/>\ncette politique court \u00e0 l\u2019\u00e9chec et le Front<br \/>\nde gauche ne peut courir le risque d\u2019\u00eatre<br \/>\nassimil\u00e9 \u00e0 cet \u00e9chec s\u2019il veut construire<br \/>\nune alternative de gauche \u00e0 cette politique.<br \/>\nIl doit assumer d\u2019\u00eatre un recours.<br \/>\nLa crise va in\u00e9vitablement s\u2019aggraver,<br \/>\ndes pr\u00e9cipitations dans le calendrier<br \/>\npolitique et social ne sont pas exclues,<br \/>\nje ne suis pas s\u00fbr que nous ayons 5 ans<br \/>\ndevant nous pour rendre cela cr\u00e9dible.<br \/>\nEn tout cas, nous devons d\u00e8s maintenant<br \/>\ntravailler \u00e0 modifier le rapport de force au<br \/>\nsein de la gauche.<\/p>\n<p><strong>Iann Brossat. <\/strong> Mon analyse de la politique<br \/>\ndu gouvernement actuel n\u2019est pas<br \/>\nfondamentalement diff\u00e9rente de celle<br \/>\nque vient de d\u00e9velopper \u00c9ric. Fran\u00e7ois<br \/>\nHollande avait dit qu\u2019il promettait peu<br \/>\npour tenir tout. Jusqu\u2019\u00e0 pr\u00e9sent, il a<br \/>\npeu promis et peu tenu. Il renonce aux<br \/>\navanc\u00e9es \u00e9conomiques et sociales sous pr\u00e9texte qu\u2019il y a la crise. Et il renonce<br \/>\naux mesures soci\u00e9tales sous la pression<br \/>\ndes conservatismes et des lobbies. Je<br \/>\npense au r\u00e9c\u00e9piss\u00e9 de contr\u00f4le d\u2019identit\u00e9<br \/>\nou au droit de vote pour les r\u00e9sidents<br \/>\nnon-communautaires. Comment faire ?<br \/>\nAllons-nous, pendant 5 ans, dresser<br \/>\nla liste des renoncements ? L\u2019exercice<br \/>\nrisque d\u2019\u00eatre fastidieux. Ou allons-nous,<br \/>\nau contraire, nous battre pour faire bouger<br \/>\nles lignes ? Les suites du 30 septembre<br \/>\nseront d\u00e9terminantes. Il faut que<br \/>\nse l\u00e8ve un front anti-aust\u00e9rit\u00e9. Et je crois<br \/>\nque sur cette base du refus de l\u2019aust\u00e9rit\u00e9,<br \/>\nnous pouvons rassembler tr\u00e8s largement,<br \/>\nau-del\u00e0 m\u00eame des limites actuelles<br \/>\ndu Front de gauche.<\/p>\n<p><strong>Myriam Martin.<\/strong> Nous sommes engag\u00e9s<br \/>\ndans une course de vitesse avec la<br \/>\ndroite dure et l\u2019extr\u00eame droite. Il existe<br \/>\nen France un risque de recomposition<br \/>\nentre les deux. \u00catre un recours, cela suppose<br \/>\nde porter un projet alternatif. Pour<br \/>\nce faire, il faut que le Front de gauche<br \/>\n\u00e9volue et qu\u2019il devienne davantage qu\u2019un<br \/>\ncartel \u00e9lectoral. Certes, il est d\u00e9j\u00e0 plus<br \/>\nque cela, mais il n\u2019est pas encore un<br \/>\nmouvement politique. C\u2019est le sens politique<br \/>\ndes d\u00e9bats actuels sur la structuration<br \/>\net les transformations du Front de<br \/>\ngauche. Il faut que les gens puissent d\u00e9cider<br \/>\nentre deux programmes et montrer<br \/>\nleur incompatibilit\u00e9. En ce sens, m\u00eame si<br \/>\nje ne reprends pas l\u2019appr\u00e9ciation d\u2019\u00c9ric<br \/>\nCoquerel sur les possibilit\u00e9s de 1997, je<br \/>\nconstate, comme lui, les reculs. On avait<br \/>\nl\u2019habitude, par exemple, de retrouver les<br \/>\nmilitants socialistes dans les combats<br \/>\nen faveur des droits et des libert\u00e9s. Ce<br \/>\nn\u2019est plus le cas. Le PS a fait sa mue<br \/>\nsociale-lib\u00e9rale, plus vraiment sociale<br \/>\nmais tr\u00e8s lib\u00e9rale\u2026<\/p>\n<p><strong>Iann Brossat. <\/strong> Je ne suis pas convaincu<br \/>\nque la notion de recours soit la plus<br \/>\nadapt\u00e9e \u00e0 la situation que nous vivons<br \/>\nactuellement. Elle pourrait donner l\u2019impression<br \/>\nque nous attendons la chute<br \/>\ndu gouvernement pour ramasser la mise.<br \/>\nD\u2019ailleurs, au Front de gauche, personne<br \/>\nne se place dans une telle perspective.<br \/>\nLes r\u00e9sistances doivent se lever<br \/>\ntout de suite.<\/p>\n<p><em> <strong>On imagine que vous d\u00e9battez<br \/>\nentre vous de l\u2019action gouvernementale,<br \/>\ndu rapport au Parti socialiste,<br \/>\ndes perspectives politiques.<br \/>\nQui participent \u00e0 ces d\u00e9bats ?<br \/>\nComment sont-ils arbitr\u00e9s ?<\/strong> <\/em><\/p>\n<p><strong>Eric Coquerel.<\/strong> Au sein du Front de<br \/>\ngauche, il y a toujours eu des d\u00e9bats<br \/>\nstrat\u00e9giques. Normal : nous avons des<br \/>\nsensibilit\u00e9s diff\u00e9rentes. Il est vrai qu\u2019en<br \/>\njuillet le Parti communiste d\u00e9clarait vouloir<br \/>\n\u00ab faire r\u00e9ussir la gauche \u00bb. Pour nous,<br \/>\ncette position n\u2019\u00e9tait pas compr\u00e9hensible<br \/>\ntant la politique du gouvernement<br \/>\nest \u00e9loign\u00e9e de celle que nous proposons.<br \/>\nNous avons d\u00e9cid\u00e9 d\u2019un commun<br \/>\naccord de ne pas faire de cette question,<br \/>\nun d\u00e9bat clivant, de la v\u00e9rifier \u00e0<br \/>\nl\u2019\u00e9preuve des faits. Je constate qu\u2019en<br \/>\nseptembre, les positions sur ce point<br \/>\nse rapprochent progressivement. Depuis 2008, ce qui nous structure collectivement<br \/>\nc\u2019est l\u2019autonomie vis-\u00e0-vis du<br \/>\nParti socialiste : nous ne participons pas<br \/>\nau gouvernement ; les parlementaires se<br \/>\nsont abstenus de voter la confiance au<br \/>\ngouvernement Ayrault.<br \/>\nLes d\u00e9bats que nous avons ne sont<br \/>\npas n\u00e9cessairement entre les forces<br \/>\npolitiques ; bien souvent ils traversent les<br \/>\npartis eux-m\u00eames.<\/p>\n<p><strong>Myriam Martin. <\/strong> Moi non plus je ne formulerais<br \/>\npas la question en terme de<br \/>\nrecours. Je pense qu\u2019il nous faut surtout<br \/>\nrendre cr\u00e9dible le Front de gauche, porter<br \/>\nun projet \u00e0 gauche. L\u2019accord strat\u00e9gique<br \/>\nentre nous porte sur le rapport au<br \/>\npouvoir. Notre objectif est d\u2019acc\u00e9der au<br \/>\npouvoir. Je pense que le NPA n\u2019a pas assez<br \/>\ndiscut\u00e9 de strat\u00e9gie et trop occult\u00e9<br \/>\ncette question du pouvoir\u2026<\/p>\n<p><em> <strong>Selon chacun de vous, quelles sont<br \/>\nles prochaines \u00e9ch\u00e9ances du Front<br \/>\nde gauche ?<\/strong> <\/em><\/p>\n<p><strong>Myriam Martin.<\/strong> Les \u00e9lections Europ\u00e9ennes<br \/>\net les municipales. Aujourd\u2019hui<br \/>\ns\u2019ouvre une p\u00e9riode sans scrutin \u00e9lectoral<br \/>\nmais le Front de gauche continue de vivre,<br \/>\nde se structurer. On va s\u2019attacher \u00e0 organiser<br \/>\nles r\u00e9sistances.<\/p>\n<p><strong>Iann Brossat.<\/strong> La question europ\u00e9enne<br \/>\ndevient la question majeure \u00e0 gauche. Elle<br \/>\nmat\u00e9rialise une ligne de fracture au sein<br \/>\nde la gauche sur la question de l\u2019aust\u00e9rit\u00e9.<br \/>\nIl y a donc un enjeu consid\u00e9rable autour<br \/>\ndes \u00e9lections europ\u00e9ennes. Nous les pr\u00e9parons<br \/>\nd\u00e8s \u00e0 pr\u00e9sent en se battant contre<br \/>\nle TSCG.<\/p>\n<p><strong>Eric Coquerel.<\/strong> Je pense que nous pouvons<br \/>\nesp\u00e9rer \u00eatre devant le Parti socialiste<br \/>\naux \u00e9lections europ\u00e9ennes de<br \/>\n2014. Le choix d\u2019EELV de refuser le<br \/>\nTSCG montre que les choses bougent<br \/>\net peuvent aller vite. Notre opposition au<br \/>\nTSCG rassemble davantage la gauche<br \/>\ndans sa diversit\u00e9 (la gauche du PS, EELV,<br \/>\nl\u2019autre gauche) que celle qui pr\u00f4ne sa<br \/>\nratification. Il y a une majorit\u00e9 alternative \u00e0<br \/>\nla politique gouvernementale. On pourra<br \/>\nalors le prouver concr\u00e8tement.<br \/>\nL\u2019autre grande \u00e9ch\u00e9ance, les municipales,<br \/>\nsera plus compliqu\u00e9e mais \u00e9videmment<br \/>\nimportante. Les situations locales sont<br \/>\nplus diverses. Elles d\u00e9pendent de la taille<br \/>\ndes villes, du rapport de force \u00e0 gauche.<br \/>\nIl y a des collectivit\u00e9s dirig\u00e9es par des<br \/>\nsocialistes qui ne font pas une politique<br \/>\nsociale-lib\u00e9rale et bien s\u00fbr des villes<br \/>\ndirig\u00e9es par le Front de gauche. \u00c0 cette<br \/>\nheure, j\u2019imagine que la ligne d\u2019autonomie du Front de gauche au premier tour sera<br \/>\ndominante mais avec d\u2019autres formules<br \/>\npossibles. Nous devrons proposer un<br \/>\nensemble de mesures communes, tant<br \/>\n\u00e0 l\u2019\u00e9chelle nationale qu\u2019\u00e0 l\u2019\u00e9chelle locale.<br \/>\nCar si le FN est autonome vis-\u00e0-vis de la<br \/>\ndroite, le Front de gauche doit lui aussi<br \/>\nse d\u00e9marquer du PS et \u00eatre extr\u00eamement<br \/>\nlisible dans sa strat\u00e9gie et sa politique<br \/>\naux municipales.<\/p>\n<p><strong>Myriam Martin.<\/strong> Il est certain que la politique<br \/>\ngouvernementale a et aura des<br \/>\nr\u00e9percussions sur les politiques locales.<br \/>\n\u00c0 Toulouse, la gestion socialiste de la ville<br \/>\nn\u2019est pas bonne. D\u00e8s aujourd\u2019hui, nous<br \/>\ndevons d\u00e9battre et d\u00e9finir notre position :<br \/>\nil nous faut \u00e9laborer des listes autonomes<br \/>\net convaincre la direction du PC \u00e0 Toulouse.<br \/>\nLe d\u00e9bat doit d\u00e9buter avec les discussions<br \/>\nsur le programme.<\/p>\n<p><strong>Iann Brossat.<\/strong> Je suis d\u2019accord. Il ne faut<br \/>\npas tarder \u00e0 engager ces d\u00e9bats et ce<br \/>\ntravail pour pr\u00e9parer les \u00e9ch\u00e9ances municipales.<br \/>\nJe le dis d\u2019autant plus volontiers<br \/>\nqu\u2019au Front de gauche, nous sommes<br \/>\nhabitu\u00e9s \u00e0 nous battre ensemble sur des<br \/>\nenjeux nationaux et assez peu sur des<br \/>\nquestions locales. Pour continuer \u00e0 d\u00e9velopper<br \/>\nle Front de gauche et r\u00e9ussir aux<br \/>\n\u00e9lections municipales, il faut que nous<br \/>\nsoyons capables de franchir cette \u00e9tape.<br \/>\n\u00c0 Paris, o\u00f9 je suis \u00e9lu, les communistes<br \/>\nont toujours particip\u00e9 \u00e0 des listes d\u2019union,<br \/>\n\u00e0 une exception pr\u00e8s, en 1989. Nous<br \/>\nsommes actuellement partie prenante<br \/>\nde la majorit\u00e9, et nous avons permis des avanc\u00e9es importantes. En 2014, Paris<br \/>\natteindra les 20 % de logements sociaux.<br \/>\nCette avanc\u00e9e est le r\u00e9sultat de notre<br \/>\ncombat. Pour autant, je suis oblig\u00e9 de<br \/>\nconstater que les politiques d\u2019aust\u00e9rit\u00e9 se<br \/>\nfont sentir ici aussi. Je pense par exemple<br \/>\n\u00e0 la question des personnels municipaux :<br \/>\nla municipalit\u00e9 fait le choix de maintenir<br \/>\nla masse salariale \u00e0 son niveau actuel au<br \/>\nmoment o\u00f9 on multiplie le nombre d\u2019\u00e9quipements<br \/>\npublics.<br \/>\nLe bon moyen de nous engager dans<br \/>\ncette bataille, c\u2019est de travailler \u00e0 notre<br \/>\nprojet municipal. Il faut s\u2019y mettre<br \/>\ntout de suite.<\/p>\n<p><em> <strong>Ces questions de contenu, comme<br \/>\npar exemple le sujet tr\u00e8s discut\u00e9 de<br \/>\nla m\u00e9tropolisation, doivent \u00eatre arbitr\u00e9es<br \/>\nau sein du Front de gauche.<br \/>\nCela pose la question du fonctionnement<br \/>\ndu Front de gauche,<br \/>\ncelle de sa transparence, de la<br \/>\nplace des petites formations, des individus\u2026 O\u00f9 en \u00eates-vous de<br \/>\nvos r\u00e9flexions ?<\/strong> <\/em><\/p>\n<p><strong>Myriam Martin.<\/strong> Le Front de gauche est<br \/>\nd\u2019ores et d\u00e9j\u00e0 plus qu\u2019un cartel. Il doit<br \/>\n\u00eatre un mouvement politique, prendre<br \/>\ndes positions communes et non se<br \/>\ncontenter de pr\u00e9senter des candidats<br \/>\ncommuns. Il faut assurer une expression<br \/>\ncommune du Front de gauche,<br \/>\nlisible, audible et qui laisse la place aux<br \/>\ndiversit\u00e9s. Bien souvent, cela n\u2019a pas de<br \/>\nsens de coller tous nos badges les uns<br \/>\nderri\u00e8res les autres\u2026<br \/>\nL\u2019enjeu est de refaire militer tous ceux qui<br \/>\nse sont engag\u00e9s dans la campagne pr\u00e9sidentielle.<br \/>\nCette ambition ne se r\u00e9sume<br \/>\npas \u00e0 la seule question de l\u2019adh\u00e9sion<br \/>\ndirecte. Mais il est vrai qu\u2019aujourd\u2019hui<br \/>\nnous sommes incapables de r\u00e9pondre<br \/>\n\u00e0 cette attente de participation. Ce n\u2019est<br \/>\npas simple d\u2019inventer des solutions forc\u00e9ment<br \/>\nhybrides. Mais d\u2019autres le font<br \/>\ncomme le Bloco portugais organis\u00e9 en<br \/>\ndeux : les partis et les adh\u00e9rents directs.<br \/>\nIl faut que nous envoyions un signal positif<br \/>\n\u00e0 tous ceux qui nous attendent.<\/p>\n<p><strong>Iann Brossat.<\/strong> L\u2019essentiel, c\u2019est que nous<br \/>\navons tous envie de continuer ensemble.<br \/>\nCe n\u2019est pas rien. Rappelons-nous des<br \/>\nd\u00e9bats que nous avions il y a encore<br \/>\nquelques ann\u00e9es. Le moins qu\u2019on puisse<br \/>\ndire, c\u2019est qu\u2019en 2008, le Front de<br \/>\ngauche n\u2019\u00e9tait pas une \u00e9vidence. Les<br \/>\nd\u00e9bats \u00e9taient serr\u00e9s. Aujourd\u2019hui, apr\u00e8s<br \/>\nles succ\u00e8s que nous avons engrang\u00e9s,<br \/>\ntout le monde a envie de continuer. Et<br \/>\npour cause : nous sommes la deuxi\u00e8me<br \/>\nforce politique \u00e0 gauche. J\u2019entends bien que des d\u00e9bats de structure<br \/>\nse font jour. Je constate cependant<br \/>\nque sur le terrain les probl\u00e8mes<br \/>\nse r\u00e8glent. Les assembl\u00e9es citoyennes<br \/>\ncoexistent avec les partis politiques.<br \/>\nPour trouver des r\u00e9ponses, il faut laisser<br \/>\nle champ libre aux exp\u00e9rimentations<br \/>\nlocales. Cela me para\u00eet plus efficace<br \/>\nqu\u2019une tentative de solution nationale qui<br \/>\ns\u2019imposerait d\u2019en haut.<\/p>\n<p><strong>Eric Coquerel. <\/strong> D\u2019abord, il y a un bilan,<br \/>\net il est bon. Le Front de gauche, cr\u00e9\u00e9<br \/>\nen 2008, a sorti l\u2019\u00ab autre gauche \u00bb de<br \/>\nson \u00e9miettement. Nous sommes rassembl\u00e9s<br \/>\net nous sommes la seconde force<br \/>\nde la gauche. Nous nous sommes \u00e9largis<br \/>\n\u00e0 d\u2019autres partis\u2026 Bref, nous avons<br \/>\nde l\u2019impact. Nous \u00e9tions une alliance<br \/>\n\u00e9lectorale, nous sommes devenus une<br \/>\nd\u00e9marche. Mais nous voulons devenir<br \/>\nune force populaire, un Front du peuple.<br \/>\nNous sommes loin d\u2019avoir fait le plein en<br \/>\nterme d\u2019adh\u00e9sions parmi les gens qui se<br \/>\nsont engag\u00e9s \u00e0 nos c\u00f4t\u00e9s. La question<br \/>\ndes adh\u00e9sions directes se pose.<br \/>\nMais l\u2019important pour \u00eatre populaire<br \/>\nc\u2019est d\u2019\u00eatre utile, de fixer des objectifs.<br \/>\nIl faut cr\u00e9er les conditions pour que les<br \/>\ngens aient envie de rejoindre le Front<br \/>\nde gauche. \u00c0 l\u2019arriv\u00e9e, il se peut que la<br \/>\nmajorit\u00e9 des adh\u00e9rents soient des nonorganis\u00e9s<br \/>\n(sic ! NDLR) et vous verrez<br \/>\nque la question des adh\u00e9sions directes<br \/>\nse r\u00e9glera vite.<br \/>\nJe crois aussi beaucoup aux fronts th\u00e9matiques<br \/>\nqui allient \u00e9laboration et mobilisation.<br \/>\nLe Parti de gauche propose<br \/>\nd\u2019ailleurs une convention nationale des<br \/>\nfronts th\u00e9matiques.<br \/>\nEnfin, pour r\u00e9pondre \u00e0 la question insistante<br \/>\nde \u00ab qui participe ? \u00bb : les repr\u00e9sentants<br \/>\nde toutes les forces politiques du<br \/>\nFront de gauche se r\u00e9unissent \u00e0 la coordination<br \/>\nnationale deux heures chaque<br \/>\nlundi. \u00c7a se travaille aussi au conseil<br \/>\nnational et dans les Front th\u00e9matiques.<br \/>\nC\u2019est un d\u00e9but mais convenons de notre<br \/>\nprogression.<\/p>\n<p><strong>Christophe Aguiton.<\/strong> Ce qui se passe en<br \/>\nFrance se constate dans la plupart des<br \/>\npays d\u00e9velopp\u00e9s o\u00f9 se regroupent des<br \/>\nforces \u00e9lectorales et militantes oppos\u00e9es<br \/>\nau lib\u00e9ralisme. Partout, il y a une<br \/>\ntendance \u00e0 l\u2019unification de ces forces. La<br \/>\ndifficult\u00e9 tient toujours au passage d\u2019un<br \/>\nbloc \u00e9lectoral vers le parti organique qui<br \/>\nr\u00e9unit le tout.<br \/>\nN\u00e9anmoins, la strat\u00e9gie organisationnelle<br \/>\nne saurait r\u00e9soudre toutes les questions.<br \/>\nLes partis constitu\u00e9s qui se r\u00e9unissent sont form\u00e9s par l\u2019exp\u00e9rience<br \/>\ndu XXe si\u00e8cle. Ils sont de ce fait souvent<br \/>\npeu sensibles aux questions nouvelles<br \/>\ncomme celles de l\u2019Internet, de la ville ou<br \/>\nde la transformation profonde du travail.<br \/>\nDie Linke vient de souffrir d\u2019une usure<br \/>\nrapide parce qu\u2019il a tard\u00e9 \u00e0 mettre \u00e0 jour<br \/>\nses id\u00e9es et propositions. Pour prendre<br \/>\nun exemple : des th\u00e8mes comme les<br \/>\nnationalisations et la planification redeviennent<br \/>\nd\u2019actualit\u00e9 et sont port\u00e9s par<br \/>\nle Front de gauche. C\u2019est tout \u00e0 fait<br \/>\npertinent quand on pense aux transports<br \/>\npublics ou au secteur financier.<br \/>\nMais c\u2019est plus discutable quand on<br \/>\npense \u00e0 des activit\u00e9s souvent tr\u00e8s<br \/>\ninnovantes, dans les secteurs de la<br \/>\nconnaissance ou de l\u2019environnement,<br \/>\npar exemple, o\u00f9 se d\u00e9veloppent des<br \/>\nlogiques de \u00ab biens communs \u00bb qui<br \/>\ns\u2019opposent \u00e0 la propri\u00e9t\u00e9 priv\u00e9e mais<br \/>\nsans pour autant se reposer sur l\u2019\u00c9tat,<br \/>\npris au sens large du terme. Pour<br \/>\n\u00e9largir nos angles de vue, pour nous<br \/>\nouvrir \u00e0 des militants qui portent ces<br \/>\nnouvelles th\u00e9matiques, nous avons<br \/>\nbesoin de moments constituants qui<br \/>\nd\u00e9passent les cartels. Il nous faut donc<br \/>\nr\u00e9fl\u00e9chir \u00e0 une double transformation<br \/>\ndu Front de gauche, organisationnelle<br \/>\net politique.<\/p>\n<p><strong>Iann Brossat. <\/strong> Je voudrais r\u00e9pondre sur<br \/>\ndeux points. D\u2019abord, la question de la<br \/>\nplace des partis politiques au sein du<br \/>\nFront de gauche. L\u2019existence de partis<br \/>\npolitiques organis\u00e9s n\u2019est pas un frein<br \/>\nau d\u00e9veloppement du Front de gauche.<br \/>\nLe Front de gauche va au-del\u00e0 des partis<br \/>\npolitiques qu\u2019il rassemble, c\u2019est une<br \/>\nr\u00e9alit\u00e9. Mais nous avons besoin de la<br \/>\nforce de frappe des partis rassembl\u00e9s<br \/>\nen son sein. Comment aurions-nous pu<br \/>\norganiser la Bastille et ses r\u00e9pliques<br \/>\n\u00e0 Toulouse et \u00e0 Marseille sans cette<br \/>\nforce-l\u00e0 ? L\u2019atout du Front de gauche<br \/>\ntient justement \u00e0 notre capacit\u00e9 \u00e0 unir<br \/>\ndes gens qui ont fait le choix de s\u2019engager<br \/>\ndans un parti politique et d\u2019autres<br \/>\nqui ne l\u2019ont pas fait.<br \/>\nDeuxi\u00e8me remarque : j\u2019entends bien<br \/>\nl\u2019id\u00e9e selon laquelle nous serions englu\u00e9s<br \/>\ndans des concepts dat\u00e9s, h\u00e9rit\u00e9s<br \/>\ndu xxe si\u00e8cle. Il faut se garder de formules<br \/>\nd\u00e9finitives. Il y a quelques ann\u00e9es,<br \/>\nparler de nationalisations et de service<br \/>\npublic \u00e9tait ringard. Vingt ans plus tard,<br \/>\nParis remunicipalise l\u2019eau et l\u2019id\u00e9e para\u00eet<br \/>\nterriblement moderne.<\/p>\n<p><strong>Eric Coquerel.<\/strong> Je crois que la bonne fa\u00e7on<br \/>\nd\u2019aborder la question du d\u00e9passement<br \/>\ndes grands mod\u00e8les de transformation<br \/>\nqui ont \u00e9chou\u00e9 au xxe si\u00e8cle est<br \/>\nd\u2019abord de construire un programme de<br \/>\ngouvernement, celui qu\u2019on appliquera<br \/>\nensemble.<br \/>\nJe pense qu\u2019un parti organique serait<br \/>\npossible \u00e0 terme. Mais ce n\u2019est pas aujourd\u2019hui<br \/>\nle choix du PCF. Donc on n\u2019a<br \/>\npas commenc\u00e9 par cette discussion.<br \/>\nSinon, on y serait encore\u2026 Et pour<br \/>\nlongtemps. Si nous n\u2019allons sans doute<br \/>\npas faire un seul parti et que durablement<br \/>\nnous aurons une forme f\u00e9d\u00e9rative<br \/>\nrassemblant des partis, des associations<br \/>\ncomme ce fut le cas pendant le<br \/>\nfront populaire, il faut faire avancer ce<br \/>\nqui peut l\u2019\u00eatre pour d\u00e9passer le cartel et<br \/>\ndevenir un mouvement de masse.<\/p>\n<p><strong>Christophe Aguiton.<\/strong> Quand la premi\u00e8re<br \/>\nmondialisation, \u00e0 la fin du xxe si\u00e8cle,<br \/>\ns\u2019est fractur\u00e9e, les socialistes d\u2019alors se<br \/>\nsont repos\u00e9 les questions doctrinales<br \/>\n\u2013 comment faire face \u00e0 cette nouvelle<br \/>\nphase du capitalisme que beaucoup appelaient<br \/>\nl\u2019imp\u00e9rialisme \u2013 et les questions<br \/>\nd\u2019organisation \u2013 comment construire des<br \/>\npartis de masse. Leurs r\u00e9ponses furent<br \/>\ntr\u00e8s diff\u00e9rentes de celles imagin\u00e9es<br \/>\npar Marx. D\u2019une certaine fa\u00e7on, il faudra<br \/>\nfaire le m\u00eame effort conceptuel<br \/>\nen s\u2019appuyant sur les exp\u00e9riences<br \/>\nsociales r\u00e9elles !<br \/>\nIl faudra bien s\u00fbr que le Front de gauche<br \/>\ndevienne un outil utile dans les mobilisations,<br \/>\nmais les occasions comme celle<br \/>\ndu trait\u00e9 europ\u00e9en \u2013 o\u00f9 le mouvement<br \/>\nsocial peut se retrouver avec des courants<br \/>\npolitiques, en situation de parfaite<br \/>\n\u00e9galit\u00e9 \u2013 ne sont pas si courantes. Les<br \/>\nprochaines \u00e9ch\u00e9ances \u00e9lectorales, au<br \/>\nprintemps 2014, seront donc tr\u00e8s importantes,<br \/>\nles europ\u00e9ennes comme les<br \/>\nmunicipales. Les europ\u00e9ennes seront<br \/>\n\u00e9videmment plus simples et peuvent<br \/>\ndonner une visibilit\u00e9 nationale tr\u00e8s forte<br \/>\nau Front de gauche. Mais les \u00e9lections<br \/>\nmunicipales sont les plus importantes,<br \/>\navec la pr\u00e9sidentielle, pour les Fran\u00e7ais<br \/>\net m\u00eame dans un contexte o\u00f9 les r\u00e9alit\u00e9s<br \/>\nlocales p\u00e8seront fortement ces \u00e9lections<br \/>\npeuvent \u00eatre une formidable occasion<br \/>\nd\u2019ouvrir le Front de gauche \u00e0 des<br \/>\nmilitants associatifs et syndicaux et des<br \/>\ncentaines de milliers de citoyens. L\u2019\u00e9laboration<br \/>\ndu programme et son adoption,<br \/>\ntout comme l\u2019\u00e9tablissement de la liste,<br \/>\npeuvent \u00eatre un exercice de d\u00e9mocratie<br \/>\nd\u00e9cisif pour que le Front de gauche<br \/>\nd\u00e9passe son \u00e9tat de cartel pour devenir<br \/>\nun mouvement militant de masse !<\/p>\n","protected":false},"excerpt":{"rendered":"<p>Lundi 9 heures, petit-d\u00e9jeuner de la gauche radicale<br \/>\ndans le bureau de Iann Brossat, conseiller de Paris, en<br \/>\ncompagnie de Myriam Martin, \u00c9ric Coquerel et rejoint<br \/>\napr\u00e8s les croissants par Christophe Aguiton.<br \/>\nAu menu : l\u2019avenir du Front de gauche, ses d\u00e9bats<br \/>\nstrat\u00e9giques, ses formes d\u2019organisation.<\/p>\n","protected":false},"author":464,"featured_media":0,"comment_status":"open","ping_status":"open","sticky":false,"template":"","format":"standard","meta":{"_themeisle_gutenberg_block_has_review":false,"footnotes":""},"categories":[1],"tags":[],"class_list":["post-5844","post","type-post","status-publish","format-standard","hentry","category-non-classe"],"_links":{"self":[{"href":"https:\/\/archives.regards.fr\/index.php?rest_route=\/wp\/v2\/posts\/5844","targetHints":{"allow":["GET"]}}],"collection":[{"href":"https:\/\/archives.regards.fr\/index.php?rest_route=\/wp\/v2\/posts"}],"about":[{"href":"https:\/\/archives.regards.fr\/index.php?rest_route=\/wp\/v2\/types\/post"}],"author":[{"embeddable":true,"href":"https:\/\/archives.regards.fr\/index.php?rest_route=\/wp\/v2\/users\/464"}],"replies":[{"embeddable":true,"href":"https:\/\/archives.regards.fr\/index.php?rest_route=%2Fwp%2Fv2%2Fcomments&post=5844"}],"version-history":[{"count":0,"href":"https:\/\/archives.regards.fr\/index.php?rest_route=\/wp\/v2\/posts\/5844\/revisions"}],"wp:attachment":[{"href":"https:\/\/archives.regards.fr\/index.php?rest_route=%2Fwp%2Fv2%2Fmedia&parent=5844"}],"wp:term":[{"taxonomy":"category","embeddable":true,"href":"https:\/\/archives.regards.fr\/index.php?rest_route=%2Fwp%2Fv2%2Fcategories&post=5844"},{"taxonomy":"post_tag","embeddable":true,"href":"https:\/\/archives.regards.fr\/index.php?rest_route=%2Fwp%2Fv2%2Ftags&post=5844"}],"curies":[{"name":"wp","href":"https:\/\/api.w.org\/{rel}","templated":true}]}}