{"id":5843,"date":"2012-10-05T10:00:00","date_gmt":"2012-10-05T08:00:00","guid":{"rendered":"https:\/\/wp.muchomaas.com\/france-inter-ecoutez-la-difference5843\/"},"modified":"2012-10-05T10:00:00","modified_gmt":"2012-10-05T08:00:00","slug":"france-inter-ecoutez-la-difference5843","status":"publish","type":"post","link":"https:\/\/archives.regards.fr\/?p=5843","title":{"rendered":"France Inter, \u00e9coutez la diff\u00e9rence ?"},"content":{"rendered":"<p class=\"post_excerpt\">Dans sa nouvelle grille de rentr\u00e9e,<br \/>\nFrance Inter nous propose<br \/>\nle vendredi matin, de 9 heures \u00e0<br \/>\n10 heures, \u00ab Les femmes, toute une<br \/>\nhistoire \u00bb, <em>\u00ab une \u00e9mission consacr\u00e9e<br \/>\naux femmes et \u00e0 leur histoire,<br \/>\nen France et dans le monde \u00bb<\/em>.<\/p>\n<p>Parler des femmes, de leurs luttes, de<br \/>\nleurs droits en faisant <em>\u00ab des allers-retours<br \/>\nconstants entre hier et aujourd\u2019hui \u00bb<\/em>, c\u2019est<br \/>\nl\u2019ambition affich\u00e9e de l\u2019\u00e9mission hebdomadaire<br \/>\n<a href=\"http:\/\/www.franceinter.fr\/emission-les-femmes-toute-une-histoire\">\u00ab Les femmes, toute une histoire \u00bb<\/a><br \/>\npr\u00e9sent\u00e9e par St\u00e9phanie Duncan sur<br \/>\nFrance Inter. Cr\u00e9\u00e9 en 2011, mais initialement<br \/>\ndiffus\u00e9 le dimanche apr\u00e8s-midi, ce<br \/>\nprogramme all\u00e9chant n\u2019atteint que partiellement<br \/>\nson objectif. Certes, on y aborde<br \/>\nl\u2019Histoire des femmes et des histoires de<br \/>\nfemmes, et il n\u2019est jamais inutile de rappeler<br \/>\naux auditeurs les in\u00e9galit\u00e9s qui subsistent<br \/>\nencore aujourd\u2019hui entre les hommes et les<br \/>\nfemmes dans des domaines aussi vari\u00e9s<br \/>\nque ceux du travail, du sport, ou de l\u2019\u00e9ducation.<br \/>\nJamais inutile non plus de revenir<br \/>\nsur l\u2019implication des femmes dans les r\u00e9volutions<br \/>\nou sur les r\u00e9cits de vie d\u2019Olympe de<br \/>\nGouges ou de Virginia Woolf.<\/p>\n<p>Cependant, on aurait appr\u00e9ci\u00e9 une \u00e9mission<br \/>\nqui rende davantage compte de la<br \/>\npluralit\u00e9 des f\u00e9minismes. On pourra nous<br \/>\nobjecter qu\u2019\u00c9lisabeth Badinter (premi\u00e8re<br \/>\ninvit\u00e9e de St\u00e9phanie Duncan) n\u2019est pas<br \/>\nla meilleure amie de Genevi\u00e8ve Fraisse,<br \/>\npour justifier de la diversit\u00e9 des points<br \/>\nde vue, il n\u2019en demeure pas moins qu\u2019au<br \/>\nfil des \u00e9missions se dessine les contours<br \/>\nd\u2019un f\u00e9minisme plut\u00f4t en vogue, dans les<br \/>\nm\u00e9dias comme dans la plupart des partis<br \/>\npolitiques. Le f\u00e9minisme de celles qui<br \/>\nlouent le courage des femmes qui luttent<br \/>\npour leurs droits en Tunisie, mais qui jamais<br \/>\nne relaient les revendications des m\u00e8res<br \/>\nvoil\u00e9es exclues des \u00e9coles fran\u00e7aises. De<br \/>\ncelles qui s\u2019enorgueillissent de l\u2019audace de<br \/>\nleurs a\u00een\u00e9es, ces conqu\u00e9rantes du droit \u00e0<br \/>\nl\u2019avortement ou \u00e0 la pilule, sans faire plus<br \/>\nde place aux initiatives militantes de collectifs<br \/>\nactuels plus confidentiels, pr\u00e9f\u00e9rant<br \/>\ninscrire leur combat dans la voie institutionnelle.<br \/>\nDe celles qui d\u00e9noncent la pauvret\u00e9<br \/>\ndes femmes, leur pr\u00e9carisation, sans pour<br \/>\nautant s\u2019interroger sur les processus \u00e9conomiques<br \/>\nresponsables de cette situation.<br \/>\nCar les \u00e9carts de salaire entre hommesfemmes<br \/>\nn\u2019expliquent pas tout.<\/p>\n<p>Bref, \u00e7a ronronne et on aurait pr\u00e9f\u00e9r\u00e9<br \/>\nque \u00e7a grince. Et la pr\u00e9sence de la chroniqueuse<br \/>\nVal\u00e9rie Toranian, directrice de<br \/>\nr\u00e9daction du magazine Elle, journal embl\u00e9matique<br \/>\nde ce f\u00e9minisme \u00e0 la mode,<br \/>\nenfonce le clou qui rive ce programme au<br \/>\ntableau des \u00e9missions m\u00e9diocres.<\/p>\n","protected":false},"excerpt":{"rendered":"<p>Dans sa nouvelle grille de rentr\u00e9e,<br \/>\nFrance Inter nous propose<br \/>\nle vendredi matin, de 9 heures \u00e0<br \/>\n10 heures, \u00ab Les femmes, toute une<br \/>\nhistoire \u00bb, <em>\u00ab une \u00e9mission consacr\u00e9e<br \/>\naux femmes et \u00e0 leur histoire,<br \/>\nen France et dans le monde \u00bb<\/em>.<\/p>\n","protected":false},"author":777,"featured_media":0,"comment_status":"open","ping_status":"open","sticky":false,"template":"","format":"standard","meta":{"_themeisle_gutenberg_block_has_review":false,"footnotes":""},"categories":[1],"tags":[],"class_list":["post-5843","post","type-post","status-publish","format-standard","hentry","category-non-classe"],"_links":{"self":[{"href":"https:\/\/archives.regards.fr\/index.php?rest_route=\/wp\/v2\/posts\/5843","targetHints":{"allow":["GET"]}}],"collection":[{"href":"https:\/\/archives.regards.fr\/index.php?rest_route=\/wp\/v2\/posts"}],"about":[{"href":"https:\/\/archives.regards.fr\/index.php?rest_route=\/wp\/v2\/types\/post"}],"author":[{"embeddable":true,"href":"https:\/\/archives.regards.fr\/index.php?rest_route=\/wp\/v2\/users\/777"}],"replies":[{"embeddable":true,"href":"https:\/\/archives.regards.fr\/index.php?rest_route=%2Fwp%2Fv2%2Fcomments&post=5843"}],"version-history":[{"count":0,"href":"https:\/\/archives.regards.fr\/index.php?rest_route=\/wp\/v2\/posts\/5843\/revisions"}],"wp:attachment":[{"href":"https:\/\/archives.regards.fr\/index.php?rest_route=%2Fwp%2Fv2%2Fmedia&parent=5843"}],"wp:term":[{"taxonomy":"category","embeddable":true,"href":"https:\/\/archives.regards.fr\/index.php?rest_route=%2Fwp%2Fv2%2Fcategories&post=5843"},{"taxonomy":"post_tag","embeddable":true,"href":"https:\/\/archives.regards.fr\/index.php?rest_route=%2Fwp%2Fv2%2Ftags&post=5843"}],"curies":[{"name":"wp","href":"https:\/\/api.w.org\/{rel}","templated":true}]}}