{"id":5841,"date":"2012-11-15T15:29:00","date_gmt":"2012-11-15T14:29:00","guid":{"rendered":"https:\/\/wp.muchomaas.com\/le-capital-de-costa-gavras5841\/"},"modified":"2023-06-23T23:12:51","modified_gmt":"2023-06-23T21:12:51","slug":"le-capital-de-costa-gavras5841","status":"publish","type":"post","link":"https:\/\/archives.regards.fr\/?p=5841","title":{"rendered":"Le Capital de Costa-Gavras"},"content":{"rendered":"<p>Costa-Gavras aime les faits politiques. A 79 ans, le r\u00e9alisateur de <em>Z<\/em>, <em>L\u2019aveu<\/em> et <em>Etat de si\u00e8ge<\/em>, a choisi de peindre l\u2019un des univers fards du capitalisme contemporain : les requins de la finance. Dans un contre-emploi particuli\u00e8rement r\u00e9ussi, l\u2019humoriste Gad Elmaleh incarne cet homme cynique et avide de pouvoir, ne jurant que par l\u2019argent. Avoir. Toujours plus. Tel est l\u2019horizon ind\u00e9passable de ces hommes sans foi ni loi. Costa-Gavras donne \u00e0 voir par le menu, dans les moindres d\u00e9tails, leur style de vie, leur vulgarit\u00e9, leur violence. Le r\u00e9alisateur met en sc\u00e8ne de fa\u00e7on \u00e9tonnante la domination sur les femmes qui accompagne leur d\u00e9lire de possession. Ce monde est viril. Et se joue de nous. <em>Le Capital<\/em> n\u2019est pas un film complexe \u2013 les personnages manquent d\u2019ailleurs de relief, en d\u00e9pit d\u2019une interpr\u00e9tation globalement remarquable. Il ne d\u00e9cortique pas les rouages du rapport entre capital et travail, par exemple, mais il constitue une forme d\u2019engagement sur l\u2019une des faces les plus obsc\u00e8nes du capitalisme contemporain.<\/p>\n<p><iframe loading=\"lazy\" width=\"460\" height=\"259\" src=\"http:\/\/www.youtube.com\/embed\/AerVHRuUOdc?rel=0\" frameborder=\"0\" allowfullscreen><\/iframe><br clear=\"all\"><\/p>\n<p><em>Le Capital<\/em> de Costa-Gavras. Avec Gad Elmaleh, Gabriel Byrne, Natacha R\u00e9gnier. Sortie en salles le 14 novembre.<br \/>\n <div id='gallery-1' class='gallery galleryid-5841 gallery-columns-3 gallery-size-thumbnail'><figure class='gallery-item'>\n\t\t\t<div class='gallery-icon landscape'>\n\t\t\t\t<a href='https:\/\/archives.regards.fr\/wp-content\/uploads\/2012\/11\/cap-4ae.jpg'><img loading=\"lazy\" decoding=\"async\" width=\"150\" height=\"150\" src=\"https:\/\/archives.regards.fr\/wp-content\/uploads\/2012\/11\/cap-4ae-150x150.jpg\" class=\"attachment-thumbnail size-thumbnail\" alt=\"cap.jpg\" \/><\/a>\n\t\t\t<\/div><\/figure><figure class='gallery-item'>\n\t\t\t<div class='gallery-icon landscape'>\n\t\t\t\t<a href='https:\/\/archives.regards.fr\/wp-content\/uploads\/2012\/11\/capb-f10.jpg'><img loading=\"lazy\" decoding=\"async\" width=\"150\" height=\"150\" src=\"https:\/\/archives.regards.fr\/wp-content\/uploads\/2012\/11\/capb-f10-150x150.jpg\" class=\"attachment-thumbnail size-thumbnail\" alt=\"Le Capital de Costa-Gavras\" aria-describedby=\"gallery-1-17246\" \/><\/a>\n\t\t\t<\/div>\n\t\t\t\t<figcaption class='wp-caption-text gallery-caption' id='gallery-1-17246'>\n\t\t\t\tLe Capital de Costa-Gavras\n\t\t\t\t<\/figcaption><\/figure><figure class='gallery-item'>\n\t\t\t<div class='gallery-icon landscape'>\n\t\t\t\t<a href='https:\/\/archives.regards.fr\/wp-content\/uploads\/2012\/11\/capc-cc6.jpg'><img loading=\"lazy\" decoding=\"async\" width=\"80\" height=\"55\" src=\"https:\/\/archives.regards.fr\/wp-content\/uploads\/2012\/11\/capc-cc6.jpg\" class=\"attachment-thumbnail size-thumbnail\" alt=\"Le Capital de Costa-Gavras\" aria-describedby=\"gallery-1-17247\" \/><\/a>\n\t\t\t<\/div>\n\t\t\t\t<figcaption class='wp-caption-text gallery-caption' id='gallery-1-17247'>\n\t\t\t\tLe Capital de Costa-Gavras\n\t\t\t\t<\/figcaption><\/figure>\n\t\t<\/div>\n<\/p>\n","protected":false},"excerpt":{"rendered":"<p>Costa-Gavras aime les faits politiques. A 79 ans, le r\u00e9alisateur de Z, L\u2019aveu et Etat de si\u00e8ge, a choisi de peindre l\u2019un des univers fards du capitalisme contemporain : les requins de la finance. Dans un contre-emploi particuli\u00e8rement r\u00e9ussi, l\u2019humoriste Gad Elmaleh incarne cet homme cynique et avide de pouvoir, ne jurant que par l\u2019argent. [&hellip;]<\/p>\n","protected":false},"author":570,"featured_media":17245,"comment_status":"open","ping_status":"open","sticky":false,"template":"","format":"standard","meta":{"_themeisle_gutenberg_block_has_review":false,"footnotes":""},"categories":[111],"tags":[299],"class_list":["post-5841","post","type-post","status-publish","format-standard","has-post-thumbnail","hentry","category-nos-selections","tag-cinema"],"_links":{"self":[{"href":"https:\/\/archives.regards.fr\/index.php?rest_route=\/wp\/v2\/posts\/5841","targetHints":{"allow":["GET"]}}],"collection":[{"href":"https:\/\/archives.regards.fr\/index.php?rest_route=\/wp\/v2\/posts"}],"about":[{"href":"https:\/\/archives.regards.fr\/index.php?rest_route=\/wp\/v2\/types\/post"}],"author":[{"embeddable":true,"href":"https:\/\/archives.regards.fr\/index.php?rest_route=\/wp\/v2\/users\/570"}],"replies":[{"embeddable":true,"href":"https:\/\/archives.regards.fr\/index.php?rest_route=%2Fwp%2Fv2%2Fcomments&post=5841"}],"version-history":[{"count":0,"href":"https:\/\/archives.regards.fr\/index.php?rest_route=\/wp\/v2\/posts\/5841\/revisions"}],"wp:featuredmedia":[{"embeddable":true,"href":"https:\/\/archives.regards.fr\/index.php?rest_route=\/wp\/v2\/media\/17245"}],"wp:attachment":[{"href":"https:\/\/archives.regards.fr\/index.php?rest_route=%2Fwp%2Fv2%2Fmedia&parent=5841"}],"wp:term":[{"taxonomy":"category","embeddable":true,"href":"https:\/\/archives.regards.fr\/index.php?rest_route=%2Fwp%2Fv2%2Fcategories&post=5841"},{"taxonomy":"post_tag","embeddable":true,"href":"https:\/\/archives.regards.fr\/index.php?rest_route=%2Fwp%2Fv2%2Ftags&post=5841"}],"curies":[{"name":"wp","href":"https:\/\/api.w.org\/{rel}","templated":true}]}}