{"id":5839,"date":"2012-11-14T20:50:12","date_gmt":"2012-11-14T19:50:12","guid":{"rendered":"https:\/\/wp.muchomaas.com\/l-europe-de-la-rue-se-manifeste5839\/"},"modified":"2023-06-23T23:12:50","modified_gmt":"2023-06-23T21:12:50","slug":"l-europe-de-la-rue-se-manifeste5839","status":"publish","type":"post","link":"https:\/\/archives.regards.fr\/?p=5839","title":{"rendered":"L&#8217;Europe de la rue se manifeste"},"content":{"rendered":"<p class=\"post_excerpt\">La journ\u00e9e de mobilisation europ\u00e9enne contre l&#8217;aust\u00e9rit\u00e9 a essaim\u00e9 dans pr\u00e8s de 23 pays d&#8217;Europe\u00a0mercredi, \u00e0 l&#8217;appel de plus de 40 organisations syndicales et quelques partis politiques. Espagne et Portugal ont \u00e9galement men\u00e9, comme pr\u00e9vu, une gr\u00e8ve g\u00e9n\u00e9rale ib\u00e9rique conjointe, exhortant leurs gouvernements \u00e0 prendre la mesure de la casse sociale provoqu\u00e9e par les politiques de rigueur.<\/p>\n<p><em>\u00ab\u00a0Dans certains pays, l&#8217;exasp\u00e9ration atteint son comble. Des solutions urgentes doivent \u00eatre prises pour relancer l&#8217;\u00e9conomie et non l&#8217;asphyxier par\u00a0l&#8217;aust\u00e9rit\u00e9. \u00bb<\/em> Bernadette S\u00e9gol, secr\u00e9taire g\u00e9n\u00e9rale de la Conf\u00e9d\u00e9ration europ\u00e9enne des syndicats, a r\u00e9sum\u00e9 le sentiment g\u00e9n\u00e9rale de cette mobilisation d&#8217;ampleur europ\u00e9enne. Un peu partout sur le continent, salari\u00e9s, mais aussi \u00e9tudiants, ch\u00f4meurs et militants politiques ont rappel\u00e9 aux gouvernements nationaux et \u00e0 la Commission europ\u00e9enne les taux de ch\u00f4mage faramineux qui grippent actuellement la zone euro, et d\u00e9nonc\u00e9 l&#8217;impact des coupes budg\u00e9taires sur le climat social. <\/p>\n<h2>Le sud \u00e0 la pointe<\/h2>\n<p>Avions au sol, trains et m\u00e9tro stopp\u00e9s, bateaux \u00e0 quai&#8230; Le Portugal et l&#8217;Espagne ont \u00e9t\u00e9 le fer de lance de cette journ\u00e9e. Pour cette gr\u00e8ve g\u00e9n\u00e9rale simultan\u00e9e, des piquets ont \u00e9t\u00e9 install\u00e9s devant les commerces, les entreprises, les gares ou encore les services sociaux. Alors qu&#8217;un quart des actifs sont au ch\u00f4mage, syndicats et Indign\u00e9s espagnols ont cri\u00e9 leur col\u00e8re dans la plupart des grandes villes du pays et certains d\u00e9put\u00e9s de l&#8217;opposition ont \u00e9galement soutenu les manifestants au sein du parlement. Dans l&#8217;apr\u00e8s-midi, des affrontements ont eu lieu avec la police et une centaine de personnes auraient \u00e9t\u00e9 arr\u00eat\u00e9es. De l&#8217;autre c\u00f4t\u00e9 de la fronti\u00e8re, c\u00f4t\u00e9 mer, chants et slogans ont r\u00e9sonn\u00e9 dans pr\u00e8s de 40 villes du pays. Les portugais ne cachent pas leur exasp\u00e9ration devant l&#8217;ampleur des efforts budg\u00e9taires pass\u00e9s et \u00e0 venir. Mais lassitude ou fatigue militante, la mobilisation n&#8217;a pas atteint le niveau des manifestations monstres qui ont secou\u00e9 Lisbonne en septembre dernier. <\/p>\n<p>Au sud toujours, l&#8217;Italie a \u00e9galement manifest\u00e9 et fait gr\u00e8ve pendant 4 heures, service minimum oblige. L\u00e0 aussi, manifestants et police se sont affront\u00e9s, parfois violemment, dans les rues de Rome ou de Milan. <em>\u00ab\u00a0A cause du manque de travail, nous sommes en train de mourir, nous sommes plus pauvres et nous avons peur\u00a0\u00bb<\/em>, a d\u00e9clar\u00e9 \u00e0 l&#8217;AFP Donata Canta, secr\u00e9taire g\u00e9n\u00e9rale de la Cgil, principal syndicat italien, \u00e0 Turin. En Gr\u00e8ce, us\u00e9e par deux ann\u00e9es de s\u00e9v\u00e8re aust\u00e9rit\u00e9, les manifestations ont eu moins d&#8217;ampleur que pr\u00e9vues et l&#8217;arr\u00eat de travail a dur\u00e9 trois heures seulement.<\/p>\n<h2>Fran\u00e7ais et belges mobilis\u00e9s<\/h2>\n<p>En France, les deux syndicats majoritaires, CGT et CFDT, d\u00e9filaient ensemble pour la premi\u00e8re fois depuis l&#8217;arriv\u00e9e au pouvoir de Fran\u00e7ois Hollande. Tout un symbole, alors que le pr\u00e9sident a rappel\u00e9 lundi, lors d&#8217;une conf\u00e9rence de presse grand format, son objectif de 60 milliards de d\u00e9penses publiques en moins. Plusieurs milliers de personnes se sont rassembl\u00e9s \u00e0 Paris, et 130 d\u00e9fil\u00e9s ont \u00e9t\u00e9 comptabilis\u00e9 dans tout le pays, \u00e0 l&#8217;appel \u00e9galement de l&#8217;Unsa, Solidaires, et FSU. Quelques partis politiques ont appuy\u00e9 la mobilisation, dont le Front de gauche et Europe-Ecologie les verts.<\/p>\n<p>En Belgique, la radio publique francophone rapporte des perturbations massives dans la circulation des trains en Wallonie, o\u00f9 la gr\u00e8ve a \u00e9t\u00e9 assez bien suivie. Les manifestants bruxellois ont pris pour cible le si\u00e8ge de la Commission europ\u00e9enne mais se sont \u00e9galement rendus devant les ambassades d&#8217;Espagne, de Gr\u00e8ce, du Portugal, de Chypre, d&#8217;Allemagne et d&#8217;Irlande. <em>\u00ab Nous voulons une Europe sociale et de la coop\u00e9ration, pas une Europe de la pauvret\u00e9 et de la concurrence\u00a0\u00bb<\/em>, a soulign\u00e9 Claude Rolin, le secr\u00e9taire g\u00e9n\u00e9ral de la CSC, principale formation syndicale belge. Certains travailleurs ont \u00e9galement, pour un cort\u00e8ge commun, rejoint la ville voisine de Lille.<\/p>\n<p>Des actions plus symboliques ont eu lieu \u00e9galement \u00e0 l&#8217;Est, en Allemagne, en Autriche, aux\u00a0Pays-Bas ou encore en Pologne. <div id='gallery-1' class='gallery galleryid-5839 gallery-columns-3 gallery-size-thumbnail'><figure class='gallery-item'>\n\t\t\t<div class='gallery-icon landscape'>\n\t\t\t\t<a href='https:\/\/archives.regards.fr\/wp-content\/uploads\/2012\/11\/austc-2-fd8.jpg'><img loading=\"lazy\" decoding=\"async\" width=\"80\" height=\"55\" src=\"https:\/\/archives.regards.fr\/wp-content\/uploads\/2012\/11\/austc-2-fd8.jpg\" class=\"attachment-thumbnail size-thumbnail\" alt=\"L&#039;Europe de la rue se manifeste\" aria-describedby=\"gallery-1-17237\" \/><\/a>\n\t\t\t<\/div>\n\t\t\t\t<figcaption class='wp-caption-text gallery-caption' id='gallery-1-17237'>\n\t\t\t\tL&#8217;Europe de la rue se manifeste\n\t\t\t\t<\/figcaption><\/figure>\n\t\t<\/div>\n<\/p>\n","protected":false},"excerpt":{"rendered":"<p>La journ\u00e9e de mobilisation europ\u00e9enne contre l&#8217;aust\u00e9rit\u00e9 a essaim\u00e9 dans pr\u00e8s de 23 pays d&#8217;Europe\u00a0mercredi, \u00e0 l&#8217;appel de plus de 40 organisations syndicales et quelques partis politiques. Espagne et Portugal ont \u00e9galement men\u00e9, comme pr\u00e9vu, une gr\u00e8ve g\u00e9n\u00e9rale ib\u00e9rique conjointe, exhortant leurs gouvernements \u00e0 prendre la mesure de la casse sociale provoqu\u00e9e par les politiques de rigueur.<\/p>\n","protected":false},"author":1,"featured_media":17237,"comment_status":"open","ping_status":"open","sticky":false,"template":"","format":"standard","meta":{"_themeisle_gutenberg_block_has_review":false,"footnotes":""},"categories":[141],"tags":[352,347],"class_list":["post-5839","post","type-post","status-publish","format-standard","has-post-thumbnail","hentry","category-archives-web","tag-europe","tag-reportage"],"_links":{"self":[{"href":"https:\/\/archives.regards.fr\/index.php?rest_route=\/wp\/v2\/posts\/5839","targetHints":{"allow":["GET"]}}],"collection":[{"href":"https:\/\/archives.regards.fr\/index.php?rest_route=\/wp\/v2\/posts"}],"about":[{"href":"https:\/\/archives.regards.fr\/index.php?rest_route=\/wp\/v2\/types\/post"}],"author":[{"embeddable":true,"href":"https:\/\/archives.regards.fr\/index.php?rest_route=\/wp\/v2\/users\/1"}],"replies":[{"embeddable":true,"href":"https:\/\/archives.regards.fr\/index.php?rest_route=%2Fwp%2Fv2%2Fcomments&post=5839"}],"version-history":[{"count":0,"href":"https:\/\/archives.regards.fr\/index.php?rest_route=\/wp\/v2\/posts\/5839\/revisions"}],"wp:featuredmedia":[{"embeddable":true,"href":"https:\/\/archives.regards.fr\/index.php?rest_route=\/wp\/v2\/media\/17237"}],"wp:attachment":[{"href":"https:\/\/archives.regards.fr\/index.php?rest_route=%2Fwp%2Fv2%2Fmedia&parent=5839"}],"wp:term":[{"taxonomy":"category","embeddable":true,"href":"https:\/\/archives.regards.fr\/index.php?rest_route=%2Fwp%2Fv2%2Fcategories&post=5839"},{"taxonomy":"post_tag","embeddable":true,"href":"https:\/\/archives.regards.fr\/index.php?rest_route=%2Fwp%2Fv2%2Ftags&post=5839"}],"curies":[{"name":"wp","href":"https:\/\/api.w.org\/{rel}","templated":true}]}}