{"id":5836,"date":"2012-11-14T15:59:40","date_gmt":"2012-11-14T14:59:40","guid":{"rendered":"https:\/\/wp.muchomaas.com\/le-festival-migrant-scene-de-la5836\/"},"modified":"2012-11-14T15:59:40","modified_gmt":"2012-11-14T14:59:40","slug":"le-festival-migrant-scene-de-la5836","status":"publish","type":"post","link":"https:\/\/archives.regards.fr\/?p=5836","title":{"rendered":"Le festival Migrant&#8217;sc\u00e8ne de la Cimade"},"content":{"rendered":"<p>De Rabat, jusqu\u2019\u00e0 Nevers en passant<br \/>\npar Montauban ou Grenoble, le<br \/>\nfestival de La Cimade investit<br \/>\ncin\u00e9mas, maisons de quartiers,<br \/>\nth\u00e9\u00e2tres et caf\u00e9s pour raconter<br \/>\nautrement les travers\u00e9es des<br \/>\nmigrants et croiser les regards sur<br \/>\nles migrations. Projections de La<br \/>\nPirogue suivi d\u2019un d\u00e9bat sur le<br \/>\nlittoral du Calaisis \u00e0 Lille le 21<br \/>\nnovembre, Jam de graffitis \u00e0 Nantes,<br \/>\nchants de marins et parcours du<br \/>\nmigrant \u00e0 Bordeaux, expositions<br \/>\nd\u2019oeuvres plastiques s\u00e9lectionn\u00e9es<br \/>\npour le festival \u00e0 Lyon, le<br \/>\nprogramme est riche et vari\u00e9 \u00e0<br \/>\nretrouver dans son int\u00e9gralit\u00e9 sur le<br \/>\nsite du festival !<\/p>\n<p>Du 15 novembre au 2 d\u00e9cembre 2012<br \/>\n<a href=\"http:\/\/www.migrantscene.org\/minisites\/migrantscene\">http:\/\/www.migrantscene.org<\/a><\/p>\n","protected":false},"excerpt":{"rendered":"<p>De Rabat, jusqu\u2019\u00e0 Nevers en passant par Montauban ou Grenoble, le festival de La Cimade investit cin\u00e9mas, maisons de quartiers, th\u00e9\u00e2tres et caf\u00e9s pour raconter autrement les travers\u00e9es des migrants et croiser les regards sur les migrations. Projections de La Pirogue suivi d\u2019un d\u00e9bat sur le littoral du Calaisis \u00e0 Lille le 21 novembre, Jam [&hellip;]<\/p>\n","protected":false},"author":643,"featured_media":0,"comment_status":"open","ping_status":"open","sticky":false,"template":"","format":"standard","meta":{"_themeisle_gutenberg_block_has_review":false,"footnotes":""},"categories":[111],"tags":[398],"class_list":["post-5836","post","type-post","status-publish","format-standard","hentry","category-nos-selections","tag-festival"],"_links":{"self":[{"href":"https:\/\/archives.regards.fr\/index.php?rest_route=\/wp\/v2\/posts\/5836","targetHints":{"allow":["GET"]}}],"collection":[{"href":"https:\/\/archives.regards.fr\/index.php?rest_route=\/wp\/v2\/posts"}],"about":[{"href":"https:\/\/archives.regards.fr\/index.php?rest_route=\/wp\/v2\/types\/post"}],"author":[{"embeddable":true,"href":"https:\/\/archives.regards.fr\/index.php?rest_route=\/wp\/v2\/users\/643"}],"replies":[{"embeddable":true,"href":"https:\/\/archives.regards.fr\/index.php?rest_route=%2Fwp%2Fv2%2Fcomments&post=5836"}],"version-history":[{"count":0,"href":"https:\/\/archives.regards.fr\/index.php?rest_route=\/wp\/v2\/posts\/5836\/revisions"}],"wp:attachment":[{"href":"https:\/\/archives.regards.fr\/index.php?rest_route=%2Fwp%2Fv2%2Fmedia&parent=5836"}],"wp:term":[{"taxonomy":"category","embeddable":true,"href":"https:\/\/archives.regards.fr\/index.php?rest_route=%2Fwp%2Fv2%2Fcategories&post=5836"},{"taxonomy":"post_tag","embeddable":true,"href":"https:\/\/archives.regards.fr\/index.php?rest_route=%2Fwp%2Fv2%2Ftags&post=5836"}],"curies":[{"name":"wp","href":"https:\/\/api.w.org\/{rel}","templated":true}]}}