{"id":5824,"date":"2012-11-20T16:29:45","date_gmt":"2012-11-20T15:29:45","guid":{"rendered":"https:\/\/wp.muchomaas.com\/blog-droite5824\/"},"modified":"2023-06-23T23:12:48","modified_gmt":"2023-06-23T21:12:48","slug":"blog-droite5824","status":"publish","type":"post","link":"https:\/\/archives.regards.fr\/?p=5824","title":{"rendered":"UMP, \u00e9pilogue"},"content":{"rendered":"<p class=\"post_excerpt\">C\u2019est une folle semaine pour la politique fran\u00e7aise qui s\u2019est termin\u00e9e hier soir avec la d\u00e9signation de Jean-Fran\u00e7ois Cop\u00e9 \u00e0 la pr\u00e9sidence de l\u2019UMP. Les \u00e9v\u00e8nements se sont enchain\u00e9s sans lien apparent entre eux. Mais \u00e0 l\u2019arriv\u00e9e la gauche et la droite sont en miettes.<\/p>\n<p>A droite, l\u2019\u00e9lection de Jean-Fran\u00e7ois Cop\u00e9 dans les conditions si disput\u00e9es pourraient mettre \u00e0 mal le projet initial d\u2019une UMP rassemblant centristes, lib\u00e9raux et gaullistes. Ce n\u2019est pas encore fait. Jean-Fran\u00e7ois Cop\u00e9 a eu l\u2019habilet\u00e9 de ressortir du placard l\u2019ancien projet de donner des droits aux courants. Ainsi les centristes ont pu pr\u00e9senter une motion qui leur assure visibilit\u00e9, places dans la direction et moyens financiers. Cop\u00e9 a ainsi r\u00e9ussit \u00e0 s\u2019adjoindre le soutien des centristes encore membres de l\u2019UMP emmen\u00e9s par Jean-Pierre Raffarin. Il leurs doit deux fi\u00e8res chandelles : une pour le r\u00e9sultat et une pour ne pas avoir \u00e9t\u00e9 totalement rel\u00e9gu\u00e9 dans le corner droit.<\/p>\n<p>Mais cet arrangement d\u2019int\u00e9r\u00eats convergents (ceux de Cop\u00e9 et ceux des centristes UMP) fera-t-il longtemps illusion ? L\u2019UDI de Jean-Louis Borloo s\u2019attachera \u00e0 d\u00e9l\u00e9gitimer l\u2019UMP, \u00e0 contester sa position rassembleuse. Car il ne faut pas en douter, les militants de l\u2019UDI sont d\u00e9termin\u00e9s \u00e0 prendre la premi\u00e8re place au sein de la droite r\u00e9publicaine. Ils le croient d\u2019autant plus possible que la strat\u00e9gie de Cop\u00e9 n\u2019est pas assur\u00e9ment gagnante. Marine Le Pen ne se laisse pas avaler par la strat\u00e9gie de droitisation\u2026 Sarkozy \u00e9tait parvenu \u00e0 r\u00e9unir les trois familles de la droite dans un nouvel \u00e9quilibre id\u00e9ologique alliant lib\u00e9ralisme \u00e9conomique et volontarisme politique, politique s\u00e9curitaire alli\u00e9e \u00e0 quelques \u00e9l\u00e9ments de modernit\u00e9. L\u2019\u00e9quilibre est rompu. La droite est en miettes. La longue guerre de leadership \u00e0 droite peut reprendre.<\/p>\n<p>Sur l\u2019autre bord de l\u2019\u00e9chiquier, la gauche h\u00e9site entre confusion et d\u00e9cantation. Mardi, la conf\u00e9rence de presse de Fran\u00e7ois Hollande ne fut pas \u00e0 proprement parl\u00e9 un tournant. Le pr\u00e9sident est rest\u00e9 dans la droite ligne de ses engagements pass\u00e9s comme premier secr\u00e9taire du PS puis dans la primaire socialiste. Certes, d\u00e9sign\u00e9 candidat, il a du gauchir son discours pour tenir compte du vote Montebourg et pour contenir la pouss\u00e9e M\u00e9lenchon. Mais Hollande est et reste un social-d\u00e9mocrate d\u00e9sireux de rompre avec le socialisme.<\/p>\n<p>EELV en fait la d\u00e9couverte un peu am\u00e8re. Les \u00e9cologistes obs\u00e9d\u00e9s par l\u2019id\u00e9e de sortir de la marginalit\u00e9 politique et d\u2019obtenir un groupe de parlementaires ont sign\u00e9 avec le PS un accord\u2026 Dans le package, il y avait \u00e9videmment la participation gouvernementale. L\u2019accord avait \u00e9t\u00e9 n\u00e9goci\u00e9 par Martine Aubry. Las, c\u2019est Hollande qui gagne la primaire et habite d\u00e9sormais l\u2019Elys\u00e9e. Il n\u2019avait pas cach\u00e9 le peu de cas qu\u2019il accordait au texte PS\/EELV. Il le prouve aujourd\u2019hui ! Outre le comportement autoritaire \u00e0 leur endroit, les couleuvres environnementales qu\u2019ils doivent avaler (nucl\u00e9aire, Notre-Dame des Landes, recherche p\u00e9troli\u00e8re r\u00e9ouverte\u2026) , il leur faut aussi endosser la politique de refondation sociale \u00e0 la Schr\u00f6der doubl\u00e9e de la politique r\u00e9pressive, anti-roms, des reculades sur le droit de votes des \u00e9trangers, sur l\u2019adoption pour les couples homosexuels ou encore sur les contr\u00f4le aux faci\u00e8s. Oups ! Et \u00e7a, ils ne l\u2019avaient pas totalement anticip\u00e9. Le d\u00e9bat n\u2019avait m\u00eame pas eu lieu au sein d\u2019 EELV pour \u00e9valuer leur participation gouvernementale. Il pourrait commencer seulement maintenant. La sortie de Jean-Vincent Plac\u00e9 n\u2019est pas incongrue quand bien m\u00eame elle d\u00e9range l\u2019appareil. Oui, certains s\u2019interrogent sur le prix de cette participation gouvernementale. Car les couleuvres se paient tr\u00e8s cher politiquement. Ce week-end, \u00e0 Nantes, pr\u00e8s de 40 000 manifestants ont contest\u00e9 la construction de l\u2019a\u00e9roport voulu par Ayrault. Jean-Luc M\u00e9lenchon en t\u00eate. Les \u00e9colos sont en train de perdre leur leadership incontest\u00e9 sur les combats environnementaux. \u00c7a fait beaucoup ! Plus modeste, la d\u00e9cision des Alternatifs d\u2019entrer dans le Front de gauche intervenue ce week-end conforte l\u2019aile alternative et verte de ce qui appara\u00eet d\u00e9sormais comme le regroupement de toute la gauche non gouvernementale (en dehors des derniers trotskistes de LO, POI et NPA-canal historique).<\/p>\n<p>Dans ces conditions, la porte ne claque plus au nez du Modem comme en juin. Au contraire m\u00eame, la perspective d\u2019un renversement d\u2019alliance commence \u00e0 s\u2019esquisser au plus haut niveau. \u00c9missaire du Modem, Jean-Luc Benhamias est re\u00e7u \u00e0 l\u2019Elys\u00e9e par un conseiller de Hollande. La porte-parole du gouvernement, Najat vallo-Belkacem et St\u00e9phane Le Foll, le ministre tr\u00e8s proche de Hollande, l\u2019\u00e9voquent publiquement. Pour rendre ce switch possible, il faut aussi recadrer l\u2019aile gauche du PS. C\u2019est chose faite depuis ce week-end. Alors que la candidature d\u2019Emanuel Maurel a rassembl\u00e9 un inesp\u00e9r\u00e9 28% des suffrages des militants PS, l\u2019aile gauche est exclue du secr\u00e9tariat national, v\u00e9ritable c\u0153ur dirigeant du Parti. On ne rigole plus. Et Hollande qui avait d\u00e9cid\u00e9 de l\u2019accession de Harlem D\u00e9sir a fait savoir sa d\u00e9cision : assumer le tournant sans compromis.<\/p>\n<p>Toujours fine mouche, Fran\u00e7ois Bayrou est venu dire hier soir sur les plateaux t\u00e9l\u00e9s qu\u2019il fallait enfin tirer les le\u00e7ons de la nouvelle situation\u2026.<\/p>\n<h2>Samedi 17 novembre<\/h2>\n<p>En subliminal, un des enjeux du congr\u00e8s de l\u2019Ump et de la d\u00e9signation de son pr\u00e9sident sera la place des centristes dans le mouvement cr\u00e9\u00e9 en 2002 et qui se voulait le rassemblement de toutes les droites r\u00e9publicaines. On sait que ce projet initial a du plomb dans l\u2019aile. Bayrou ne s\u2019y ait jamais pli\u00e9. Borloo veut croire qu\u2019avec la droitisation de l\u2019UMP il y a une place \u00e0 prendre \u2013 et pourquoi pas la premi\u00e8re- pour les h\u00e9ritiers de l\u2019UDF.<br \/>\nJean-Fran\u00e7ois Cop\u00e9 qui fonctionne comme un repoussoir vis \u00e0 vis de ces \u00ab\u00a0centristes\u00a0\u00bb a une carte dans sa manche\u00a0: il veut installer la reconnaissance des mouvements. Inscrite depuis l\u2019origine, mais jamais appliqu\u00e9e, ces diff\u00e9rentes sensibilit\u00e9s vont pouvoir se compter et obtenir des moyens au prorata de leur poids. Car les militants en vont pas seulement \u00e9mettre un vote mais trois ce WE. Un sur le choix du pr\u00e9sident (\u00e7a on a compris), un autre sur la charte des valeurs (on y reviendra) et enfin un troisi\u00e8me pour choisir entre 6 motions. Toutes celles qui franchiront les 10% se verront reconna\u00eetre des places dans la direction et des moyens d\u2019existence.<br \/>\nCop\u00e9 fait de cette mini-r\u00e9volution interne un argument pour garder toute la famille r\u00e9unie.<\/p>\n<h2>Jeudi 15 novembre<\/h2>\n<p>O\u00f9 ce qui se passe \u00e0 l\u2019UMP peut avoir des effets en cascade\u2026<\/p>\n<p>Quelle que soit l\u2019issue du vote des militants, le futur pr\u00e9sident de l\u2019UMP aura \u00e0 c\u0153ur de surmonter les divisions de cette campagne dure entre les candidats et leurs partisans. Mais ce n\u2019est pas gagn\u00e9. Car, derri\u00e8re ce choix, l\u2019enjeu pour Copp\u00e9 comme pour Fillon est d\u2019\u00eatre investit pour l\u2019\u00e9lection pr\u00e9sidentielle de 2017. Parions que le vaincu de ce week-end fera tout pour pr\u00e9server ses chances et ne voudra pas n\u00e9cessairement baisser la garde. <\/p>\n<p><strong>Hypoth\u00e8se 1.<\/strong> Fillon l\u2019emporte. Cop\u00e9 n\u2019a d\u2019autre choix que de poursuivre une ligne de d\u00e9marcation qui l\u2019am\u00e8ne aux franges de la droite la plus dure. Il ne franchira jamais le rubicon d\u2019une alliance avec l\u2019extr\u00eame droite mais continuera \u00e0 parler de viennoiserie et \u00e0 montrer du muscle en appelant \u00e0 des actions dures (Cf interview de Danielle Tartakowski sur les manifs de droite). Fillon ne pourra compl\u00e8tement lui emboiter le pas mais ne saurait, comme dans cette primaire, laisser cette aile droite \u00e0 d\u00e9couvert. <\/p>\n<p><strong>Hypoth\u00e8se 2.<\/strong> Cop\u00e9 l\u2019emporte. Il devra se recentrer. Mais son image est install\u00e9e et il sait que son succ\u00e8s il le doit \u00e0 ce flirt avec la droite radicale. A l\u2019image de la campagne Sarko, il b\u00e9tonnera sa droite pour s\u2019assurer le soutien militant au moment de la d\u00e9signation du candidat de l\u2019IUMP. <\/p>\n<p>Dans tous les cas, ce glissement de positionnement de l\u2019UMP est super dangereux pour le parti lui m\u00eame. Il n\u2019a aucun avenir dans une alliance avec le FN. Et chacun le sait. Il lui faut donc pr\u00e9server ses chances d\u2019alliance avec les lib\u00e9raux et les centristes d\u00e9soramis rassembl\u00e9s par Borloo hors de l\u2019UMP. <\/p>\n<p>Borloo peut esp\u00e9rer tirer son \u00e9pingle du jeu en 2017 si le candidat de l\u2019UMP est trop ostensiblement droitis\u00e9. Car il y aura une primaire \u00e0 droite. Elle d\u00e9partagera le candidat UMP. Puis elle se m\u00e8nera devant l\u2019ensemble des \u00e9lecteurs pour d\u00e9signer le candidat de toute la droite au second tour. <\/p>\n<p>Et Bayrou l\u00e0 dedans\u00a0? Une droitisation marqu\u00e9e de la droite pourrait justifier son \u00e9loignement de la droite partisane. Pour aller o\u00f9\u00a0? Pour faire cette alliance recherch\u00e9e avec la droite de la gauche, cette alliance des \u00ab\u00a0bonnes volont\u00e9s\u00a0\u00bb. <\/p>\n<p>Politique fiction\u00a0? A ce jour, oui. Pourtant, cette hypoth\u00e8se commence \u00e0 se pr\u00e9parer. Les tensions grandissantes entre le PS et les autres partis de la gauche obligent le pouvoir- d\u00e9termin\u00e9 \u00e0 poursuivre sa politique &#8211; \u00e0 pr\u00e9parer un repli. Cette semaine, Europe Ecologie \u00e9tait dans les manifestations anti-aust\u00e9rit\u00e9\u00a0; Jean-Vincent Plac\u00e9 a exprim\u00e9 tout haut un malaise et un d\u00e9bat interne aux \u00e9cologistes sur leur participation au gouvernement\u00a0; un maire EELV a conduit une gr\u00e8ve de la faim et prononc\u00e9 des mots tr\u00e8s durs \u00e0 l\u2019endroit du premier ministre. Cette semaine encore les s\u00e9nateurs communistes ont pour la troisi\u00e8me fois vot\u00e9 contre un projet gouvernemental mais ils l\u2019ont fait cette fois sur un budget essentiel, celui de la protection sociale. <\/p>\n<p>Alors, en catimini, Jean-Luc Benhamais, pass\u00e9 des Verts au Modem, est re\u00e7u par un conseiller du Pr\u00e9sident \u00e0 l\u2019\u00c9lys\u00e9e. St\u00e9phane Le Foll, un proche de Hollande, le reconna\u00eet\u00a0: une alliance avec le Modem n\u2019est pas encore d\u2019actualit\u00e9, mais\u2026<\/p>\n<p>L\u2019\u00e9volution de l\u2019UMP pourrait offrir \u00e0 Fran\u00e7ois Bayrou le pr\u00e9texte d\u2019une rupture avec la droite. Et le PS pourrait cette fois, saisir l\u2019offre de service. <\/p>\n<h2>Lundi 12 novembre<\/h2>\n<p>Public calme. Que retenir ? Que Fran\u00e7ois Fillon se pr\u00e9sente en alter-\u00e9gaux du pr\u00e9sident Fran\u00e7ois Hollande \u00e0 la diff\u00e9rence de Cop\u00e9 renvoy\u00e9 \u00e0 l\u2019agitation qui le ravale au rang de chef de parti\u2026 C\u2019est assez malin. Ca fait grand homme d\u2019\u00c9tat. Est-ce que \u00e7a fait chef de parti? Affirmant n&#8217;avoir <em>&#8220;aucune le\u00e7on de fermet\u00e9 \u00e0 recevoir&#8221;<\/em> ni aucun <em>&#8220;complexe&#8221;<\/em> Fillon s\u2019adresse ainsi directement aux militants. Mais il parle aussi \u00e0 l\u2019opinion de droite : il veut croire qu\u2019\u00e0 l\u2019UMP comme au PS ou au FN, \u00a0les adh\u00e9rents voteront en fonction de ce qu\u2019ils anticipent comme le meilleur choix \u00e9lectoral.\u00a0<br \/>\nRetenons aussi que ce soir Fillon a annonc\u00e9 son engagement dans la campagne pour les municipales \u00e0 Paris. Il n\u2019a pas dit explicitement qu\u2019il sera t\u00eate de liste. Mais l\u2019a laiss\u00e9 entendre. Ce serait un sacr\u00e9 coup de poker. En 2014, Fillon voudra-t-il mettre en jeux son devenir politique, 3 ans avant la pr\u00e9sidentielle o\u00f9 il est d\u2019ores et d\u00e9j\u00e0 clairement candidat ?\u00a0<\/p>\n<p>Il a, \u00e0 ce propos, annonc\u00e9 l\u2019organisation d\u2019une primaire ouverte \u00e0 tous les sympathisants pour d\u00e9signer le candidat UMP en 2017.\u00a0<br \/>\nCe soir Fillon avait bross\u00e9 et coup\u00e9 ses sourcils broussailleux : il a jou\u00e9 le notable rassembleur. <em>&#8220;La gauche r\u00eave d&#8217;une UMP caricaturale et \u00e9triqu\u00e9e, \u00e9touff\u00e9e par le centre et rong\u00e9e par l&#8217;extr\u00eame droite (\u2026) En revanche, la gauche craint notre projet d&#8217;une UMP cr\u00e9dible et rassembleuse, qui \u00e9largit les fronti\u00e8res de son influence politique. \u00bb<\/em><\/p>\n<h2>Dimanche 11 novembre<\/h2>\n<p>On ne vous fera pas le coup de la diff\u00e9rence de positions politiques\u00a0entre Cop\u00e9 et Fillon: il n\u2019y en a pas. Juste une posture et un tempo diff\u00e9rents pour se d\u00e9marquer et capter les voix militantes. Fillon et Cop\u00e9 sont d\u2019accords sur l\u2019essentiel\u00a0: le bilan sarkoziste, la droitisation du discours, le refus d\u2019un accord avec le FN. Si le doute persiste, il suffit pour se convaincre qu\u2019il n\u2019y a pas vraiment de bad boy ou de good boy de regarder leurs soutiens respectifs. Devedjian, Ciotti, Longuet soutiennent Fillon et sont \u00e0 droite toute. Ils n\u2019ont rien \u00e0 envier \u00e0 la bande \u00e0 Cop\u00e9.<br \/>\nLes accords de fond n\u2019emp\u00eachent pas des d\u00e9saccords strat\u00e9giques ni la violence des attaques entre candidats\u00a0: la conqu\u00eate du pouvoir n\u2019est pas une promenade de sant\u00e9.<br \/>\nLa s\u00e9millante Roseline Bachelot, soutien ind\u00e9fectible de Fran\u00e7ois Fillon, a, ce dimanche sur France Inter, montr\u00e9 son talent de tueuse.<\/p>\n<p><iframe loading=\"lazy\" src=\"http:\/\/www.franceinter.fr\/player\/export-reecouter?content=498803\" width=\"460\" frameborder=\"0\" scrolling=\"no\" height=\"139\"><\/iframe><\/p>\n<div id='gallery-1' class='gallery galleryid-5824 gallery-columns-3 gallery-size-thumbnail'><figure class='gallery-item'>\n\t\t\t<div class='gallery-icon landscape'>\n\t\t\t\t<a href='https:\/\/archives.regards.fr\/wp-content\/uploads\/2012\/11\/duelb-8d1.jpg'><img loading=\"lazy\" decoding=\"async\" width=\"150\" height=\"150\" src=\"https:\/\/archives.regards.fr\/wp-content\/uploads\/2012\/11\/duelb-8d1-150x150.jpg\" class=\"attachment-thumbnail size-thumbnail\" alt=\"UMP, \u00e9pilogue\" aria-describedby=\"gallery-1-17212\" \/><\/a>\n\t\t\t<\/div>\n\t\t\t\t<figcaption class='wp-caption-text gallery-caption' id='gallery-1-17212'>\n\t\t\t\tUMP, \u00e9pilogue\n\t\t\t\t<\/figcaption><\/figure><figure class='gallery-item'>\n\t\t\t<div class='gallery-icon landscape'>\n\t\t\t\t<a href='https:\/\/archives.regards.fr\/wp-content\/uploads\/2012\/11\/duelc-b07.jpg'><img loading=\"lazy\" decoding=\"async\" width=\"80\" height=\"55\" src=\"https:\/\/archives.regards.fr\/wp-content\/uploads\/2012\/11\/duelc-b07.jpg\" class=\"attachment-thumbnail size-thumbnail\" alt=\"UMP, \u00e9pilogue\" aria-describedby=\"gallery-1-17213\" \/><\/a>\n\t\t\t<\/div>\n\t\t\t\t<figcaption class='wp-caption-text gallery-caption' id='gallery-1-17213'>\n\t\t\t\tUMP, \u00e9pilogue\n\t\t\t\t<\/figcaption><\/figure>\n\t\t<\/div>\n\n","protected":false},"excerpt":{"rendered":"<p>C\u2019est une folle semaine pour la politique fran\u00e7aise qui s\u2019est termin\u00e9e hier soir avec la d\u00e9signation de Jean-Fran\u00e7ois Cop\u00e9 \u00e0 la pr\u00e9sidence de l\u2019UMP. Les \u00e9v\u00e8nements se sont enchain\u00e9s sans lien apparent entre eux. Mais \u00e0 l\u2019arriv\u00e9e la gauche et la droite sont en miettes.<\/p>\n","protected":false},"author":464,"featured_media":17212,"comment_status":"open","ping_status":"open","sticky":false,"template":"","format":"standard","meta":{"_themeisle_gutenberg_block_has_review":false,"footnotes":""},"categories":[141],"tags":[291,357],"class_list":["post-5824","post","type-post","status-publish","format-standard","has-post-thumbnail","hentry","category-archives-web","tag-analyse","tag-chronique"],"_links":{"self":[{"href":"https:\/\/archives.regards.fr\/index.php?rest_route=\/wp\/v2\/posts\/5824","targetHints":{"allow":["GET"]}}],"collection":[{"href":"https:\/\/archives.regards.fr\/index.php?rest_route=\/wp\/v2\/posts"}],"about":[{"href":"https:\/\/archives.regards.fr\/index.php?rest_route=\/wp\/v2\/types\/post"}],"author":[{"embeddable":true,"href":"https:\/\/archives.regards.fr\/index.php?rest_route=\/wp\/v2\/users\/464"}],"replies":[{"embeddable":true,"href":"https:\/\/archives.regards.fr\/index.php?rest_route=%2Fwp%2Fv2%2Fcomments&post=5824"}],"version-history":[{"count":0,"href":"https:\/\/archives.regards.fr\/index.php?rest_route=\/wp\/v2\/posts\/5824\/revisions"}],"wp:featuredmedia":[{"embeddable":true,"href":"https:\/\/archives.regards.fr\/index.php?rest_route=\/wp\/v2\/media\/17212"}],"wp:attachment":[{"href":"https:\/\/archives.regards.fr\/index.php?rest_route=%2Fwp%2Fv2%2Fmedia&parent=5824"}],"wp:term":[{"taxonomy":"category","embeddable":true,"href":"https:\/\/archives.regards.fr\/index.php?rest_route=%2Fwp%2Fv2%2Fcategories&post=5824"},{"taxonomy":"post_tag","embeddable":true,"href":"https:\/\/archives.regards.fr\/index.php?rest_route=%2Fwp%2Fv2%2Ftags&post=5824"}],"curies":[{"name":"wp","href":"https:\/\/api.w.org\/{rel}","templated":true}]}}