{"id":5823,"date":"2012-11-14T12:21:35","date_gmt":"2012-11-14T11:21:35","guid":{"rendered":"https:\/\/wp.muchomaas.com\/le-hollandisme-ou-la-continuite-du5823\/"},"modified":"2023-06-23T23:12:48","modified_gmt":"2023-06-23T21:12:48","slug":"le-hollandisme-ou-la-continuite-du5823","status":"publish","type":"post","link":"https:\/\/archives.regards.fr\/?p=5823","title":{"rendered":"Le \u00ab hollandisme \u00bb ou la continuit\u00e9 du n\u00e9olib\u00e9ralisme \u00e0 la fran\u00e7aise"},"content":{"rendered":"<p class=\"post_excerpt\">Dans cet article publi\u00e9 sur le site M\u00e9moire des luttes, le sociologue Fr\u00e9d\u00e9ric Lebaron met au jour une analogie de r\u00e9pertoire entre les premiers mois du quinquennat Sarkozy et ceux du quinquennat Hollande.<\/p>\n<p>Dans le flot des commentaires qui ont pr\u00e9c\u00e9d\u00e9 et suivi la publication du rapport Gallois et les annonces gouvernementales qui l\u2019ont accompagn\u00e9 &#8211; sous le nom de Pacte national pour la croissance, la comp\u00e9titivit\u00e9 et l\u2019emploi &#8211; on a jusqu\u2019ici assez peu relev\u00e9 l\u2019int\u00e9ressante analogie de r\u00e9pertoire entre les premiers mois du quinquennat Sarkozy et ceux du quinquennat Hollande : le lancement, tr\u00e8s m\u00e9diatis\u00e9, peu apr\u00e8s l\u2019\u00e9lection pr\u00e9sidentielle, d\u2019un rapport de r\u00e9f\u00e9rence command\u00e9 \u00e0 un ou plusieurs \u00ab experts \u00bb, le rapport Attali dans le premier cas et celui de l\u2019ancien pr\u00e9sident d\u2019EADS dans le second [1]. La m\u00e9thode permet au gouvernement, inspir\u00e9 par un travail de fond, de fixer un cap de politique \u00e9conomique, en particulier concernant les \u00ab r\u00e9formes structurelles \u00bb n\u00e9cessaires durant le quinquennat&#8230;. <strong>Lire la suite sur le site <a href=\"http:\/\/www.medelu.org\/Le-hollandisme-ou-la-continuite-du\">www.medelu.org<\/a><\/strong><div id='gallery-1' class='gallery galleryid-5823 gallery-columns-3 gallery-size-thumbnail'><figure class='gallery-item'>\n\t\t\t<div class='gallery-icon landscape'>\n\t\t\t\t<a href='https:\/\/archives.regards.fr\/wp-content\/uploads\/2012\/11\/hol-4-609.jpg'><img loading=\"lazy\" decoding=\"async\" width=\"150\" height=\"150\" src=\"https:\/\/archives.regards.fr\/wp-content\/uploads\/2012\/11\/hol-4-609-150x150.jpg\" class=\"attachment-thumbnail size-thumbnail\" alt=\"hol-4.jpg\" \/><\/a>\n\t\t\t<\/div><\/figure>\n\t\t<\/div>\n<\/p>\n","protected":false},"excerpt":{"rendered":"<p>Dans cet article publi\u00e9 sur le site M\u00e9moire des luttes, le sociologue Fr\u00e9d\u00e9ric Lebaron met au jour une analogie de r\u00e9pertoire entre les premiers mois du quinquennat Sarkozy et ceux du quinquennat Hollande.<\/p>\n","protected":false},"author":1,"featured_media":17210,"comment_status":"open","ping_status":"open","sticky":false,"template":"","format":"standard","meta":{"_themeisle_gutenberg_block_has_review":false,"footnotes":""},"categories":[141],"tags":[],"class_list":["post-5823","post","type-post","status-publish","format-standard","has-post-thumbnail","hentry","category-archives-web"],"_links":{"self":[{"href":"https:\/\/archives.regards.fr\/index.php?rest_route=\/wp\/v2\/posts\/5823","targetHints":{"allow":["GET"]}}],"collection":[{"href":"https:\/\/archives.regards.fr\/index.php?rest_route=\/wp\/v2\/posts"}],"about":[{"href":"https:\/\/archives.regards.fr\/index.php?rest_route=\/wp\/v2\/types\/post"}],"author":[{"embeddable":true,"href":"https:\/\/archives.regards.fr\/index.php?rest_route=\/wp\/v2\/users\/1"}],"replies":[{"embeddable":true,"href":"https:\/\/archives.regards.fr\/index.php?rest_route=%2Fwp%2Fv2%2Fcomments&post=5823"}],"version-history":[{"count":0,"href":"https:\/\/archives.regards.fr\/index.php?rest_route=\/wp\/v2\/posts\/5823\/revisions"}],"wp:featuredmedia":[{"embeddable":true,"href":"https:\/\/archives.regards.fr\/index.php?rest_route=\/wp\/v2\/media\/17210"}],"wp:attachment":[{"href":"https:\/\/archives.regards.fr\/index.php?rest_route=%2Fwp%2Fv2%2Fmedia&parent=5823"}],"wp:term":[{"taxonomy":"category","embeddable":true,"href":"https:\/\/archives.regards.fr\/index.php?rest_route=%2Fwp%2Fv2%2Fcategories&post=5823"},{"taxonomy":"post_tag","embeddable":true,"href":"https:\/\/archives.regards.fr\/index.php?rest_route=%2Fwp%2Fv2%2Ftags&post=5823"}],"curies":[{"name":"wp","href":"https:\/\/api.w.org\/{rel}","templated":true}]}}