{"id":5820,"date":"2013-11-04T17:00:00","date_gmt":"2013-11-04T16:00:00","guid":{"rendered":"https:\/\/wp.muchomaas.com\/quand-la-droite-manifeste-ce-n-est5820\/"},"modified":"2023-06-23T23:12:48","modified_gmt":"2023-06-23T21:12:48","slug":"quand-la-droite-manifeste-ce-n-est5820","status":"publish","type":"post","link":"https:\/\/archives.regards.fr\/?p=5820","title":{"rendered":"Entretien avec Danielle Tartakowsky. \u00ab Quand la droite manifeste, ce n\u2019est pas d\u00e9pourvu d\u2019effets \u00bb"},"content":{"rendered":"<p class=\"post_excerpt\"><em>Il aura suffi que la droite bretonne dise non \u00e0 l&#8217;\u00e9cotaxe pour que le gouvernement recule et suspende la mesure. Les manifs de droite seraient-elles plus efficaces que celles de gauche? Il y a presqu&#8217;un an jour pour jour nous avions \u00e9chang\u00e9 sur le sujet avec Danielle Tartakowsky. Rewind.<\/em><\/p>\n<p>Jean-Fran\u00e7ois Cop\u00e9, secr\u00e9taire g\u00e9n\u00e9ral et candidat \u00e0 la pr\u00e9sidence de l&#8217;UMP, a appel\u00e9 \u00e0 manifester contre le mariage homosexuel le 17 novembre. Une manif de droite? L&#8217;historienne Danielle Tartakowsky, sp\u00e9cialiste des mouvements sociaux, d\u00e9crypte ce ph\u00e9nom\u00e8ne.<\/p>\n<p><strong>[Publi\u00e9 le 13 novembre 2012]<\/strong> <strong>Regards.fr. L\u2019appel de Jean-Fran\u00e7ois Cop\u00e9 \u00e0 manifester contre le mariage homosexuel a suscit\u00e9 des r\u00e9actions d\u2019indignation \u00e0 droite. A-t-il lev\u00e9 un tabou ? <\/strong> <\/p>\n<p><strong>Danielle Tartakowsky.<\/strong> Ce n\u2019est pas une premi\u00e8re ! On a tendance \u00e0 penser que la manifestation est un mode d\u2019expression de la gauche et du mouvement ouvrier. A l\u2019\u00e9chelle historique, les droites descendent moins souvent dans la rue que la gauche, mais quand elles le font, c\u2019est avec une tr\u00e8s grande efficacit\u00e9. C\u2019est d\u2019ailleurs \u00e0 droite, rappelons-le, qu\u2019on observe les premiers ph\u00e9nom\u00e8nes d\u2019expression politique dans l\u2019espace public. Dans les ann\u00e9es 1890-1900, les boulangistes et les anti-dreyfusards appellent \u00e0 se mobiliser. C\u2019est per\u00e7u par les dreyfusards comme une action factieuse propre aux droites antiparlementaires plut\u00f4t qu\u2019\u00e0 la gauche r\u00e9publicaine. Ils lui opposent la p\u00e9tition, pr\u00e9f\u00e9rant cette expression d\u2019individus donnant leur nom, \u00e0 celle de la foule. Le 6 f\u00e9vrier 1934, les ligues d\u2019extr\u00eame droite utilisent la rue \u00e0 des fins politiques centrales. Elle se rassemblent autour du palais Bourbon le jour o\u00f9 Edouard Daladier, figure du Parti radical, doit obtenir l\u2019investiture. La pression pour obtenir que l\u2019appareil d\u2019Etat se transforme en un sens autoritaire ne rel\u00e8ve peut-\u00eatre pas du fascisme \u00e0 l\u2019italienne ou du nazisme \u00e0 l\u2019allemande, mais il n\u2019en demeure pas moins qu\u2019elle s\u2019exerce directement sur le r\u00e9gime et ses valeurs. Si cette manifestation a ouvert une crise politique majeure, elle a eu pour effet pervers d\u2019engager le processus de construction du Front populaire. Du coup les droites ne sont plus descendues dans la rue jusqu\u2019au 30 mai 1968 qui, en marquant la fin du mouvement, redonne une l\u00e9gitimit\u00e9 au pouvoir de la rue. <\/p>\n<p><strong>Quelle est la r\u00e9f\u00e9rence historique de Jean-Fran\u00e7ois Cop\u00e9 ?<\/strong><\/p>\n<p>C\u2019est 1984 qui lui sert de mod\u00e8le. Une \u00e9norme manifestation lanc\u00e9e \u00e0 l\u2019appel des catholiques et de la droite face au gouvernement Mitterrand, contre la loi Savary sur l\u2019\u00e9cole libre. Elle en vient \u00e0 bout, ainsi que du ministre qui la portait. M\u00eame s\u2019il n\u2019existe pas de lien direct etre les deux, la France s\u2019engagera par la suite dans le tournant de la rigueur, obtenu en quelque sorte par la force de la rue. Certes, une dizaine de lois ou projets de loi tomberont \u00e0 la suite de manifestations, entre 1984 et 1995, jusqu\u2019\u00e0 g\u00e9n\u00e9rer la notion de referendum d\u2019initiative populaire. Mais il ne faut pas oublier que le ph\u00e9nom\u00e8ne a commenc\u00e9 \u00e0 droite. Et que chaque fois que celle-ci a choisi ce mode d\u2019expression, en r\u00e9action \u00e0 des lois jug\u00e9es centrales dans le dispositif id\u00e9ologique, \u00e7a a produit des tournants forts dans l\u2019histoire politique. Que Jean-Fran\u00e7ois Cop\u00e9 appelle \u00e0 manifester n\u2019a rien d\u2019ill\u00e9gitime. Mais il faut le prendre au s\u00e9rieux. Car quand la droite s\u2019en m\u00eale, ce n\u2019est pas d\u00e9pourvu d\u2019effets. <\/p>\n<p><strong>En 2010, Fran\u00e7ois Fillon parlait \u00e0 propos de la mobilisation contre la r\u00e9forme des retraites de <em>\u00ab n\u00e9gation de la d\u00e9mocratie et du pacte r\u00e9publicain \u00bb<\/em>. La droite ne se reconna\u00eet-elle plus dans ce mode d&#8217;expression ? <\/strong> <\/p>\n<p>Il n\u2019y a pas une, mais des droites. S\u2019engager dans un mouvement de rue pour une fraction de l\u2019UMP aujourd\u2019hui, c\u2019est emprunter une voie qui pose le rapprochement avec l\u2019extr\u00eame droite. Un rapprochement dont se d\u00e9fie Fran\u00e7ois Fillon, plus proche du gaullisme historique, qui du coup est appel\u00e9 \u00e0 mettre en avant la l\u00e9gitimit\u00e9 r\u00e9publicaine. Mais l\u2019appel \u00e0 manifester de Jean-Fran\u00e7ois Cop\u00e9 participe bien d\u2019une alliance possible avec l\u2019extr\u00eame droite. <\/p>\n<div id='gallery-1' class='gallery galleryid-5820 gallery-columns-3 gallery-size-thumbnail'><figure class='gallery-item'>\n\t\t\t<div class='gallery-icon landscape'>\n\t\t\t\t<a href='https:\/\/archives.regards.fr\/wp-content\/uploads\/2012\/11\/copb-a13.jpg'><img loading=\"lazy\" decoding=\"async\" width=\"150\" height=\"150\" src=\"https:\/\/archives.regards.fr\/wp-content\/uploads\/2012\/11\/copb-a13-150x150.jpg\" class=\"attachment-thumbnail size-thumbnail\" alt=\"Entretien avec Danielle Tartakowsky. \u00ab Quand la droite manifeste, ce n\u2019est pas d\u00e9pourvu d\u2019effets \u00bb\" aria-describedby=\"gallery-1-17202\" \/><\/a>\n\t\t\t<\/div>\n\t\t\t\t<figcaption class='wp-caption-text gallery-caption' id='gallery-1-17202'>\n\t\t\t\tEntretien avec Danielle Tartakowsky. \u00ab Quand la droite manifeste, ce n\u2019est pas d\u00e9pourvu d\u2019effets \u00bb\n\t\t\t\t<\/figcaption><\/figure>\n\t\t<\/div>\n\n","protected":false},"excerpt":{"rendered":"<p><em>Il aura suffi que la droite bretonne dise non \u00e0 l&#8217;\u00e9cotaxe pour que le gouvernement recule et suspende la mesure. Les manifs de droite seraient-elles plus efficaces que celles de gauche? Il y a presqu&#8217;un an jour pour jour nous avions \u00e9chang\u00e9 sur le sujet avec Danielle Tartakowsky. Rewind.<\/em><\/p>\n<p>Jean-Fran\u00e7ois Cop\u00e9, secr\u00e9taire g\u00e9n\u00e9ral et candidat \u00e0 la pr\u00e9sidence de l&#8217;UMP, a appel\u00e9 \u00e0 manifester contre le mariage homosexuel le 17 novembre. Une manif de droite? L&#8217;historienne Danielle Tartakowsky, sp\u00e9cialiste des mouvements sociaux, d\u00e9crypte ce ph\u00e9nom\u00e8ne.<\/p>\n","protected":false},"author":573,"featured_media":17202,"comment_status":"open","ping_status":"open","sticky":false,"template":"","format":"standard","meta":{"_themeisle_gutenberg_block_has_review":false,"footnotes":""},"categories":[141],"tags":[293],"class_list":["post-5820","post","type-post","status-publish","format-standard","has-post-thumbnail","hentry","category-archives-web","tag-entretien"],"_links":{"self":[{"href":"https:\/\/archives.regards.fr\/index.php?rest_route=\/wp\/v2\/posts\/5820","targetHints":{"allow":["GET"]}}],"collection":[{"href":"https:\/\/archives.regards.fr\/index.php?rest_route=\/wp\/v2\/posts"}],"about":[{"href":"https:\/\/archives.regards.fr\/index.php?rest_route=\/wp\/v2\/types\/post"}],"author":[{"embeddable":true,"href":"https:\/\/archives.regards.fr\/index.php?rest_route=\/wp\/v2\/users\/573"}],"replies":[{"embeddable":true,"href":"https:\/\/archives.regards.fr\/index.php?rest_route=%2Fwp%2Fv2%2Fcomments&post=5820"}],"version-history":[{"count":0,"href":"https:\/\/archives.regards.fr\/index.php?rest_route=\/wp\/v2\/posts\/5820\/revisions"}],"wp:featuredmedia":[{"embeddable":true,"href":"https:\/\/archives.regards.fr\/index.php?rest_route=\/wp\/v2\/media\/17202"}],"wp:attachment":[{"href":"https:\/\/archives.regards.fr\/index.php?rest_route=%2Fwp%2Fv2%2Fmedia&parent=5820"}],"wp:term":[{"taxonomy":"category","embeddable":true,"href":"https:\/\/archives.regards.fr\/index.php?rest_route=%2Fwp%2Fv2%2Fcategories&post=5820"},{"taxonomy":"post_tag","embeddable":true,"href":"https:\/\/archives.regards.fr\/index.php?rest_route=%2Fwp%2Fv2%2Ftags&post=5820"}],"curies":[{"name":"wp","href":"https:\/\/api.w.org\/{rel}","templated":true}]}}