{"id":5819,"date":"2012-11-13T12:24:48","date_gmt":"2012-11-13T11:24:48","guid":{"rendered":"https:\/\/wp.muchomaas.com\/le-realisme-de-la-rupture5819\/"},"modified":"2023-06-23T23:12:47","modified_gmt":"2023-06-23T21:12:47","slug":"le-realisme-de-la-rupture5819","status":"publish","type":"post","link":"https:\/\/archives.regards.fr\/?p=5819","title":{"rendered":"Fran\u00e7ois Hollande, le r\u00e9alisme de la rupture"},"content":{"rendered":"<p class=\"post_excerpt\">Six mois \u00e0 peine apr\u00e8s son arriv\u00e9e \u00e0 l&#8217;\u00c9lys\u00e9e, Fran\u00e7ois Hollande donne un coup de barre \u00e0 droite et met le cap sur l&#8217;aust\u00e9rit\u00e9. Ce soir, lors de la conf\u00e9rence de presse tant attendue, il devrait expliquer au Fran\u00e7ais sa nouvelle feuille de route. D\u00e9cryptage.<\/p>\n<p>La politique des sommets est une bien curieuse chose. Au d\u00e9but de l\u2019ann\u00e9e, les socialistes choisissent Fran\u00e7ois Hollande comme candidat, parce qu\u2019il est le plus \u00ab\u00a0soft\u00a0\u00bb, le plus flou, celui qui ne fait peur \u00e0 personne, celui qui n\u2019est ni Manuel Valls \u2013\u00a0le social-lib\u00e9ral affich\u00e9\u00a0\u2013 ni le quasi-chev\u00e8nementiste du verbe, Arnaud Montebourg, ni m\u00eame la \u00ab\u00a0Madame 35 heures\u00a0\u00bb, Martine Aubry. Le bon score de Montebourg \u00e0 la primaire et le dynamisme de la campagne M\u00e9lenchon \u00e0 la pr\u00e9sidentielle l\u2019ont pourtant tir\u00e9 vers un discours d\u2019apparence plus gauche, c\u00e9l\u00e9brant les vertus de la volont\u00e9 et de la r\u00e9gulation et vitup\u00e9rant son ennemi jur\u00e9 du moment, la finance. En ce temps-l\u00e0, Montebourg parade, Aubry s\u2019efface et Valls, muet, se met au garde-\u00e0-vous.<\/p>\n<p>Il n\u2019a pas fallu six mois pour que toutes les cartes soient redistribu\u00e9es. Les patrons ont tonn\u00e9, l\u2019Allemagne a sermonn\u00e9, les march\u00e9s financiers se sont content\u00e9s de grogner. Assez pour que, sans barguigner, le pouvoir socialiste d\u00e9cide de changer de coh\u00e9rence \u00e9conomique. La finance n\u2019est plus l\u2019ennemie, l\u2019entreprise priv\u00e9e est redevenue le pivot de la croissance, le travail est un co\u00fbt exorbitant, l\u2019\u00c9tat est trop d\u00e9pensier, les charges sociales sont exag\u00e9r\u00e9es. Le rapport Gallois, de l\u2019avis de beaucoup, c\u2019est du social-lib\u00e9ralisme \u00e0 la Schr\u00f6der et le Medef s\u2019est dit satisfait. Mais, allez savoir, Arnaud Montebourg lui-m\u00eame ne jure plus que par Gallois et la baisse des charges\u2026 Fran\u00e7ois Mitterrand avait mis un an avant de commencer \u00e0 louvoyer et deux ans avant de changer franchement de cap. Fran\u00e7ois Hollande a d\u00fb penser que cinq ans font deux ans de moins que sept\u00a0: il n\u2019a donc mis que six mois pour tourner compl\u00e8tement le dos au discours de campagne. Fin de la \u00ab\u00a0normalit\u00e9\u00a0\u00bb\u2026<\/p>\n<p>Le probl\u00e8me est d\u00e9sormais simple dans son \u00e9nonc\u00e9. La politique suivie en France aura les m\u00eames r\u00e9sultats que partout ailleurs. De l\u2019aust\u00e9rit\u00e9 salariale, du retrait de l\u2019\u00c9tat, pas de \u00ab\u00a0r\u00e9gulation\u00a0\u00bb financi\u00e8re s\u00e9rieuse, des d\u00e9sastres sociaux, une soci\u00e9t\u00e9 d\u00e9chir\u00e9e, pas de d\u00e9veloppement humain durable et sans doute m\u00eame pas de croissance. Ni l\u2019argent du beurre ni le beurre\u2026 Sur cette base, les lib\u00e9raux les plus cons\u00e9quents vont relever la t\u00eate. Aujourd\u2019hui Manuel Valls se rengorge, demain ce sera le tour d\u2019une droite calamiteuse \u00e0 la Fillon ou d\u2019une droite honteuse \u00e0 la Cop\u00e9. Et, derri\u00e8re, on attend les ramasseurs d\u2019amertume populaire \u00e0 la Le Pen.<\/p>\n<p>Que les socialistes au pouvoir fassent le contraire de ce qu\u2019ils ont promis n\u2019est pas \u00e0 proprement parler une surprise. Qu\u2019ils fassent volte-face si vite, cela s\u2019est d\u00e9j\u00e0 vu dans l\u2019histoire. Le probl\u00e8me est que, jusqu\u2019\u00e0 ce jour, le pire est sorti de cet exercice. Inutile de se le cacher\u00a0: une gauche de pouvoir qui capitule, c\u2019est le pire du capitalisme qui en tire l\u2019avantage et c\u2019est la d\u00e9mocratie qui recule de fa\u00e7on absolue. Au fond, il ne sert \u00e0 rien de clamer ce qui est pourtant la v\u00e9rit\u00e9\u00a0: ce sera pire encore avec la droite. Mais ce sera pire demain, parce que la gauche au pouvoir fait aujourd\u2019hui ce qu\u2019elle fait. Et il ne sert \u00e0 rien de tourner autour du pot\u00a0: il faut taper sur la droite et le patronat, mais ce que fait cette gauche est inadmissible. La seule r\u00e9ponse possible est le non.<\/p>\n<p>Et pourtant toutes les conditions existent pour qu\u2019il en soit autrement. Les points d\u2019appui pour contrer les choix financiers s\u2019observent, en France et ailleurs. La crise du syst\u00e8me est telle que le r\u00e9alisme est d\u00e9sormais du c\u00f4t\u00e9 de ceux qui cherchent \u00e0 faire autrement, comme beaucoup (et pas tous de rouges r\u00e9volution aires\u2026) se sont mis \u00e0 dire, entre les ann\u00e9es trente et la Lib\u00e9ration, qu\u2019il fallait changer radicalement de m\u00e9thode. Tout ce qui va dans cette direction novatrice, tout ce qui refuse l\u2019inacceptable, tout ce qui exp\u00e9rimente des voies nouvelles, tout cela doit \u00eatre soutenu, valoris\u00e9, promu publiquement. Et, en opposition absolue \u00e0 toute coh\u00e9rence lib\u00e9rale, \u00e0 rebours de toute coh\u00e9rence sociale-lib\u00e9rale, c\u2019est une autre coh\u00e9rence qu\u2019il faut chercher \u00e0 valoriser, avec ses ma\u00eetres mots, les plus simples et les plus beaux du monde\u00a0: \u00e9galit\u00e9, partage, r\u00e9gulation par les droits, appropriation publique, implication citoyenne.<\/p>\n<p>Le socialisme au pouvoir ne peut plus s\u2019opposer \u00e0 la droite, car il ne sait plus combattre, ni ses maux, ni ses mots. Or la gauche, en France, n\u2019est pas pr\u00eate \u00e0 capituler. Rien ne sert de manger du socialiste \u00e0 tous les repas\u00a0; rien ne sert non plus, en clamant que la droite revient, de m\u00e9nager ceux qui portent une lourde responsabilit\u00e9 dans ce possible retour. Ne pas nourrir la d\u00e9sesp\u00e9rance\u00a0; mais ne pas sous-estimer la rupture politique et morale qu\u2019implique le sursaut. Aux socialistes, d\u00e8s lors, de dire et de montrer s\u2019ils veulent \u00eatre du c\u00f4t\u00e9 du d\u00e9sastre ou du c\u00f4t\u00e9 de la relance. Quand l\u2019incendie est dans la maison, ce n\u2019est pas \u00e0 celui qui crie au feu qu\u2019il faut jeter la pierre.<div id='gallery-1' class='gallery galleryid-5819 gallery-columns-3 gallery-size-thumbnail'><figure class='gallery-item'>\n\t\t\t<div class='gallery-icon landscape'>\n\t\t\t\t<a href='https:\/\/archives.regards.fr\/wp-content\/uploads\/2012\/11\/aust-498.jpg'><img loading=\"lazy\" decoding=\"async\" width=\"150\" height=\"150\" src=\"https:\/\/archives.regards.fr\/wp-content\/uploads\/2012\/11\/aust-498-150x150.jpg\" class=\"attachment-thumbnail size-thumbnail\" alt=\"aust.jpg\" \/><\/a>\n\t\t\t<\/div><\/figure><figure class='gallery-item'>\n\t\t\t<div class='gallery-icon landscape'>\n\t\t\t\t<a href='https:\/\/archives.regards.fr\/wp-content\/uploads\/2012\/11\/austb-2c0.jpg'><img loading=\"lazy\" decoding=\"async\" width=\"150\" height=\"150\" src=\"https:\/\/archives.regards.fr\/wp-content\/uploads\/2012\/11\/austb-2c0-150x150.jpg\" class=\"attachment-thumbnail size-thumbnail\" alt=\"Fran\u00e7ois Hollande, le r\u00e9alisme de la rupture\" aria-describedby=\"gallery-1-17199\" \/><\/a>\n\t\t\t<\/div>\n\t\t\t\t<figcaption class='wp-caption-text gallery-caption' id='gallery-1-17199'>\n\t\t\t\tFran\u00e7ois Hollande, le r\u00e9alisme de la rupture\n\t\t\t\t<\/figcaption><\/figure><figure class='gallery-item'>\n\t\t\t<div class='gallery-icon landscape'>\n\t\t\t\t<a href='https:\/\/archives.regards.fr\/wp-content\/uploads\/2012\/11\/austc-116.jpg'><img loading=\"lazy\" decoding=\"async\" width=\"80\" height=\"55\" src=\"https:\/\/archives.regards.fr\/wp-content\/uploads\/2012\/11\/austc-116.jpg\" class=\"attachment-thumbnail size-thumbnail\" alt=\"Fran\u00e7ois Hollande, le r\u00e9alisme de la rupture\" aria-describedby=\"gallery-1-17200\" \/><\/a>\n\t\t\t<\/div>\n\t\t\t\t<figcaption class='wp-caption-text gallery-caption' id='gallery-1-17200'>\n\t\t\t\tFran\u00e7ois Hollande, le r\u00e9alisme de la rupture\n\t\t\t\t<\/figcaption><\/figure>\n\t\t<\/div>\n<\/p>\n","protected":false},"excerpt":{"rendered":"<p>Six mois \u00e0 peine apr\u00e8s son arriv\u00e9e \u00e0 l&#8217;\u00c9lys\u00e9e, Fran\u00e7ois Hollande donne un coup de barre \u00e0 droite et met le cap sur l&#8217;aust\u00e9rit\u00e9. Ce soir, lors de la conf\u00e9rence de presse tant attendue, il devrait expliquer au Fran\u00e7ais sa nouvelle feuille de route. D\u00e9cryptage.<\/p>\n","protected":false},"author":328,"featured_media":17198,"comment_status":"open","ping_status":"open","sticky":false,"template":"","format":"standard","meta":{"_themeisle_gutenberg_block_has_review":false,"footnotes":""},"categories":[141],"tags":[291,390],"class_list":["post-5819","post","type-post","status-publish","format-standard","has-post-thumbnail","hentry","category-archives-web","tag-analyse","tag-parti-socialiste"],"_links":{"self":[{"href":"https:\/\/archives.regards.fr\/index.php?rest_route=\/wp\/v2\/posts\/5819","targetHints":{"allow":["GET"]}}],"collection":[{"href":"https:\/\/archives.regards.fr\/index.php?rest_route=\/wp\/v2\/posts"}],"about":[{"href":"https:\/\/archives.regards.fr\/index.php?rest_route=\/wp\/v2\/types\/post"}],"author":[{"embeddable":true,"href":"https:\/\/archives.regards.fr\/index.php?rest_route=\/wp\/v2\/users\/328"}],"replies":[{"embeddable":true,"href":"https:\/\/archives.regards.fr\/index.php?rest_route=%2Fwp%2Fv2%2Fcomments&post=5819"}],"version-history":[{"count":0,"href":"https:\/\/archives.regards.fr\/index.php?rest_route=\/wp\/v2\/posts\/5819\/revisions"}],"wp:featuredmedia":[{"embeddable":true,"href":"https:\/\/archives.regards.fr\/index.php?rest_route=\/wp\/v2\/media\/17198"}],"wp:attachment":[{"href":"https:\/\/archives.regards.fr\/index.php?rest_route=%2Fwp%2Fv2%2Fmedia&parent=5819"}],"wp:term":[{"taxonomy":"category","embeddable":true,"href":"https:\/\/archives.regards.fr\/index.php?rest_route=%2Fwp%2Fv2%2Fcategories&post=5819"},{"taxonomy":"post_tag","embeddable":true,"href":"https:\/\/archives.regards.fr\/index.php?rest_route=%2Fwp%2Fv2%2Ftags&post=5819"}],"curies":[{"name":"wp","href":"https:\/\/api.w.org\/{rel}","templated":true}]}}