{"id":5817,"date":"2012-11-12T16:57:19","date_gmt":"2012-11-12T15:57:19","guid":{"rendered":"https:\/\/wp.muchomaas.com\/stephane-gatignon-et-les-trois5817\/"},"modified":"2023-06-23T23:12:47","modified_gmt":"2023-06-23T21:12:47","slug":"stephane-gatignon-et-les-trois5817","status":"publish","type":"post","link":"https:\/\/archives.regards.fr\/?p=5817","title":{"rendered":"St\u00e9phane Gatignon, une le\u00e7on pour tous les militants anti-aust\u00e9rit\u00e9"},"content":{"rendered":"<p>\u00c0 peine quatre heures apr\u00e8s avoir entam\u00e9 sa gr\u00e8ve de la faim &#8211; pour d\u00e9noncer le manque de moyens de sa commune &#8211; St\u00e9phane Gatignon, maire de Sevran, recevait la visite du ministre de l&#8217;Int\u00e9rieur, Manuel Valls. Ce dernier n&#8217;a pas h\u00e9sit\u00e9 \u00e0 rejoindre l&#8217;\u00e9lu dans sa guitoune pour lui assurer tout son soutien. Et \u00e7a, \u00e7a fait chaud au c\u0153ur des militants anti-aust\u00e9rit\u00e9 qui d\u00e9sesp\u00e9raient que le gouvernement entendent leurs revendications. Ce n&#8217;est pourtant pas faute d&#8217;avoir essay\u00e9. Mais si la cause est juste, nos militants manquaient visiblement de m\u00e9thode. St\u00e9phane Gatignon, activiste antilib\u00e9ral bien connu leur a montr\u00e9 la voie\u00a0: une tente igloo, quelques jours de je\u00fbne et un bon r\u00e9seau. C&#8217;est tout con, il suffisait d&#8217;y penser. <\/p>\n<p>Bon, \u00e9videmment tout le monde n&#8217;a pas des amis aussi prestigieux que l&#8217;\u00e9lu \u00e9cologiste, mais \u00e7a que voulez-vous, c&#8217;est le fruit de plusieurs ann\u00e9es de militantisme. N&#8217;emp\u00eache que \u00e7a marche. Apr\u00e8s, la visite du ministre de l&#8217;Int\u00e9rieur, notre \u00e9lu en bivouac recevait le soutien d&#8217;un autre grand militant\u00a0: Harlem Desir. Et qu&#8217;on se le tienne pour dit, le premier secr\u00e9taire du Parti socialiste ne supporte pas les in\u00e9galit\u00e9s. Il est d\u2019ailleurs vent debout avec son parti &#8211; qui constitue la principale force au parlement et au gouvernement &#8211; pour que les \u00e9trangers aient enfin le droit de vote et donc p\u00e8sent tout leur poids dans ces d\u00e9bats \u00e9minemment politiques. Et \u00e7a ne s&#8217;arr\u00eate pas l\u00e0, peu apr\u00e8s ce sont le pr\u00e9sident de l&#8217;assembl\u00e9e nationale Claude Bartolone, Henry Guaino, Christine Lagarde et m\u00eame l&#8217;actuel maire de Neuilly, qui rejoignent la lutte pour d\u00e9fendre une politique ambitieuse en faveur des banlieues. Carton plein, n&#8217;en jetez plus. Le gouvernement chausse du 12 et le temps presse. St\u00e9phane Gatignon a pr\u00e9venu\u00a0: passer ce d\u00e9lai, sa gr\u00e8ve de la faim prendra fin. <div id='gallery-1' class='gallery galleryid-5817 gallery-columns-3 gallery-size-thumbnail'><figure class='gallery-item'>\n\t\t\t<div class='gallery-icon landscape'>\n\t\t\t\t<a href='https:\/\/archives.regards.fr\/wp-content\/uploads\/2012\/11\/gati-990.jpg'><img loading=\"lazy\" decoding=\"async\" width=\"150\" height=\"150\" src=\"https:\/\/archives.regards.fr\/wp-content\/uploads\/2012\/11\/gati-990-150x150.jpg\" class=\"attachment-thumbnail size-thumbnail\" alt=\"gati.jpg\" \/><\/a>\n\t\t\t<\/div><\/figure>\n\t\t<\/div>\n<\/p>\n","protected":false},"excerpt":{"rendered":"<p>\u00c0 peine quatre heures apr\u00e8s avoir entam\u00e9 sa gr\u00e8ve de la faim &#8211; pour d\u00e9noncer le manque de moyens de sa commune &#8211; St\u00e9phane Gatignon, maire de Sevran, recevait la visite du ministre de l&#8217;Int\u00e9rieur, Manuel Valls. Ce dernier n&#8217;a pas h\u00e9sit\u00e9 \u00e0 rejoindre l&#8217;\u00e9lu dans sa guitoune pour lui assurer tout son soutien. Et [&hellip;]<\/p>\n","protected":false},"author":464,"featured_media":17193,"comment_status":"open","ping_status":"open","sticky":false,"template":"","format":"standard","meta":{"_themeisle_gutenberg_block_has_review":false,"footnotes":""},"categories":[141],"tags":[],"class_list":["post-5817","post","type-post","status-publish","format-standard","has-post-thumbnail","hentry","category-archives-web"],"_links":{"self":[{"href":"https:\/\/archives.regards.fr\/index.php?rest_route=\/wp\/v2\/posts\/5817","targetHints":{"allow":["GET"]}}],"collection":[{"href":"https:\/\/archives.regards.fr\/index.php?rest_route=\/wp\/v2\/posts"}],"about":[{"href":"https:\/\/archives.regards.fr\/index.php?rest_route=\/wp\/v2\/types\/post"}],"author":[{"embeddable":true,"href":"https:\/\/archives.regards.fr\/index.php?rest_route=\/wp\/v2\/users\/464"}],"replies":[{"embeddable":true,"href":"https:\/\/archives.regards.fr\/index.php?rest_route=%2Fwp%2Fv2%2Fcomments&post=5817"}],"version-history":[{"count":0,"href":"https:\/\/archives.regards.fr\/index.php?rest_route=\/wp\/v2\/posts\/5817\/revisions"}],"wp:featuredmedia":[{"embeddable":true,"href":"https:\/\/archives.regards.fr\/index.php?rest_route=\/wp\/v2\/media\/17193"}],"wp:attachment":[{"href":"https:\/\/archives.regards.fr\/index.php?rest_route=%2Fwp%2Fv2%2Fmedia&parent=5817"}],"wp:term":[{"taxonomy":"category","embeddable":true,"href":"https:\/\/archives.regards.fr\/index.php?rest_route=%2Fwp%2Fv2%2Fcategories&post=5817"},{"taxonomy":"post_tag","embeddable":true,"href":"https:\/\/archives.regards.fr\/index.php?rest_route=%2Fwp%2Fv2%2Ftags&post=5817"}],"curies":[{"name":"wp","href":"https:\/\/api.w.org\/{rel}","templated":true}]}}