{"id":5813,"date":"2012-11-15T15:00:00","date_gmt":"2012-11-15T14:00:00","guid":{"rendered":"https:\/\/wp.muchomaas.com\/gauche-s-vers-une-crise-politique5813\/"},"modified":"2023-06-23T23:12:46","modified_gmt":"2023-06-23T21:12:46","slug":"gauche-s-vers-une-crise-politique5813","status":"publish","type":"post","link":"https:\/\/archives.regards.fr\/?p=5813","title":{"rendered":"Gauche[s]\u00a0: vers une crise politique\u00a0?"},"content":{"rendered":"<p class=\"post_excerpt\">Le S\u00e9nat vient de rejeter le budget 2013 de la s\u00e9curit\u00e9 sociale, notamment en raison de la position du groupe communiste qui a vot\u00e9 contre le texte. Six mois tout rond apr\u00e8s l\u2019\u00e9lection de Fran\u00e7ois Hollande \u00e0 la pr\u00e9sidence de la R\u00e9publique, les partenaires historiques du parti socialiste ne cachent plus leurs d\u00e9saccords avec les premi\u00e8res orientations \u2013 et mesures \u2013 politiques du gouvernement Ayrault. Une rupture strat\u00e9gique \u00e0 gauche ?\n<\/p>\n<p>Avec ces votes au s\u00e9nat, un nouveau front d\u2019ennuis vient de s\u2019ouvrir pour le gouvernement. Et la majorit\u00e9 pr\u00e9sidentielle s\u2019agace. Arnaud Montebourg affirme que le PCF est entr\u00e9 dans l\u2019opposition. \u00ab\u00a0Le PS agite le spectre du gauchisme pour essayer de marginaliser le PCF\u00a0\u00bb, d\u00e9nonce Dani\u00e8le Obono du courant Convergences et Alternative, membre du Front de Gauche. Pour Eric Coquerel, secr\u00e9taire national du PG\u00a0: \u00ab\u00a0on a \u00e9t\u00e9 consid\u00e9r\u00e9 dans la majorit\u00e9 parce que nous avons contribu\u00e9 \u00e0 l\u2019\u00e9lection de Fran\u00e7ois Hollande contre la pr\u00e9sence de Nicolas Sarkozy au second tour\u00a0\u00bb. La tirade de Montebourg envers les \u00e9lus communistes pourrait refroidir le PCF, en vue des municipales notamment. Pour Coquerel, le PS se trompe. Les intentions du PCF sont claires. Il note que le PS \u00ab\u00a0ne s\u2019adresse strat\u00e9giquement qu\u2019au PCF feignant d\u2019ignorer la r\u00e9alit\u00e9 du FdG\u00a0\u00bb. <\/p>\n<p>La r\u00e9alit\u00e9 du Front de gauche, c\u2019est une diversit\u00e9 de force rassembl\u00e9e par l\u2019id\u00e9e d\u2019ind\u00e9pendance politique vis-\u00e0-vis du PS. La couleur avait \u00e9t\u00e9 annonc\u00e9e lors des \u00e9lections pr\u00e9sidentielles. Les \u00e9lus du FdG n\u2019ont pas vocation \u00e0 accompagner les politiques jusqu\u2019au-boutistes de r\u00e9duction des d\u00e9ficits publics, qui conduisent \u00e0 l\u2019aust\u00e9rit\u00e9 selon eux. Raison pour laquelle le FdG n\u2019a pas souhait\u00e9 entrer au gouvernement. Et pour clarifier et enfin clore ce d\u00e9bat, Dani\u00e8le Obono\u00a0 assume\u00a0: \u00ab\u00a0nous ne sommes pas dans l\u2019opposition. Nous nous opposons aux politiques d\u2019aust\u00e9rit\u00e9s. C\u2019est diff\u00e9rent\u00a0\u00bb. \u00ab\u00a0Quand l\u2019UMP vote avec le PS sur le trait\u00e9 europ\u00e9en [dit TSCG], personne ne soup\u00e7onne que l\u2019UMP est entr\u00e9 dans la majorit\u00e9\u00a0\u00bb, poursuit-elle. Clarification faite. Fermez le banc.<\/p>\n<p>Pour le FdG, les premi\u00e8res d\u00e9cisions du gouvernement sont sans appel\u00a0: hausse de la TVA, taxe sur les retrait\u00e9s, \u00e9chec des n\u00e9gociations sur les d\u00e9passements d\u2019honoraires, all\u00e8gement des charges patronales, etc. Les \u00e9lus du Front de gauche s\u2019inqui\u00e8tent \u00e9galement du gel des dotations de l\u2019Etat aux collectivit\u00e9s. \u00ab\u00a0On ne peut pas accepter de la gauche aujourd\u2019hui ce que nous condamnions hier avec la droite\u00a0\u00bb d\u00e9nonce Marie-Pierre Vieu, pr\u00e9sidente du groupe Front de Gauche de la r\u00e9gion Midi-Pyr\u00e9n\u00e9es. Pour autant, il ne s\u2019agit pas de \u00ab\u00a0torpiller la majorit\u00e9 gouvernementale\u00a0\u00bb, pr\u00e9cise-t-elle, craignant un retour de la droite et de l\u2019extr\u00eame droite en 2014 puis en 2017. <\/p>\n<p>Pour Jacqueline Fraysse, d\u00e9put\u00e9e de la FASE, \u00ab\u00a0le PS a la majorit\u00e9 absolue \u00e0 l\u2019Assembl\u00e9e nationale. Ce qui fut possible pour les s\u00e9nateurs FDG ne l\u2019est pas \u00e0 l\u2019Assembl\u00e9e nationale. C\u2019est une particularit\u00e9 institutionnelle qui nous oblige \u00e0 \u00eatre vigilants quant \u00e0 notre positionnement\u00a0\u00bb. Sur le texte des emplois d\u2019avenir par exemple, le groupe FDG partage l\u2019analyse sur ce texte \u00ab\u00a0mal \u00e9crit\u00a0\u00bb et \u00ab\u00a0inapplicable\u00a0\u00bb. Par contre, les avis divergent sur le positionnement\u00a0: \u00ab\u00a0un rejet du texte ne serait pas compris par les jeunes qui souffrent du ch\u00f4mage\u00a0\u00bb, avance-t-elle. D\u2019une mani\u00e8re g\u00e9n\u00e9rale, Jacqueline Fraysse privil\u00e9gie une posture \u00ab\u00a0constructive\u00a0\u00bb vis-\u00e0-vis de la majorit\u00e9, lui laissant le b\u00e9n\u00e9fice du doute \u00e0 quelques mois de sa prise de fonction. L\u2019\u00e9quilibre politique \u00e0 trouver reste complexe. \u00ab\u00a0Au moins pour le moment\u00a0\u00bb, pr\u00e9cise-t-elle.<\/p>\n<p>Car au c\u0153ur des enjeux, se jouent les prochaines \u00e9ch\u00e9ances \u00e9lectorales. Le rejet par les \u00e9lus communistes du S\u00e9nat du budget de la s\u00e9curit\u00e9 sociale et, prochainement du projet de loi de finance, fait craindre une rupture strat\u00e9gique du PS avec le PCF, principal partenaire \u00e0 gauche dans les collectivit\u00e9s. Pourtant, pour Dani\u00e8le Obono, \u00ab\u00a0il est plus que jamais temps de se poser la question des listes autonomes\u00a0aux \u00e9lections locales \u00bb. Le risque\u00a0: des \u00e9lus en moins, \u00ab\u00a0mais c\u2019est sans doute le prix \u00e0 payer\u00a0\u00bb poursuit-elle. <\/p>\n<p>C\u00f4t\u00e9 PG,\u00a0la ligne est claire\u00a0: autonomie au premier tour. Eric Coquerel pr\u00e9vient quand m\u00eame\u00a0: \u00ab\u00a0nous ne sommes pas dupes des r\u00e9alit\u00e9s locales avec lesquelles il faudra compter.  Il va y avoir des congr\u00e8s pour chacune des formations politiques. Nous d\u00e9ciderons \u00e0 ce moment-l\u00e0\u00a0\u00bb. Ligne partag\u00e9e par Marie-Pierre Vieu qui pr\u00e9conise pour sa part d\u2019\u00e9tudier chaque situation\u00a0: \u00ab\u00a0on ne peut pas dire aujourd\u2019hui tout ou rien. \u00c7a d\u00e9pendra des bilans des collectivit\u00e9s. Il y aura sans doute des listes autonomes dans certaines collectivit\u00e9s. Mais partout o\u00f9 \u00e7a sera possible, il faudra nous rassembler\u00a0\u00bb.<\/p>\n<p>A Paris, o\u00f9 la situation sera particuli\u00e8rement observ\u00e9e, Ian Brossat, le chef de file du groupe PC\/PG au Conseil de Paris n\u2019entend pas, dans l\u2019imm\u00e9diat, d\u00e9finir une strat\u00e9gie pour les municipales de 2014. Il veut croire que l\u2019impopularit\u00e9 croissante des socialistes va contribuer \u00e0 changer la donne. \u00ab\u00a0D\u2019ici \u00e0 2014, le gouvernement devra regarder sur sa gauche\u00a0\u00bb s\u2019avance-t-il. \u00ab\u00a0L\u2019aust\u00e9rit\u00e9 men\u00e9e au niveau national a n\u00e9cessairement des cons\u00e9quences \u00e0 l\u2019\u00e9chelle territoriale \u00bb. Et de conclure\u00a0: \u00ab\u00a0on ne pourra pas s\u00e9parer l\u2019ambiance nationale et locale\u00a0\u00bb.  Les socialistes parisiens sont pr\u00e9venus. Et en attendant, il invite les militants \u00e0 r\u00e9fl\u00e9chir aux contenus des programmes.<\/p>\n<p>Avant les \u00e9lections municipales, les socialistes devront s\u2019accommoder d\u2019une gauche critique qui devra dans le m\u00eame temps \u00ab\u00a0tout mettre en \u0153uvre pour s\u2019affirmer comme une alternative politique cr\u00e9dible et r\u00e9solument de gauche\u00a0\u00bb insiste Marie-Pierre Vieu. Les socialistes pourraient aussi faire les frais de divisions au sein de la majorit\u00e9. Les \u00e9cologistes s\u2019agacent et s\u2019interrogent sur leur participation au gouvernement, au point que le Pr\u00e9sident de la R\u00e9publique lui-m\u00eame n\u2019exclue pas un d\u00e9part prochain de certains ministres Verts. Le risque d\u2019une crise politique \u00e0 gauche n\u2019est donc pas \u00e0 \u00e9carter. Mais l\u2019isolement du PS pourrait avoir des cons\u00e9quences graves sur les premi\u00e8res \u00e9ch\u00e9ances \u00e9lectorales du gouvernement. Alors il ne tient qu\u2019au PS et \u00e0 la majorit\u00e9 gouvernementale de changer de cap. Et d\u2019orienter sa boussole sur sa gauche.<\/p>\n<div id='gallery-1' class='gallery galleryid-5813 gallery-columns-3 gallery-size-thumbnail'><figure class='gallery-item'>\n\t\t\t<div class='gallery-icon landscape'>\n\t\t\t\t<a href='https:\/\/archives.regards.fr\/wp-content\/uploads\/2012\/11\/holc-3-906.jpg'><img loading=\"lazy\" decoding=\"async\" width=\"80\" height=\"55\" src=\"https:\/\/archives.regards.fr\/wp-content\/uploads\/2012\/11\/holc-3-906.jpg\" class=\"attachment-thumbnail size-thumbnail\" alt=\"Gauche[s]\u00a0: vers une crise politique\u00a0?\" aria-describedby=\"gallery-1-17184\" \/><\/a>\n\t\t\t<\/div>\n\t\t\t\t<figcaption class='wp-caption-text gallery-caption' id='gallery-1-17184'>\n\t\t\t\tGauche[s]\u00a0: vers une crise politique\u00a0?\n\t\t\t\t<\/figcaption><\/figure><figure class='gallery-item'>\n\t\t\t<div class='gallery-icon landscape'>\n\t\t\t\t<a href='https:\/\/archives.regards.fr\/wp-content\/uploads\/2012\/11\/hols-3-f7b.jpg'><img loading=\"lazy\" decoding=\"async\" width=\"150\" height=\"150\" src=\"https:\/\/archives.regards.fr\/wp-content\/uploads\/2012\/11\/hols-3-f7b-150x150.jpg\" class=\"attachment-thumbnail size-thumbnail\" alt=\"Gauche[s]\u00a0: vers une crise politique\u00a0?\" aria-describedby=\"gallery-1-17185\" \/><\/a>\n\t\t\t<\/div>\n\t\t\t\t<figcaption class='wp-caption-text gallery-caption' id='gallery-1-17185'>\n\t\t\t\tGauche[s]\u00a0: vers une crise politique\u00a0?\n\t\t\t\t<\/figcaption><\/figure>\n\t\t<\/div>\n\n","protected":false},"excerpt":{"rendered":"<p>Le S\u00e9nat vient de rejeter le budget 2013 de la s\u00e9curit\u00e9 sociale, notamment en raison de la position du groupe communiste qui a vot\u00e9 contre le texte. Six mois tout rond apr\u00e8s l\u2019\u00e9lection de Fran\u00e7ois Hollande \u00e0 la pr\u00e9sidence de la R\u00e9publique, les partenaires historiques du parti socialiste ne cachent plus leurs d\u00e9saccords avec les premi\u00e8res orientations \u2013 et mesures \u2013 politiques du gouvernement Ayrault. Une rupture strat\u00e9gique \u00e0 gauche ?<\/p>\n","protected":false},"author":1039,"featured_media":17184,"comment_status":"open","ping_status":"open","sticky":false,"template":"","format":"standard","meta":{"_themeisle_gutenberg_block_has_review":false,"footnotes":""},"categories":[141],"tags":[291],"class_list":["post-5813","post","type-post","status-publish","format-standard","has-post-thumbnail","hentry","category-archives-web","tag-analyse"],"_links":{"self":[{"href":"https:\/\/archives.regards.fr\/index.php?rest_route=\/wp\/v2\/posts\/5813","targetHints":{"allow":["GET"]}}],"collection":[{"href":"https:\/\/archives.regards.fr\/index.php?rest_route=\/wp\/v2\/posts"}],"about":[{"href":"https:\/\/archives.regards.fr\/index.php?rest_route=\/wp\/v2\/types\/post"}],"author":[{"embeddable":true,"href":"https:\/\/archives.regards.fr\/index.php?rest_route=\/wp\/v2\/users\/1039"}],"replies":[{"embeddable":true,"href":"https:\/\/archives.regards.fr\/index.php?rest_route=%2Fwp%2Fv2%2Fcomments&post=5813"}],"version-history":[{"count":0,"href":"https:\/\/archives.regards.fr\/index.php?rest_route=\/wp\/v2\/posts\/5813\/revisions"}],"wp:featuredmedia":[{"embeddable":true,"href":"https:\/\/archives.regards.fr\/index.php?rest_route=\/wp\/v2\/media\/17184"}],"wp:attachment":[{"href":"https:\/\/archives.regards.fr\/index.php?rest_route=%2Fwp%2Fv2%2Fmedia&parent=5813"}],"wp:term":[{"taxonomy":"category","embeddable":true,"href":"https:\/\/archives.regards.fr\/index.php?rest_route=%2Fwp%2Fv2%2Fcategories&post=5813"},{"taxonomy":"post_tag","embeddable":true,"href":"https:\/\/archives.regards.fr\/index.php?rest_route=%2Fwp%2Fv2%2Ftags&post=5813"}],"curies":[{"name":"wp","href":"https:\/\/api.w.org\/{rel}","templated":true}]}}