{"id":5808,"date":"2012-11-08T20:57:00","date_gmt":"2012-11-08T19:57:00","guid":{"rendered":"https:\/\/wp.muchomaas.com\/photos-sociales-et-politiques5808\/"},"modified":"2012-11-08T20:57:00","modified_gmt":"2012-11-08T19:57:00","slug":"photos-sociales-et-politiques5808","status":"publish","type":"post","link":"https:\/\/archives.regards.fr\/?p=5808","title":{"rendered":"Photos sociales et politiques"},"content":{"rendered":"<p class=\"post_excerpt\">Paul Graham au BAL<\/p>\n<p>\u00c0 l\u2019occasion de son second anniversaire, le BAL pr\u00e9sente deux s\u00e9ries de Paul Graham, figure majeure de la sc\u00e8ne photographique britannique contemporaine. L&#8217;une, <em>Beyond Caries<\/em> (1984-1985) portant sur les bureaux de la s\u00e9curit\u00e9 sociale britannique \u00e0 l&#8217;\u00e9poque Thatcher\u00a0; l&#8217;autre, <em>The Present<\/em> (2011), sur New York, \u00e0 la fois un hommage \u00e0 la photographie de rue et une analyse incisive de la soci\u00e9t\u00e9 am\u00e9ricaine.<\/p>\n<p><a href=\"http:\/\/www.le-bal.fr\/fr\/accueil\/paul-graham\/\">www.le-bal.fr<\/a><\/p>\n","protected":false},"excerpt":{"rendered":"<p>Paul Graham au BAL<\/p>\n","protected":false},"author":643,"featured_media":17168,"comment_status":"open","ping_status":"open","sticky":false,"template":"","format":"standard","meta":{"_themeisle_gutenberg_block_has_review":false,"footnotes":""},"categories":[111],"tags":[393],"class_list":["post-5808","post","type-post","status-publish","format-standard","has-post-thumbnail","hentry","category-nos-selections","tag-expo"],"_links":{"self":[{"href":"https:\/\/archives.regards.fr\/index.php?rest_route=\/wp\/v2\/posts\/5808","targetHints":{"allow":["GET"]}}],"collection":[{"href":"https:\/\/archives.regards.fr\/index.php?rest_route=\/wp\/v2\/posts"}],"about":[{"href":"https:\/\/archives.regards.fr\/index.php?rest_route=\/wp\/v2\/types\/post"}],"author":[{"embeddable":true,"href":"https:\/\/archives.regards.fr\/index.php?rest_route=\/wp\/v2\/users\/643"}],"replies":[{"embeddable":true,"href":"https:\/\/archives.regards.fr\/index.php?rest_route=%2Fwp%2Fv2%2Fcomments&post=5808"}],"version-history":[{"count":0,"href":"https:\/\/archives.regards.fr\/index.php?rest_route=\/wp\/v2\/posts\/5808\/revisions"}],"wp:featuredmedia":[{"embeddable":true,"href":"https:\/\/archives.regards.fr\/index.php?rest_route=\/wp\/v2\/media\/17168"}],"wp:attachment":[{"href":"https:\/\/archives.regards.fr\/index.php?rest_route=%2Fwp%2Fv2%2Fmedia&parent=5808"}],"wp:term":[{"taxonomy":"category","embeddable":true,"href":"https:\/\/archives.regards.fr\/index.php?rest_route=%2Fwp%2Fv2%2Fcategories&post=5808"},{"taxonomy":"post_tag","embeddable":true,"href":"https:\/\/archives.regards.fr\/index.php?rest_route=%2Fwp%2Fv2%2Ftags&post=5808"}],"curies":[{"name":"wp","href":"https:\/\/api.w.org\/{rel}","templated":true}]}}