{"id":58,"date":"2015-01-29T21:20:32","date_gmt":"2015-01-29T20:20:32","guid":{"rendered":"https:\/\/wp.muchomaas.com\/breve-christian-estrosi-58\/"},"modified":"2015-01-29T21:20:32","modified_gmt":"2015-01-29T20:20:32","slug":"breve-christian-estrosi-58","status":"publish","type":"post","link":"https:\/\/archives.regards.fr\/?p=58","title":{"rendered":"Christian Estrosi"},"content":{"rendered":"<p><em>\u00ab\u00a0Je dis au gouvernement : attention de ne pas r\u00e9veiller la col\u00e8re du peuple ni\u00e7ois\u00a0!\u00a0\u00bb<\/em> (Twitter, 29\/01\/2015)<\/p>\n","protected":false},"excerpt":{"rendered":"<p>\u00ab\u00a0Je dis au gouvernement : attention de ne pas r\u00e9veiller la col\u00e8re du peuple ni\u00e7ois\u00a0!\u00a0\u00bb (Twitter, 29\/01\/2015)<\/p>\n","protected":false},"author":1,"featured_media":0,"comment_status":"open","ping_status":"open","sticky":false,"template":"","format":"standard","meta":{"_themeisle_gutenberg_block_has_review":false,"footnotes":""},"categories":[284],"tags":[],"class_list":["post-58","post","type-post","status-publish","format-standard","hentry","category-declarama-breves"],"_links":{"self":[{"href":"https:\/\/archives.regards.fr\/index.php?rest_route=\/wp\/v2\/posts\/58","targetHints":{"allow":["GET"]}}],"collection":[{"href":"https:\/\/archives.regards.fr\/index.php?rest_route=\/wp\/v2\/posts"}],"about":[{"href":"https:\/\/archives.regards.fr\/index.php?rest_route=\/wp\/v2\/types\/post"}],"author":[{"embeddable":true,"href":"https:\/\/archives.regards.fr\/index.php?rest_route=\/wp\/v2\/users\/1"}],"replies":[{"embeddable":true,"href":"https:\/\/archives.regards.fr\/index.php?rest_route=%2Fwp%2Fv2%2Fcomments&post=58"}],"version-history":[{"count":0,"href":"https:\/\/archives.regards.fr\/index.php?rest_route=\/wp\/v2\/posts\/58\/revisions"}],"wp:attachment":[{"href":"https:\/\/archives.regards.fr\/index.php?rest_route=%2Fwp%2Fv2%2Fmedia&parent=58"}],"wp:term":[{"taxonomy":"category","embeddable":true,"href":"https:\/\/archives.regards.fr\/index.php?rest_route=%2Fwp%2Fv2%2Fcategories&post=58"},{"taxonomy":"post_tag","embeddable":true,"href":"https:\/\/archives.regards.fr\/index.php?rest_route=%2Fwp%2Fv2%2Ftags&post=58"}],"curies":[{"name":"wp","href":"https:\/\/api.w.org\/{rel}","templated":true}]}}