{"id":5798,"date":"2012-11-08T19:27:57","date_gmt":"2012-11-08T18:27:57","guid":{"rendered":"https:\/\/wp.muchomaas.com\/grece-une-semaine-avec-syriza-a5798\/"},"modified":"2023-06-23T23:12:44","modified_gmt":"2023-06-23T21:12:44","slug":"grece-une-semaine-avec-syriza-a5798","status":"publish","type":"post","link":"https:\/\/archives.regards.fr\/?p=5798","title":{"rendered":"Gr\u00e8ce, une semaine avec Syriza \u00e0 Ath\u00e8nes"},"content":{"rendered":"<p class=\"post_excerpt\">La crise, dans une Gr\u00e8ce transform\u00e9e en \u00ab\u00a0laboratoire des politiques n\u00e9o-lib\u00e9rales\u00a0\u00bb, ne semble pas conna\u00eetre d&#8217;issue. Mais le d\u00e9sastre ne se mesure pas qu&#8217;\u00e0 l&#8217;aune des cons\u00e9quences financi\u00e8res, \u00e9conomiques, ni m\u00eame sociales ou humanitaires qui s&#8217;abattent sur le pays\u00a0: l\u00e0 o\u00f9 la d\u00e9mocratie elle-m\u00eame risque de se voir emport\u00e9e dans la tourmente, des r\u00e9sistances s&#8217;organisent autour de la coalition de la gauche radicale Syriza. Nous avons pass\u00e9 une semaine \u00e0 Ath\u00e8nes, \u00e0 la rencontre de ses militants et responsables, pour appr\u00e9hender leurs analyses, prendre la mesure de leurs actes et de leurs intentions, au c\u0153ur de ce qui pourrait devenir, par renversement, un \u00ab\u00a0laboratoire de la politique anti-lib\u00e9rale\u00a0\u00bb en Europe.\n<\/p>\n<p><strong>\u00c9pisode 1 : Crise g\u00e9n\u00e9rale. Entretien-vid\u00e9o avec Venios Angelopoulos, membre du bureau national de Syriza.<\/strong><\/p>\n<p>Une \u00e9ni\u00e8me gr\u00e8ve g\u00e9n\u00e9rale s&#8217;est empar\u00e9e  du pays, alors que le pouvoir a de plus en plus de mal \u00e0 assurer sa propre coh\u00e9sion. Un accord sur le vote du 3e volet du m\u00e9morandum a finalement \u00e9t\u00e9 adopt\u00e9 de justesse en soir\u00e9e au Parlement, au prix de nouvelles divisions au sein de la coalition gouvernementale, plusieurs d\u00e9put\u00e9s ayant \u00e9t\u00e9 exclus de leur parti apr\u00e8s avoir refus\u00e9 de voter les nouvelles mesures d&#8217;aust\u00e9rit\u00e9. Cette impasse politique traduit un blocage plus profond, que la persistance des recettes n\u00e9o-lib\u00e9rales ne fait qu&#8217;aggraver [[ Associated Press comparait r\u00e9cemment les chiffres de l&#8217;ann\u00e9e en cours avec ceux d&#8217;il y a trois ans, date o\u00f9 \u00e9tait r\u00e9v\u00e9l\u00e9 le d\u00e9ficit de la Gr\u00e8ce, quatre fois sup\u00e9rieur \u00e0 la limite fix\u00e9e aux Etats europ\u00e9ens\u00a0: le constat est sans appel, avec une croissance en chute de plus de 4% pour l&#8217;ann\u00e9e \u00e0 venir, qui suit deux ann\u00e9es de baisses cons\u00e9cutives, une dette dont le rembousement repr\u00e9sente 165,3% du PIB alors qu&#8217;il en repr\u00e9sentait d\u00e9j\u00e0 129,4% en 2009, et un taux de ch\u00f4mage pass\u00e9 de 7,7% \u00e0 25%.]]. En r\u00e9ponse, Alexis Tsipras, leader de Syriza, appelle \u00e0 la tenue prochaine d&#8217;\u00e9lections qui marqueraient une rupture.<br \/>\nAvec Venios Angelopoulos, membre du bureau ex\u00e9cutif, nous \u00e9voquons les d\u00e9fis que doit relever la principale force d&#8217;opposition dans la crise de croissance qu&#8217;elle traverse depuis le scrutin de juin, et les strat\u00e9gies qu&#8217;elle engage pour se donner les moyens de gouverner, alors que les sondages la placent d\u00e9sormais en t\u00eate des intentions de vote.<\/p>\n<p>Syriza avance dans un paysage politique en ruine. La gauche traditionnelle s&#8217;est effondr\u00e9e (Pasok et Parti de la Gauche d\u00e9mocratique), discr\u00e9dit\u00e9e tant par la corruption qui la mine depuis des ann\u00e9es au pouvoir, que par sa r\u00e9cente alliance avec la droite lib\u00e9rale (Nouvelle d\u00e9mocratie). Cette derni\u00e8re agit comme courroie de transmission directe de la Tro\u00efka, au point de r\u00e9duire le pays \u00e0 un \u00ab\u00a0protectorat\u00a0\u00bb\u00a0; certains parlent m\u00eame d&#8217;un \u00ab\u00a0pays sous occupation\u00a0\u00bb. \u00c0 l&#8217;extr\u00eame-droite, le Laos (Parti du peuple) a laiss\u00e9 le terrain \u00e0 Chryssi Avghi (Aube dor\u00e9e), issu d&#8217;un groupuscule qui profite de la col\u00e8re populaire pouss\u00e9e \u00e0 son paroxysme pour la d\u00e9tourner \u00e0 des fins ouvertement pro-nazies, et atteindre aujourd&#8217;hui la 3e place sur la sc\u00e8ne politique.<\/p>\n<p>Pourtant, la l\u00e9gendaire hospitalit\u00e9 grecque, la x\u00e9nophilia, n&#8217;est pas qu&#8217;un mythe\u00a0; nous y go\u00fbtons d\u00e8s notre arriv\u00e9e, accueillis par Venios Angelopoulos qui nous ouvre les portes du si\u00e8ge de Syriza. Les locaux sont discrets, dans une rue qui remonte de la place Exarchia, c\u0153ur du quartier militant d&#8217;Ath\u00e8nes. De fait, la quinzaine de composantes de la coalition poss\u00e8dent encore chacune leurs bureaux respectifs, au moins jusqu&#8217;au prochain congr\u00e8s, pr\u00e9vu en mars 2013. L&#8217;horizon commun est fix\u00e9, mais la nature du r\u00e9gime parlementaire grec exclut un calendrier \u00e9lectoral fixe et des \u00e9lections peuvent survenir \u00e0 tout moment, pour le meilleur comme pour le pire\u00a0; il faut donc se tenir pr\u00eats.<\/p>\n<p>Selon les derni\u00e8res d\u00e9clarations de Christine Lagarde, directrice g\u00e9n\u00e9rale du Fonds mon\u00e9taire international, un r\u00e9pit de deux ans doit \u00eatre accord\u00e9 pour le remboursement de la dette. En attendant, les tractations pour maintenir la Gr\u00e8ce dans l&#8217;Union europ\u00e9enne se font au prix de r\u00e9formes structurelles qui d\u00e9stabilisent le pays de l&#8217;int\u00e9rieur. Alors que l&#8217;\u00e9conomie nationale va entrer dans sa sixi\u00e8me ann\u00e9e de r\u00e9cession, et que les conventions collectives ont vol\u00e9 en \u00e9clat, on parle de \u00ab\u00a0zones \u00e9conomiques sp\u00e9ciales\u00a0\u00bb, o\u00f9 les investisseurs b\u00e9n\u00e9ficieraient d&#8217;avantages sur le plan fiscal et administratif. Un type de mesure utilis\u00e9es par les pays en d\u00e9veloppement, notamment par la Chine. Ce d\u00e9coupage brutal du territoire appliqu\u00e9 \u00e0 la Gr\u00e8ce mettrait en jeu la coh\u00e9sion m\u00eame du pays, sauf \u00e0 supposer que s&#8217;installe un r\u00e9gime autoritaire\u2026<\/p>\n<p>Le jour de notre arriv\u00e9e, une anecdote fait justement les gros titres et alimente les conversations\u00a0: afin de r\u00e9duire les co\u00fbts d&#8217;entretien des services publics, les populations des \u00eeles de moins de 150 habitants pourraient prochainement \u00eatre \u00ab\u00a0d\u00e9port\u00e9es\u00a0\u00bb\u00a0! Manolis Glezos, 90 ans, symbole vivant de la r\u00e9sistance contre l\u2019occupation nazie et aujourd&#8217;hui d\u00e9put\u00e9 de Syriza, publie une d\u00e9claration\u00a0: <em>\u00ab\u00a0Que l&#8217;Europe qui vient de recevoir le Prix Nobel de la Paix pense seulement \u00e0 ce petit mais pas insignifiant coin de l\u2019Europe\u00a0: une de plus petites iles de la Mer Eg\u00e9e, Keros des Cyclades, qui a fait cadeau \u00e0 l\u2019humanit\u00e9 la plupart des \u0153uvres d\u2019art qui repr\u00e9sentent la civilisation cycladique; qu\u2019ils pensent aussi \u00e0 la sacralit\u00e9 d\u2019une autre petite ile, D\u00e9los\u2026\u00a0\u00bb <\/em> <\/p>\n<p>La rumeur est finalement d\u00e9mentie par les autorit\u00e9s, mais notre interlocuteur reste persuad\u00e9 que l&#8217;apparente absurdit\u00e9 de cette annonce est un \u00ab\u00a0ballon d&#8217;essai\u00a0\u00bb\u00a0: <em>\u00ab\u00a0Va-t-on aussi se d\u00e9barrasser de l&#8217;Acropole\u00a0? On est train de brader la fortune immobili\u00e8re de l&#8217;Etat et des organisation publiques, h\u00f4pitaux, universit\u00e9s, et m\u00eame minist\u00e8res. La vente des immeubles non seulement n&#8217;apportera aucun b\u00e9n\u00e9fice, puisque son prix sera revers\u00e9 en remboursement de la dette, mais en plus co\u00fbtera \u00e0 l&#8217;Etat qui devra ensuite s&#8217;acquitter d&#8217;un loyer aupr\u00e8s du nouvel acqu\u00e9reur. Quel int\u00e9r\u00eat y a-t-il \u00e0 vendre le bien public \u00e0 si vil prix, si ce n&#8217;est l&#8217;enrichissement personnel\u00a0? On ne vend pas un pays\u00a0!\u00a0\u00bb<\/em>, s&#8217;exclame-t-il.<\/p>\n<p><iframe loading=\"lazy\" width=\"460\" height=\"259\" src=\"http:\/\/www.youtube.com\/embed\/R8q1iHE6Y88?rel=0\" frameborder=\"0\" allowfullscreen><\/iframe><br clear=\"all\"><\/p>\n<p>L\u00e0 o\u00f9 la trag\u00e9die d&#8217;un peuple \u00ab\u00a0pris \u00e0 la gorge\u00a0\u00bb pourrait se traduire par un repli nihiliste, qui de fait hante aujourd&#8217;hui une minorit\u00e9 d&#8217;activistes, Syriza a su convaincre qu&#8217;une alternative \u00e9tait possible, tant par sa radicalit\u00e9 que par son dynamisme. Son analyse, qui d\u00e9passe la critique d&#8217;une crise \u00e9conomique conjoncturelle et s&#8217;oppose \u00e0 un syst\u00e8me de gouvernance capitaliste autoritaire, s&#8217;est impos\u00e9e dans la majorit\u00e9 du camp anti-m\u00e9morandum.<br \/>\nUne approche sociologique de l&#8217;appareil et de son corps \u00e9lectoral fait appara\u00eetre un profil majoritairement jeune, actif, et urbain, \u00e0 l&#8217;image d&#8217;un mouvement en plein essor, qui peut encore gagner en amplitude. Les personnes \u00e2g\u00e9es et les zones rurales y restent minoritaires. Pour r\u00e9pondre aux attentes de cet \u00e9lectorat, les prochaines orientations devront mettre l&#8217;accent sur les retraites et les d\u00e9penses de sant\u00e9 d&#8217;une part, et l&#8217;agriculture d&#8217;autre part. Il s&#8217;agit de reprendre la main sur la production agricole, dont le syst\u00e8me des subventions europ\u00e9ennes oblige \u00e0 d\u00e9truire une partie au nom du maintien des cours des march\u00e9s. Le peuple veut recouvrer son auto-suffisance alimentaire alors que se profile un risque de famine \u00e0 grande \u00e9chelle.<\/p>\n<p><iframe loading=\"lazy\" width=\"460\" height=\"259\" src=\"http:\/\/www.youtube.com\/embed\/A3MPY_3VNsI?rel=0\" frameborder=\"0\" allowfullscreen><\/iframe><br clear=\"all\"><\/p>\n<p>Amorc\u00e9e il y a dix ans, la coalition de la gauche radicale ne s&#8217;est pas faite en un jour\u00a0; elle repr\u00e9sente aujourd&#8217;hui une v\u00e9ritable alternative, car son cap est fix\u00e9, contre la destruction de l&#8217;Etat social. Sa richesse r\u00e9side dans la diversit\u00e9 induite par sa nature\u00a0: le Synaspismos, parti principal de l&#8217;organisation, reste lui-m\u00eame pluri-tendanciel. Son d\u00e9veloppement rapide depuis le dernier scrutin, passant de 4 \u00e0 27% des suffrages, se caract\u00e9rise aujourd&#8217;hui par une \u00ab\u00a0crise de croissance\u00a0\u00bb, qui selon Venios Angelopoulos d\u00e9passe la dimension purement quantitative\u00a0: il faut planifier des r\u00e9ponses \u00e0 la hauteur des attentes que suscite une telle convergence.<\/p>\n<p><iframe loading=\"lazy\" width=\"460\" height=\"259\" src=\"http:\/\/www.youtube.com\/embed\/WMbDeEabfCg?rel=0\" frameborder=\"0\" allowfullscreen><\/iframe><br clear=\"all\"><\/p>\n<p>L&#8217;entretien touche \u00e0 sa fin, nous aurons ensuite rendez-vous avec Olga Athanati \u00e0 l&#8217;Ecole Polytechnio, o\u00f9 doit se d\u00e9rouler la premi\u00e8re r\u00e9union de la commission Culture de la coalition. Notre interlocuteur hausse les sourcils \u00e0 l&#8217;\u00e9vocation de ce haut lieu de la r\u00e9sistance \u00e0 la dictature des colonels, qui lui rappelle aussi l&#8217;Ecole Polytechnique \u00e0 Paris o\u00f9 il fit ses \u00e9tudes dans les ann\u00e9es 60. Mais au moment de se quitter, c&#8217;est moins le math\u00e9maticien que le philosophe &#8211; quel grec ne l&#8217;est pas, au moins un peu\u00a0? &#8211; qui se r\u00e9v\u00e8le dans une confidence sur sa vision personnelle de l&#8217;avenir. Venios Angelopoulos cite L&#8217;Art de la guerre de Sun Tzu, selon lequel il faut toujours laisser une porte de sortie \u00e0 son adversaire, au risque sinon de le voir se battre jusqu&#8217;au bout avec la derni\u00e8re \u00e9nergie. \u00c0 quoi il ajoute\u00a0: <em>\u00ab\u00a0Nous voil\u00e0 le dos au mur. Il n&#8217;y a pas d&#8217;autre choix que d&#8217;aller de l&#8217;avant.\u00a0\u00bb<\/em><\/p>\n<p><iframe loading=\"lazy\" width=\"460\" height=\"259\" src=\"http:\/\/www.youtube.com\/embed\/kGMmD_FXIbw?rel=0\" frameborder=\"0\" allowfullscreen><\/iframe><br clear=\"all\"><\/p>\n<div id='gallery-1' class='gallery galleryid-5798 gallery-columns-3 gallery-size-thumbnail'><figure class='gallery-item'>\n\t\t\t<div class='gallery-icon landscape'>\n\t\t\t\t<a href='https:\/\/archives.regards.fr\/wp-content\/uploads\/2012\/11\/syrizzac-1de.jpg'><img loading=\"lazy\" decoding=\"async\" width=\"80\" height=\"55\" src=\"https:\/\/archives.regards.fr\/wp-content\/uploads\/2012\/11\/syrizzac-1de.jpg\" class=\"attachment-thumbnail size-thumbnail\" alt=\"Gr\u00e8ce, une semaine avec Syriza \u00e0 Ath\u00e8nes\" aria-describedby=\"gallery-1-17154\" \/><\/a>\n\t\t\t<\/div>\n\t\t\t\t<figcaption class='wp-caption-text gallery-caption' id='gallery-1-17154'>\n\t\t\t\tGr\u00e8ce, une semaine avec Syriza \u00e0 Ath\u00e8nes\n\t\t\t\t<\/figcaption><\/figure><figure class='gallery-item'>\n\t\t\t<div class='gallery-icon landscape'>\n\t\t\t\t<a href='https:\/\/archives.regards.fr\/wp-content\/uploads\/2012\/11\/syrizza-7d9.jpg'><img loading=\"lazy\" decoding=\"async\" width=\"150\" height=\"150\" src=\"https:\/\/archives.regards.fr\/wp-content\/uploads\/2012\/11\/syrizza-7d9-150x150.jpg\" class=\"attachment-thumbnail size-thumbnail\" alt=\"syrizza.jpg\" \/><\/a>\n\t\t\t<\/div><\/figure><figure class='gallery-item'>\n\t\t\t<div class='gallery-icon landscape'>\n\t\t\t\t<a href='https:\/\/archives.regards.fr\/wp-content\/uploads\/2012\/11\/syrizzab-208.jpg'><img loading=\"lazy\" decoding=\"async\" width=\"150\" height=\"150\" src=\"https:\/\/archives.regards.fr\/wp-content\/uploads\/2012\/11\/syrizzab-208-150x150.jpg\" class=\"attachment-thumbnail size-thumbnail\" alt=\"Gr\u00e8ce, une semaine avec Syriza \u00e0 Ath\u00e8nes\" aria-describedby=\"gallery-1-17156\" \/><\/a>\n\t\t\t<\/div>\n\t\t\t\t<figcaption class='wp-caption-text gallery-caption' id='gallery-1-17156'>\n\t\t\t\tGr\u00e8ce, une semaine avec Syriza \u00e0 Ath\u00e8nes\n\t\t\t\t<\/figcaption><\/figure>\n\t\t<\/div>\n\n","protected":false},"excerpt":{"rendered":"<p>La crise, dans une Gr\u00e8ce transform\u00e9e en \u00ab\u00a0laboratoire des politiques n\u00e9o-lib\u00e9rales\u00a0\u00bb, ne semble pas conna\u00eetre d&#8217;issue. Mais le d\u00e9sastre ne se mesure pas qu&#8217;\u00e0 l&#8217;aune des cons\u00e9quences financi\u00e8res, \u00e9conomiques, ni m\u00eame sociales ou humanitaires qui s&#8217;abattent sur le pays\u00a0: l\u00e0 o\u00f9 la d\u00e9mocratie elle-m\u00eame risque de se voir emport\u00e9e dans la tourmente, des r\u00e9sistances s&#8217;organisent autour de la coalition de la gauche radicale Syriza. Nous avons pass\u00e9 une semaine \u00e0 Ath\u00e8nes, \u00e0 la rencontre de ses militants et responsables, pour appr\u00e9hender leurs analyses, prendre la mesure de leurs actes et de leurs intentions, au c\u0153ur de ce qui pourrait devenir, par renversement, un \u00ab\u00a0laboratoire de la politique anti-lib\u00e9rale\u00a0\u00bb en Europe.<\/p>\n","protected":false},"author":1,"featured_media":17154,"comment_status":"open","ping_status":"open","sticky":false,"template":"","format":"standard","meta":{"_themeisle_gutenberg_block_has_review":false,"footnotes":""},"categories":[141],"tags":[420],"class_list":["post-5798","post","type-post","status-publish","format-standard","has-post-thumbnail","hentry","category-archives-web","tag-grece"],"_links":{"self":[{"href":"https:\/\/archives.regards.fr\/index.php?rest_route=\/wp\/v2\/posts\/5798","targetHints":{"allow":["GET"]}}],"collection":[{"href":"https:\/\/archives.regards.fr\/index.php?rest_route=\/wp\/v2\/posts"}],"about":[{"href":"https:\/\/archives.regards.fr\/index.php?rest_route=\/wp\/v2\/types\/post"}],"author":[{"embeddable":true,"href":"https:\/\/archives.regards.fr\/index.php?rest_route=\/wp\/v2\/users\/1"}],"replies":[{"embeddable":true,"href":"https:\/\/archives.regards.fr\/index.php?rest_route=%2Fwp%2Fv2%2Fcomments&post=5798"}],"version-history":[{"count":0,"href":"https:\/\/archives.regards.fr\/index.php?rest_route=\/wp\/v2\/posts\/5798\/revisions"}],"wp:featuredmedia":[{"embeddable":true,"href":"https:\/\/archives.regards.fr\/index.php?rest_route=\/wp\/v2\/media\/17154"}],"wp:attachment":[{"href":"https:\/\/archives.regards.fr\/index.php?rest_route=%2Fwp%2Fv2%2Fmedia&parent=5798"}],"wp:term":[{"taxonomy":"category","embeddable":true,"href":"https:\/\/archives.regards.fr\/index.php?rest_route=%2Fwp%2Fv2%2Fcategories&post=5798"},{"taxonomy":"post_tag","embeddable":true,"href":"https:\/\/archives.regards.fr\/index.php?rest_route=%2Fwp%2Fv2%2Ftags&post=5798"}],"curies":[{"name":"wp","href":"https:\/\/api.w.org\/{rel}","templated":true}]}}