{"id":5789,"date":"2012-11-06T11:15:15","date_gmt":"2012-11-06T10:15:15","guid":{"rendered":"https:\/\/wp.muchomaas.com\/l-affaire-aurore-martin-les5789\/"},"modified":"2023-06-23T23:12:43","modified_gmt":"2023-06-23T21:12:43","slug":"l-affaire-aurore-martin-les5789","status":"publish","type":"post","link":"https:\/\/archives.regards.fr\/?p=5789","title":{"rendered":"L&#8217;affaire Aurore Martin, les troubles de l&#8217;Europe p\u00e9nale et de la raison d\u2019\u00c9tat"},"content":{"rendered":"<p class=\"post_excerpt\">L&#8217;arrestation et la remise aux autorit\u00e9s espagnoles de la militante basque Aurore Martin r\u00e9v\u00e8lent une proc\u00e9dure peu respectueux des droits de la d\u00e9fense mais aussi le caract\u00e8re tr\u00e8s politique des affaires basques.<\/p>\n<p>Pour la premi\u00e8re fois, un Mandat d&#8217;Arr\u00eat Europ\u00e9en (MAE) est ex\u00e9cut\u00e9 contre une personne de citoyennet\u00e9 fran\u00e7aise alors que les faits qui lui sont reproch\u00e9s concernent des activit\u00e9s politiques l\u00e9gales dans l&#8217;hexagone. La justice espagnoles reproche \u00e0 Aurore Martin, des articles d\u2019opinion \u00e9crits en fran\u00e7ais, des conf\u00e9rences de presse et des activit\u00e9s publiques men\u00e9es sur les territoires espagnol. Des activit\u00e9s ill\u00e9gales dans le royaume ib\u00e9rique, o\u00f9 le parti ind\u00e9pendantiste Batasuna a \u00e9t\u00e9 d\u00e9clar\u00e9 hors la loi en 2003, pour ses liens suppos\u00e9s avec ETA. Le 27 juillet 2011, alors qu&#8217;il n\u2019\u00e9tait encore que candidat \u00e0 la primaire socialiste, F. Hollande appelait \u00e0 la \u201ccl\u00e9mence\u201d et \u00e0 la \u201crecherche d&#8217;une solution\u201d. \u00c0 l&#8217;heure de la realpolitik, le pr\u00e9sident a offert a \u00e0 l&#8217;inverse une s\u00e9quence typique du dossier basque, pas vraiment synonyme de \u00ab\u00a0changement\u00a0\u00bb\u00a0: au cours du 22e sommet franco-espagnol r\u00e9uni \u00e0 Paris le 11 octobre, M. Hollande affirmait sa totale solidarit\u00e9 avec la politique du gouvernement espagnol pour mettre fin au terrorisme d\u00b4ETA (organisation qui a renonc\u00e9e \u00e0 la lutte arm\u00e9e en octobre 2011)\u00a0; dans la nuit du 27 au 28 octobre, d\u2019Izaskun Lesaka, l\u2019une des chefs de l&#8217;ETA, \u00e9tait appr\u00e9hend\u00e9e pr\u00e8s de M\u00e2con par les policiers du RAID\u00a0; le lendemain, dans les colonnes du quotidien El pais, le ministre de l&#8217;int\u00e9rieur Manuel Valls annon\u00e7ait \u201cqu\u2019il n\u2019y aurait pas de Pays Basque fran\u00e7ais dans la prochaine loi de d\u00e9centralisation\u201d. <\/p>\n<p>Depuis leur nomination au gouvernement Hollande, le ministre de l&#8217;Int\u00e9rieur Manuel Valls incarne une fermet\u00e9, dans la continuit\u00e9 de la politique men\u00e9e par Claude Gu\u00e9ant, alors que Christine Taubira, la Garde des Sceaux semble renouer avec les valeurs traditionnelles de la gauche Confront\u00e9s au cas Aurore Martin, le duo Valls-Taubira a pourtant fait valoir une ligne d\u00e9fense analogue, assurant &#8220;n&#8217;avoir pris aucune d\u00e9cision&#8221;. Difficile cependant de cacher la dimension politique du MAE prononc\u00e9 contre Aurore Martin, sachant que le 24\u00a0novembre 2010, la France a \u00e9t\u00e9 condamn\u00e9e par la Cour europ\u00e9enne des droits de l\u2019homme (CEDH) pour absence d\u2019ind\u00e9pendance de son parquet \u00e0 l\u2019\u00e9gard du pouvoir ex\u00e9cutif. En validant le MAE contre une citoyenne fran\u00e7aise, la France se contredit en reconnaissant, le temps d\u2019une extradition, le caract\u00e8re criminel d\u2019une activit\u00e9 qu\u2019elle juge l\u00e9gale chez elle. Le duo Valls-Taubira feint de ne pas voir la fragilit\u00e9 d\u00e9mocratique de la soci\u00e9t\u00e9 espagnole, la permanence du franquisme sociologique et le caract\u00e8re litigieux du Mandat d&#8217;Arr\u00eat Europ\u00e9en, adopt\u00e9 quelques jours seulement apr\u00e8s les attentats du 11\u00a0septembre 2001. En 2009, l\u2019Eurojust, \u00e9bauche de parquet europ\u00e9en \u00e9tabli \u00e0 La\u00a0Haye, a \u00e9t\u00e9 saisi de 256\u00a0dossiers litigieux. \u00ab\u00a0Certaines des affaires \u00e9voqu\u00e9es ont abouti \u00e0 des condamnations injustifi\u00e9es de plusieurs ann\u00e9es de prison\u00a0\u00bb, selon l&#8217;ONG Fair Trials International. Mais le changement se fera attendre en Euskal Herri : en 2012 Gilles M\u00e9nage, directeur adjoint du cabinet de Fran\u00e7ois Mitterrand  confiait que dans la coop\u00e9ration franco-espagnole, \u00ab\u00a0la raison d\u2019\u00c9tat a toujours pris le dessus sur les valeurs d\u00e9mocratiques\u00a0\u00bb. <div id='gallery-1' class='gallery galleryid-5789 gallery-columns-3 gallery-size-thumbnail'><figure class='gallery-item'>\n\t\t\t<div class='gallery-icon landscape'>\n\t\t\t\t<a href='https:\/\/archives.regards.fr\/wp-content\/uploads\/2012\/11\/aurorec-ecf.jpg'><img loading=\"lazy\" decoding=\"async\" width=\"80\" height=\"55\" src=\"https:\/\/archives.regards.fr\/wp-content\/uploads\/2012\/11\/aurorec-ecf.jpg\" class=\"attachment-thumbnail size-thumbnail\" alt=\"L&#039;affaire Aurore Martin, les troubles de l&#039;Europe p\u00e9nale et de la raison d\u2019\u00c9tat\" aria-describedby=\"gallery-1-17134\" \/><\/a>\n\t\t\t<\/div>\n\t\t\t\t<figcaption class='wp-caption-text gallery-caption' id='gallery-1-17134'>\n\t\t\t\tL&#8217;affaire Aurore Martin, les troubles de l&#8217;Europe p\u00e9nale et de la raison d\u2019\u00c9tat\n\t\t\t\t<\/figcaption><\/figure><figure class='gallery-item'>\n\t\t\t<div class='gallery-icon landscape'>\n\t\t\t\t<a href='https:\/\/archives.regards.fr\/wp-content\/uploads\/2012\/11\/auroreb-2-469.jpg'><img loading=\"lazy\" decoding=\"async\" width=\"150\" height=\"150\" src=\"https:\/\/archives.regards.fr\/wp-content\/uploads\/2012\/11\/auroreb-2-469-150x150.jpg\" class=\"attachment-thumbnail size-thumbnail\" alt=\"L&#039;affaire Aurore Martin, les troubles de l&#039;Europe p\u00e9nale et de la raison d\u2019\u00c9tat\" aria-describedby=\"gallery-1-17135\" \/><\/a>\n\t\t\t<\/div>\n\t\t\t\t<figcaption class='wp-caption-text gallery-caption' id='gallery-1-17135'>\n\t\t\t\tL&#8217;affaire Aurore Martin, les troubles de l&#8217;Europe p\u00e9nale et de la raison d\u2019\u00c9tat\n\t\t\t\t<\/figcaption><\/figure><figure class='gallery-item'>\n\t\t\t<div class='gallery-icon landscape'>\n\t\t\t\t<a href='https:\/\/archives.regards.fr\/wp-content\/uploads\/2012\/11\/aurore-2-bb5.jpg'><img loading=\"lazy\" decoding=\"async\" width=\"150\" height=\"150\" src=\"https:\/\/archives.regards.fr\/wp-content\/uploads\/2012\/11\/aurore-2-bb5-150x150.jpg\" class=\"attachment-thumbnail size-thumbnail\" alt=\"aurore-2.jpg\" \/><\/a>\n\t\t\t<\/div><\/figure>\n\t\t<\/div>\n<\/p>\n","protected":false},"excerpt":{"rendered":"<p>L&#8217;arrestation et la remise aux autorit\u00e9s espagnoles de la militante basque Aurore Martin r\u00e9v\u00e8lent une proc\u00e9dure peu respectueux des droits de la d\u00e9fense mais aussi le caract\u00e8re tr\u00e8s politique des affaires basques.<\/p>\n","protected":false},"author":1,"featured_media":17134,"comment_status":"open","ping_status":"open","sticky":false,"template":"","format":"standard","meta":{"_themeisle_gutenberg_block_has_review":false,"footnotes":""},"categories":[141],"tags":[],"class_list":["post-5789","post","type-post","status-publish","format-standard","has-post-thumbnail","hentry","category-archives-web"],"_links":{"self":[{"href":"https:\/\/archives.regards.fr\/index.php?rest_route=\/wp\/v2\/posts\/5789","targetHints":{"allow":["GET"]}}],"collection":[{"href":"https:\/\/archives.regards.fr\/index.php?rest_route=\/wp\/v2\/posts"}],"about":[{"href":"https:\/\/archives.regards.fr\/index.php?rest_route=\/wp\/v2\/types\/post"}],"author":[{"embeddable":true,"href":"https:\/\/archives.regards.fr\/index.php?rest_route=\/wp\/v2\/users\/1"}],"replies":[{"embeddable":true,"href":"https:\/\/archives.regards.fr\/index.php?rest_route=%2Fwp%2Fv2%2Fcomments&post=5789"}],"version-history":[{"count":0,"href":"https:\/\/archives.regards.fr\/index.php?rest_route=\/wp\/v2\/posts\/5789\/revisions"}],"wp:featuredmedia":[{"embeddable":true,"href":"https:\/\/archives.regards.fr\/index.php?rest_route=\/wp\/v2\/media\/17134"}],"wp:attachment":[{"href":"https:\/\/archives.regards.fr\/index.php?rest_route=%2Fwp%2Fv2%2Fmedia&parent=5789"}],"wp:term":[{"taxonomy":"category","embeddable":true,"href":"https:\/\/archives.regards.fr\/index.php?rest_route=%2Fwp%2Fv2%2Fcategories&post=5789"},{"taxonomy":"post_tag","embeddable":true,"href":"https:\/\/archives.regards.fr\/index.php?rest_route=%2Fwp%2Fv2%2Ftags&post=5789"}],"curies":[{"name":"wp","href":"https:\/\/api.w.org\/{rel}","templated":true}]}}