{"id":5787,"date":"2012-11-05T17:36:22","date_gmt":"2012-11-05T16:36:22","guid":{"rendered":"https:\/\/wp.muchomaas.com\/soutenez-aurore-martin5787\/"},"modified":"2023-06-23T23:12:43","modified_gmt":"2023-06-23T21:12:43","slug":"soutenez-aurore-martin5787","status":"publish","type":"post","link":"https:\/\/archives.regards.fr\/?p=5787","title":{"rendered":"Soutenez Aurore Martin"},"content":{"rendered":"<p class=\"post_excerpt\">Sous le coup d&#8217;un mandat d&#8217;arr\u00eat europ\u00e9en, la militante basque Aurore Martin a \u00e9t\u00e9 remise aux autorit\u00e9s espagnoles jeudi dernier et est incarc\u00e9r\u00e9e en d\u00e9tention provisoire dans une prison madril\u00e8ne. Son collectif de soutien organise une vaste op\u00e9ration courrier destin\u00e9e \u00e0 &#8220;inonder&#8221; la prison de lettres. Une mani\u00e8re comme une autre de maintenir une pression sur les autorit\u00e9s espagnoles.<br \/>\nSi vous souhaitez lui apporter votre soutien, vous pouvez lui \u00e9crire \u00e0 l&#8217;adresse indiqu\u00e9e ci-dessous. Pour celles et ceux qui souhaitent une r\u00e9ponse, n&#8217;oubliez pas de fournir les timbres.<\/p>\n<p>Aurore Martin<br \/>\nCENTRO PENITENCIARIO MADRID V <br \/>\nCtra. Comarcal 611, km. 37,6<br \/>\n28770 Soto del Real (Madrid)<div id='gallery-1' class='gallery galleryid-5787 gallery-columns-3 gallery-size-thumbnail'><figure class='gallery-item'>\n\t\t\t<div class='gallery-icon landscape'>\n\t\t\t\t<a href='https:\/\/archives.regards.fr\/wp-content\/uploads\/2012\/11\/aurore3-d4e.jpg'><img loading=\"lazy\" decoding=\"async\" width=\"80\" height=\"55\" src=\"https:\/\/archives.regards.fr\/wp-content\/uploads\/2012\/11\/aurore3-d4e.jpg\" class=\"attachment-thumbnail size-thumbnail\" alt=\"Soutenez Aurore Martin\" aria-describedby=\"gallery-1-17130\" \/><\/a>\n\t\t\t<\/div>\n\t\t\t\t<figcaption class='wp-caption-text gallery-caption' id='gallery-1-17130'>\n\t\t\t\tSoutenez Aurore Martin\n\t\t\t\t<\/figcaption><\/figure>\n\t\t<\/div>\n<\/p>\n","protected":false},"excerpt":{"rendered":"<p>Sous le coup d&#8217;un mandat d&#8217;arr\u00eat europ\u00e9en, la militante basque Aurore Martin a \u00e9t\u00e9 remise aux autorit\u00e9s espagnoles jeudi dernier et est incarc\u00e9r\u00e9e en d\u00e9tention provisoire dans une prison madril\u00e8ne. Son collectif de soutien organise une vaste op\u00e9ration courrier destin\u00e9e \u00e0 &#8220;inonder&#8221; la prison de lettres. Une mani\u00e8re comme une autre de maintenir une pression sur les autorit\u00e9s espagnoles.<br \/>\nSi vous souhaitez lui apporter votre soutien, vous pouvez lui \u00e9crire \u00e0 l&#8217;adresse indiqu\u00e9e ci-dessous. Pour celles et ceux qui souhaitent une r\u00e9ponse, n&#8217;oubliez pas de fournir les timbres.<\/p>\n","protected":false},"author":643,"featured_media":17130,"comment_status":"open","ping_status":"open","sticky":false,"template":"","format":"standard","meta":{"_themeisle_gutenberg_block_has_review":false,"footnotes":""},"categories":[141],"tags":[],"class_list":["post-5787","post","type-post","status-publish","format-standard","has-post-thumbnail","hentry","category-archives-web"],"_links":{"self":[{"href":"https:\/\/archives.regards.fr\/index.php?rest_route=\/wp\/v2\/posts\/5787","targetHints":{"allow":["GET"]}}],"collection":[{"href":"https:\/\/archives.regards.fr\/index.php?rest_route=\/wp\/v2\/posts"}],"about":[{"href":"https:\/\/archives.regards.fr\/index.php?rest_route=\/wp\/v2\/types\/post"}],"author":[{"embeddable":true,"href":"https:\/\/archives.regards.fr\/index.php?rest_route=\/wp\/v2\/users\/643"}],"replies":[{"embeddable":true,"href":"https:\/\/archives.regards.fr\/index.php?rest_route=%2Fwp%2Fv2%2Fcomments&post=5787"}],"version-history":[{"count":0,"href":"https:\/\/archives.regards.fr\/index.php?rest_route=\/wp\/v2\/posts\/5787\/revisions"}],"wp:featuredmedia":[{"embeddable":true,"href":"https:\/\/archives.regards.fr\/index.php?rest_route=\/wp\/v2\/media\/17130"}],"wp:attachment":[{"href":"https:\/\/archives.regards.fr\/index.php?rest_route=%2Fwp%2Fv2%2Fmedia&parent=5787"}],"wp:term":[{"taxonomy":"category","embeddable":true,"href":"https:\/\/archives.regards.fr\/index.php?rest_route=%2Fwp%2Fv2%2Fcategories&post=5787"},{"taxonomy":"post_tag","embeddable":true,"href":"https:\/\/archives.regards.fr\/index.php?rest_route=%2Fwp%2Fv2%2Ftags&post=5787"}],"curies":[{"name":"wp","href":"https:\/\/api.w.org\/{rel}","templated":true}]}}