{"id":5786,"date":"2012-11-05T17:20:32","date_gmt":"2012-11-05T16:20:32","guid":{"rendered":"https:\/\/wp.muchomaas.com\/les-fausses-unes-du-point5786\/"},"modified":"2023-06-23T23:12:43","modified_gmt":"2023-06-23T21:12:43","slug":"les-fausses-unes-du-point5786","status":"publish","type":"post","link":"https:\/\/archives.regards.fr\/?p=5786","title":{"rendered":"Les fausses Unes du Point"},"content":{"rendered":"<p>&#8220;Histoire d&#8217;un fou d&#8217;Allah&#8221;, &#8220;Croisades islamistes, la chasse aux chr\u00e9tiens&#8221;, &#8220;Le spectre islamiste&#8221;, ces derniers mois Le Point est pass\u00e9 ma\u00eetre dans l&#8217;art de faire rimer islam avec tous les maux de la terre. La semaine derni\u00e8re, l&#8217;hebdomadaire \u00e0 remis \u00e7a, titrant en Une &#8220;L&#8217;islam sans g\u00e8ne&#8221; avec en arri\u00e8re plan la photo d&#8217;une femme voil\u00e9e la main lev\u00e9e, \u00e0 \u00e7a du doigt d&#8217;honneur. Et nous, \u00e0 \u00e7a du bras d&#8217;honneur \u00e0 la r\u00e9daction du Point. Visiblement, nous ne sommes pas les seuls, en t\u00e9moigne ce diaporama de fausses pubs qui circulent sur les r\u00e9seaux sociaux. Et paf, un poing dans\u2026<br \/>\n<div id='gallery-1' class='gallery galleryid-5786 gallery-columns-3 gallery-size-thumbnail'><figure class='gallery-item'>\n\t\t\t<div class='gallery-icon portrait'>\n\t\t\t\t<a href='https:\/\/archives.regards.fr\/wp-content\/uploads\/2012\/11\/images-1-ebf.jpg'><img loading=\"lazy\" decoding=\"async\" width=\"150\" height=\"150\" src=\"https:\/\/archives.regards.fr\/wp-content\/uploads\/2012\/11\/images-1-ebf-150x150.jpg\" class=\"attachment-thumbnail size-thumbnail\" alt=\"images-1.jpg\" \/><\/a>\n\t\t\t<\/div><\/figure>\n\t\t<\/div>\n<\/p>\n","protected":false},"excerpt":{"rendered":"<p>&#8220;Histoire d&#8217;un fou d&#8217;Allah&#8221;, &#8220;Croisades islamistes, la chasse aux chr\u00e9tiens&#8221;, &#8220;Le spectre islamiste&#8221;, ces derniers mois Le Point est pass\u00e9 ma\u00eetre dans l&#8217;art de faire rimer islam avec tous les maux de la terre. La semaine derni\u00e8re, l&#8217;hebdomadaire \u00e0 remis \u00e7a, titrant en Une &#8220;L&#8217;islam sans g\u00e8ne&#8221; avec en arri\u00e8re plan la photo d&#8217;une femme [&hellip;]<\/p>\n","protected":false},"author":643,"featured_media":17128,"comment_status":"open","ping_status":"open","sticky":false,"template":"","format":"standard","meta":{"_themeisle_gutenberg_block_has_review":false,"footnotes":""},"categories":[141],"tags":[],"class_list":["post-5786","post","type-post","status-publish","format-standard","has-post-thumbnail","hentry","category-archives-web"],"_links":{"self":[{"href":"https:\/\/archives.regards.fr\/index.php?rest_route=\/wp\/v2\/posts\/5786","targetHints":{"allow":["GET"]}}],"collection":[{"href":"https:\/\/archives.regards.fr\/index.php?rest_route=\/wp\/v2\/posts"}],"about":[{"href":"https:\/\/archives.regards.fr\/index.php?rest_route=\/wp\/v2\/types\/post"}],"author":[{"embeddable":true,"href":"https:\/\/archives.regards.fr\/index.php?rest_route=\/wp\/v2\/users\/643"}],"replies":[{"embeddable":true,"href":"https:\/\/archives.regards.fr\/index.php?rest_route=%2Fwp%2Fv2%2Fcomments&post=5786"}],"version-history":[{"count":0,"href":"https:\/\/archives.regards.fr\/index.php?rest_route=\/wp\/v2\/posts\/5786\/revisions"}],"wp:featuredmedia":[{"embeddable":true,"href":"https:\/\/archives.regards.fr\/index.php?rest_route=\/wp\/v2\/media\/17128"}],"wp:attachment":[{"href":"https:\/\/archives.regards.fr\/index.php?rest_route=%2Fwp%2Fv2%2Fmedia&parent=5786"}],"wp:term":[{"taxonomy":"category","embeddable":true,"href":"https:\/\/archives.regards.fr\/index.php?rest_route=%2Fwp%2Fv2%2Fcategories&post=5786"},{"taxonomy":"post_tag","embeddable":true,"href":"https:\/\/archives.regards.fr\/index.php?rest_route=%2Fwp%2Fv2%2Ftags&post=5786"}],"curies":[{"name":"wp","href":"https:\/\/api.w.org\/{rel}","templated":true}]}}