{"id":5782,"date":"2012-11-05T09:37:56","date_gmt":"2012-11-05T08:37:56","guid":{"rendered":"https:\/\/wp.muchomaas.com\/competitivite-les-points-de-fuite5782\/"},"modified":"2023-06-23T23:12:42","modified_gmt":"2023-06-23T21:12:42","slug":"competitivite-les-points-de-fuite5782","status":"publish","type":"post","link":"https:\/\/archives.regards.fr\/?p=5782","title":{"rendered":"Comp\u00e9titivit\u00e9, les points de fuite du rapport Gallois"},"content":{"rendered":"<p class=\"post_excerpt\">Des semaines avant la remise du rapport Gallois sur la comp\u00e9titivit\u00e9, des fuites ont \u00e9t\u00e9 savamment orchestr\u00e9es pour tester la disponibilit\u00e9 de l&#8217;opinion \u00e0 la notion de \u00ab\u00a0choc de comp\u00e9titivit\u00e9\u00a0\u00bb. Un d\u00e9bat qui s&#8217;engage h\u00e9las sur la d\u00e9fensive face aux th\u00e8ses des lib\u00e9raux.\n<\/p>\n<p>Depuis quelques semaines, le d\u00e9bat sur la comp\u00e9titivit\u00e9 revient en force, le d\u00e9ficit commercial r\u00e9current depuis plus de huit ans et les fermetures d&#8217;unit\u00e9s de production en constituant la justification officielle. Point d&#8217;orgue de cette agitation, la remise du rapport Louis Gallois, ex-PDG de la SNCF et d&#8217;EADS, qui aura lieu ce lundi 5 novembre dans la matin\u00e9e. Jamais autant de fuites n&#8217;avaient \u00e9t\u00e9 organis\u00e9es avant la remise d&#8217;un rapport gouvernemental, comme s&#8217;il fallait pr\u00e9parer les esprits \u00e0 avaler une mauvaise potion. <\/p>\n<p>Trois fuites sont apparues. La premi\u00e8re n&#8217;est gu\u00e8re une nouveaut\u00e9\u00a0: il faut baisser le \u00ab\u00a0co\u00fbt du travail\u00a0\u00bb. C&#8217;\u00e9tait d\u00e9j\u00e0 la rengaine du fameux projet de TVA dite \u00ab\u00a0sociale\u00a0\u00bb de Nicolas Sarkozy\u00a0: baisser les cotisations sociales pour les transf\u00e9rer sur des imp\u00f4ts indirects. La seconde porterait sur la n\u00e9cessit\u00e9 de produire des gaz de schiste \u00e0 l&#8217;image de ce que font actuellement les Etats-Unis qui verraient leur industries reprendre des couleurs. La derni\u00e8re serait une remise en cause des 35 heures.<\/p>\n<p>Voil\u00e0 de quoi mettre les membres du PS et du gouvernement dans l&#8217;embarras. D\u00e8s le 19 octobre, en marge du sommet franco-allemand, Fran\u00e7ois Hollande d\u00e9clarait que ce rapport <em>\u00ab\u00a0n&#8217;engage que son auteur\u00a0\u00bb<\/em>. Plus mesur\u00e9, Jean-Marc Ayrault indique qu&#8217; <em>\u00ab\u00a0il y aura beaucoup de choses qui seront reprises, d&#8217;autres peut-\u00eatre pas\u00a0\u00bb<\/em>. Matignon estime en effet que <em>\u00ab\u00a0le co\u00fbt du travail n\u2019est pas un sujet tabou mais n\u2019est pas l\u2019alpha et l\u2019om\u00e9ga de la comp\u00e9titivit\u00e9. L\u2019avenir de l\u2019industrie passe par le renforcement de l\u2019innovation et une mont\u00e9e en gamme\u00a0\u00bb. Du c\u00f4t\u00e9 de Pierre Moscovici, ministre de l&#8217;\u00e9conomie, on assure que le rapport Gallois n\u2019est \u00ab\u00a0pas enterr\u00e9\u00a0\u00bb<\/em>. S\u2019appuyant notamment sur les simulations du Tr\u00e9sor r\u00e9alis\u00e9es par le mod\u00e8le \u00e9conom\u00e9trique M\u00e9sange, Pierre Moscovici estime que c\u2019est sur les bas salaires que l\u2019effet d\u2019une baisse des charges <em>\u00ab\u00a0serait le plus efficace, en termes d\u2019emploi et de comp\u00e9titivit\u00e9\u00a0\u00bb<\/em>. Position que contestent \u00e0 la fois Arnaud Montebourg et Michel Sapin. Pour que l&#8217;industrie en b\u00e9n\u00e9ficie, le premier sugg\u00e8re que les all\u00e9gements soient cibl\u00e9s  <em>\u00ab\u00a0jusqu\u2019\u00e0 deux fois et demie, trois fois le SMIC si c\u2019est possible\u00a0\u00bb<\/em>. S\u2019agissant du financement, <em>\u00ab\u00a0les secteurs les plus abrit\u00e9s et une ma\u00eetrise de la d\u00e9pense doivent permettre d\u2019\u00e9viter des hausses syst\u00e9matiques de TVA ou de CSG\u00a0\u00bb<\/em>, indique-t-on dans son entourage, proposition \u00e0 laquelle n&#8217;adh\u00e8re pas Michel Sapin qui juge compliqu\u00e9 de cibler les all\u00e8gements de charges. Ce dernier pr\u00e9conise d\u2019\u00e9tudier d\u2019autres pistes sur le co\u00fbt du capital, telles que la modulation de l\u2019IS en fonction des investissements consentis. Bien que Marisol Touraine, ministre des Affaires sociales ne soit pas hostile au principe d\u2019un transfert de cotisations vers d\u2019autres pr\u00e9l\u00e8vements, elle exige que celui-ci n&#8217;ait pas lieu en 2013\u00a0: <em>\u00ab\u00a0Un choc serait risqu\u00e9 pour la croissance et mauvais pour le pouvoir d\u2019achat\u00a0\u00bb<\/em>. Message re\u00e7u cinq sur cinq par Pierre Moscovici qui, un petit peu plus tard, mercredi 31 octobre, d\u00e9clare\u00a0: <em>\u00ab\u00a0Nous allons proposer aux Fran\u00e7ais un pacte de comp\u00e9titivit\u00e9. Un choc, \u00e7a traumatise, alors qu&#8217;un pacte, \u00e7a rassemble\u00a0\u00bb<\/em>. Que de petites phrases qui traduisent la difficult\u00e9 de l&#8217;exercice. <\/p>\n<p>C&#8217;est dans ce flou que l&#8217;AFEP (Association Fran\u00e7aise des Entreprises Priv\u00e9es) embraye sur ce sujet dans le <em>Journal du dimanche<\/em> du 28 octobre\u00a0: <em>\u00ab\u00a0Il faut baisser le co\u00fbt du travail d\u2019au moins 30 milliards d\u2019euros sur deux ans, en r\u00e9duisant les cotisations sociales qui p\u00e8sent sur les salaires moyens (2 SMIC et plus). Un transfert financ\u00e9 pour moiti\u00e9 par un rel\u00e8vement de la TVA de 19,6 % \u00e0 21 % et l\u2019autre moiti\u00e9 par une baisse des d\u00e9penses publiques\u00a0\u00bb<\/em>. Int\u00e9ressant de voir cette AFEP, repr\u00e9sentant plus ou moins les entreprises du CAC40 et d&#8217;habitude si discr\u00e8te, s&#8217;afficher dans un m\u00e9dia de grande audience. Une baisse de 30 milliards d&#8217;euros\u00a0? En 2011, les soci\u00e9t\u00e9s non financi\u00e8res ont distribu\u00e9 60 milliards d&#8217;euros, soit 9% de la valeur ajout\u00e9e brute produite par ces m\u00eames soci\u00e9t\u00e9s. Pourquoi ne r\u00e9duirions-nous pas les dividendes de ces m\u00eames 30 milliards\u00a0? Eux aussi p\u00e8sent sur l&#8217;investissement et l&#8217;innovation et donc la comp\u00e9titivit\u00e9 de nos entreprises. En diminuant ceux-ci de 30 milliards, il resterait 60 milliards, ce qui repr\u00e9senterait 6% de la valeur ajout\u00e9e, soit encore mieux que les distributions d&#8217;il y a dix ans (5,4% de la valeur ajout\u00e9e). Etrange de voir les entreprises du CAC40 partir sans vergogne \u00e0 l&#8217;assaut des cotisations sociales.<\/p>\n<p>Plus subtil, Louis Schweitzer, ancien Pr\u00e9sident de Renault aujourd\u2019hui \u00e0 la t\u00eate du r\u00e9seau d\u2019associations Initiative France, explique dans un entretien accord\u00e9 au <em>Parisien<\/em> le m\u00eame jour qu\u2019il faut <em>\u00ab baisser les charges mais de fa\u00e7on \u00e9tal\u00e9e dans le temps, avec des exon\u00e9rations cibl\u00e9es sur les entreprises soumises \u00e0 la concurrence internationale, ou qui investissent en France \u00bb, position proche de celle d&#8217;Arnaud Montebourg tout en pr\u00e9cisant que \u00ab\u00a0la comp\u00e9titivit\u00e9 n\u2019est pas une question de co\u00fbts et de salaires\u00a0\u00bb<\/em>. Celui-ci met l\u2019accent sur les investissements dans la recherche et le d\u00e9veloppement, notamment les partenariats entreprises-universit\u00e9s. Concernant les 35 heures, Louis Schweitzer souligne qu\u2019on <em>\u00ab\u00a0devrait simplifier la r\u00e9glementation du travail et introduire plus de flexibilit\u00e9\u00a0\u00bb<\/em>. <\/p>\n<p>Ce m\u00eame week-end, les socialistes tenaient congr\u00e8s \u00e0 Toulouse. La position se veut gauche. Martine Aubry s&#8217;oppose \u00e0 tout transfert de cotisations patronales sur la CSG ou la TVA\u00a0: <em>\u00ab\u00a0Ce ne serait pas un choc de comp\u00e9titivit\u00e9 mais un choc de pouvoir d\u2019achat\u00a0\u00bb<\/em>. Moscovici, tout en assumant <em>\u00ab\u00a0\u00eatre au c\u00f4t\u00e9 des entreprises\u00a0\u00bb<\/em>, promet de \u00ab\u00a0d\u00e9fendre le pouvoir d&#8217;achat des classes populaires\u00a0\u00bb. Combien de temps dureront ces faux semblants sur cette question de la comp\u00e9titivit\u00e9\u00a0? La position d\u00e9fensive du gouvernement n&#8217;est pas de bonne augure et laisse anticiper une reddition ult\u00e9rieure aux oukases des lib\u00e9raux, un peu comme il en a \u00e9t\u00e9 pour le Trait\u00e9 de Stabilit\u00e9 budg\u00e9taire. Face \u00e0 la gr\u00e8ve des investissements que nous promet le patronat, des alternatives existent qui s&#8217;appuient au contraire sur une augmentation des salaires, notamment socialis\u00e9s.  Par exemple, une nouvelle cotisation \u00ab\u00a0investissement\u00a0\u00bb bas\u00e9e sur les salaires et qui d\u00e9gagerait de l&#8217;argent public pour investir et maintenir les emplois en France. De m\u00eame, plut\u00f4t que d&#8217;accourir au secours du groupe Peugeot qui, en l&#8217;espace d&#8217;un an, a vu sa tr\u00e9sorerie fondre de moiti\u00e9 (de 9,2 milliards \u00e0 4,8 milliards d&#8217;euros), il aurait mieux valu, par une fermet\u00e9 sur les salaires et l&#8217;emploi, r\u00e9duire la valeur de cette entreprise pour la contr\u00f4ler publiquement plut\u00f4t que de conc\u00e9der des aides en tr\u00e9sorerie qui maintiendront des actionnaires qui supprimeront de l&#8217;emploi. Mais il est vrai que le PS et le candidat Hollande ne se sont jamais engag\u00e9s sur une politique de rupture&#8230;<\/p>\n<div id='gallery-1' class='gallery galleryid-5782 gallery-columns-3 gallery-size-thumbnail'><figure class='gallery-item'>\n\t\t\t<div class='gallery-icon landscape'>\n\t\t\t\t<a href='https:\/\/archives.regards.fr\/wp-content\/uploads\/2012\/11\/galloisc-594.jpg'><img loading=\"lazy\" decoding=\"async\" width=\"80\" height=\"55\" src=\"https:\/\/archives.regards.fr\/wp-content\/uploads\/2012\/11\/galloisc-594.jpg\" class=\"attachment-thumbnail size-thumbnail\" alt=\"Comp\u00e9titivit\u00e9, les points de fuite du rapport Gallois\" aria-describedby=\"gallery-1-17114\" \/><\/a>\n\t\t\t<\/div>\n\t\t\t\t<figcaption class='wp-caption-text gallery-caption' id='gallery-1-17114'>\n\t\t\t\tComp\u00e9titivit\u00e9, les points de fuite du rapport Gallois\n\t\t\t\t<\/figcaption><\/figure><figure class='gallery-item'>\n\t\t\t<div class='gallery-icon landscape'>\n\t\t\t\t<a href='https:\/\/archives.regards.fr\/wp-content\/uploads\/2012\/11\/galloisb-642.jpg'><img loading=\"lazy\" decoding=\"async\" width=\"150\" height=\"150\" src=\"https:\/\/archives.regards.fr\/wp-content\/uploads\/2012\/11\/galloisb-642-150x150.jpg\" class=\"attachment-thumbnail size-thumbnail\" alt=\"Comp\u00e9titivit\u00e9, les points de fuite du rapport Gallois\" aria-describedby=\"gallery-1-17115\" \/><\/a>\n\t\t\t<\/div>\n\t\t\t\t<figcaption class='wp-caption-text gallery-caption' id='gallery-1-17115'>\n\t\t\t\tComp\u00e9titivit\u00e9, les points de fuite du rapport Gallois\n\t\t\t\t<\/figcaption><\/figure><figure class='gallery-item'>\n\t\t\t<div class='gallery-icon landscape'>\n\t\t\t\t<a href='https:\/\/archives.regards.fr\/wp-content\/uploads\/2012\/11\/galloiss-39a.jpg'><img loading=\"lazy\" decoding=\"async\" width=\"150\" height=\"150\" src=\"https:\/\/archives.regards.fr\/wp-content\/uploads\/2012\/11\/galloiss-39a-150x150.jpg\" class=\"attachment-thumbnail size-thumbnail\" alt=\"Comp\u00e9titivit\u00e9, les points de fuite du rapport Gallois\" aria-describedby=\"gallery-1-17116\" \/><\/a>\n\t\t\t<\/div>\n\t\t\t\t<figcaption class='wp-caption-text gallery-caption' id='gallery-1-17116'>\n\t\t\t\tComp\u00e9titivit\u00e9, les points de fuite du rapport Gallois\n\t\t\t\t<\/figcaption><\/figure>\n\t\t<\/div>\n\n","protected":false},"excerpt":{"rendered":"<p>Des semaines avant la remise du rapport Gallois sur la comp\u00e9titivit\u00e9, des fuites ont \u00e9t\u00e9 savamment orchestr\u00e9es pour tester la disponibilit\u00e9 de l&#8217;opinion \u00e0 la notion de \u00ab\u00a0choc de comp\u00e9titivit\u00e9\u00a0\u00bb. Un d\u00e9bat qui s&#8217;engage h\u00e9las sur la d\u00e9fensive face aux th\u00e8ses des lib\u00e9raux.<\/p>\n","protected":false},"author":672,"featured_media":17114,"comment_status":"open","ping_status":"open","sticky":false,"template":"","format":"standard","meta":{"_themeisle_gutenberg_block_has_review":false,"footnotes":""},"categories":[141],"tags":[291],"class_list":["post-5782","post","type-post","status-publish","format-standard","has-post-thumbnail","hentry","category-archives-web","tag-analyse"],"_links":{"self":[{"href":"https:\/\/archives.regards.fr\/index.php?rest_route=\/wp\/v2\/posts\/5782","targetHints":{"allow":["GET"]}}],"collection":[{"href":"https:\/\/archives.regards.fr\/index.php?rest_route=\/wp\/v2\/posts"}],"about":[{"href":"https:\/\/archives.regards.fr\/index.php?rest_route=\/wp\/v2\/types\/post"}],"author":[{"embeddable":true,"href":"https:\/\/archives.regards.fr\/index.php?rest_route=\/wp\/v2\/users\/672"}],"replies":[{"embeddable":true,"href":"https:\/\/archives.regards.fr\/index.php?rest_route=%2Fwp%2Fv2%2Fcomments&post=5782"}],"version-history":[{"count":0,"href":"https:\/\/archives.regards.fr\/index.php?rest_route=\/wp\/v2\/posts\/5782\/revisions"}],"wp:featuredmedia":[{"embeddable":true,"href":"https:\/\/archives.regards.fr\/index.php?rest_route=\/wp\/v2\/media\/17114"}],"wp:attachment":[{"href":"https:\/\/archives.regards.fr\/index.php?rest_route=%2Fwp%2Fv2%2Fmedia&parent=5782"}],"wp:term":[{"taxonomy":"category","embeddable":true,"href":"https:\/\/archives.regards.fr\/index.php?rest_route=%2Fwp%2Fv2%2Fcategories&post=5782"},{"taxonomy":"post_tag","embeddable":true,"href":"https:\/\/archives.regards.fr\/index.php?rest_route=%2Fwp%2Fv2%2Ftags&post=5782"}],"curies":[{"name":"wp","href":"https:\/\/api.w.org\/{rel}","templated":true}]}}