{"id":5776,"date":"2012-10-31T17:54:40","date_gmt":"2012-10-31T16:54:40","guid":{"rendered":"https:\/\/wp.muchomaas.com\/lectures-de-bourdieu5776\/"},"modified":"2012-10-31T17:54:40","modified_gmt":"2012-10-31T16:54:40","slug":"lectures-de-bourdieu5776","status":"publish","type":"post","link":"https:\/\/archives.regards.fr\/?p=5776","title":{"rendered":"Lectures de Bourdieu"},"content":{"rendered":"<p>La somme livr\u00e9e est pour le moins all\u00e9chante\u2026 Les sociologues Fr\u00e9d\u00e9ric Lebaron et G\u00e9rard Mauger ont dirig\u00e9 un ouvrage collectif sur Pierre Bourdieu pour en donner \u00e0 voir la substance intellectuelle. On peut y d\u00e9couvrir ses influences, ses oeuvres de jeunesse et de maturit\u00e9, ses concepts. Et bien s\u00fbr, une r\u00e9flexion sur son m\u00e9tier de sociologue, son rapport entre th\u00e9orie et pratique. En rendant hommage \u00e0 ce grand intellectuel, le livre permet surtout de faire le point sur le coeur de son apport scientifique et politique.<\/p>\n","protected":false},"excerpt":{"rendered":"<p>La somme livr\u00e9e est pour le moins all\u00e9chante\u2026 Les sociologues Fr\u00e9d\u00e9ric Lebaron et G\u00e9rard Mauger ont dirig\u00e9 un ouvrage collectif sur Pierre Bourdieu pour en donner \u00e0 voir la substance intellectuelle. On peut y d\u00e9couvrir ses influences, ses oeuvres de jeunesse et de maturit\u00e9, ses concepts. Et bien s\u00fbr, une r\u00e9flexion sur son m\u00e9tier de [&hellip;]<\/p>\n","protected":false},"author":570,"featured_media":17098,"comment_status":"open","ping_status":"open","sticky":false,"template":"","format":"standard","meta":{"_themeisle_gutenberg_block_has_review":false,"footnotes":""},"categories":[111],"tags":[],"class_list":["post-5776","post","type-post","status-publish","format-standard","has-post-thumbnail","hentry","category-nos-selections"],"_links":{"self":[{"href":"https:\/\/archives.regards.fr\/index.php?rest_route=\/wp\/v2\/posts\/5776","targetHints":{"allow":["GET"]}}],"collection":[{"href":"https:\/\/archives.regards.fr\/index.php?rest_route=\/wp\/v2\/posts"}],"about":[{"href":"https:\/\/archives.regards.fr\/index.php?rest_route=\/wp\/v2\/types\/post"}],"author":[{"embeddable":true,"href":"https:\/\/archives.regards.fr\/index.php?rest_route=\/wp\/v2\/users\/570"}],"replies":[{"embeddable":true,"href":"https:\/\/archives.regards.fr\/index.php?rest_route=%2Fwp%2Fv2%2Fcomments&post=5776"}],"version-history":[{"count":0,"href":"https:\/\/archives.regards.fr\/index.php?rest_route=\/wp\/v2\/posts\/5776\/revisions"}],"wp:featuredmedia":[{"embeddable":true,"href":"https:\/\/archives.regards.fr\/index.php?rest_route=\/wp\/v2\/media\/17098"}],"wp:attachment":[{"href":"https:\/\/archives.regards.fr\/index.php?rest_route=%2Fwp%2Fv2%2Fmedia&parent=5776"}],"wp:term":[{"taxonomy":"category","embeddable":true,"href":"https:\/\/archives.regards.fr\/index.php?rest_route=%2Fwp%2Fv2%2Fcategories&post=5776"},{"taxonomy":"post_tag","embeddable":true,"href":"https:\/\/archives.regards.fr\/index.php?rest_route=%2Fwp%2Fv2%2Ftags&post=5776"}],"curies":[{"name":"wp","href":"https:\/\/api.w.org\/{rel}","templated":true}]}}