{"id":5775,"date":"2012-10-31T17:51:16","date_gmt":"2012-10-31T16:51:16","guid":{"rendered":"https:\/\/wp.muchomaas.com\/penser-a-droite5775\/"},"modified":"2012-10-31T17:51:16","modified_gmt":"2012-10-31T16:51:16","slug":"penser-a-droite5775","status":"publish","type":"post","link":"https:\/\/archives.regards.fr\/?p=5775","title":{"rendered":"Penser \u00e0 droite"},"content":{"rendered":"<p>L\u2019anthropologue Emmanuel Terray, connu pour son ancrage dans la gauche critique, vient de publier un essai p\u00e9dagogique et \u00e9clairant sur l\u2019id\u00e9ologie de droite, de la R\u00e9volution \u00e0 nos jours. Au fond, qui mieux que nos adversaires connaissent notre coh\u00e9rence et nos failles ? Pour Terray, \u00ab la pens\u00e9e de droite est d\u2019abord un r\u00e9alisme : elle accorde un privil\u00e8ge \u00e0 l\u2019existant, et tend \u00e0 s\u2019incliner devant \u00ab la force des choses \u00bb, la puissance du fait acquis \u00bb. L\u2019intellectuel d\u00e9cortique ainsi les valeurs fondamentales qui fondent la pens\u00e9e de droite, telle que l\u2019autorit\u00e9, et interroge son rapport \u00e0 la politique, \u00e0 la d\u00e9mocratie. Il conclut en insistant sur la tension, qui s\u2019accentue avec la crise financi\u00e8re, entre un courant du lib\u00e9ralisme \u00e9conomique et un autre de conservatisme social.<\/p>\n","protected":false},"excerpt":{"rendered":"<p>L\u2019anthropologue Emmanuel Terray, connu pour son ancrage dans la gauche critique, vient de publier un essai p\u00e9dagogique et \u00e9clairant sur l\u2019id\u00e9ologie de droite, de la R\u00e9volution \u00e0 nos jours. Au fond, qui mieux que nos adversaires connaissent notre coh\u00e9rence et nos failles ? Pour Terray, \u00ab la pens\u00e9e de droite est d\u2019abord un r\u00e9alisme : [&hellip;]<\/p>\n","protected":false},"author":570,"featured_media":17097,"comment_status":"open","ping_status":"open","sticky":false,"template":"","format":"standard","meta":{"_themeisle_gutenberg_block_has_review":false,"footnotes":""},"categories":[111],"tags":[],"class_list":["post-5775","post","type-post","status-publish","format-standard","has-post-thumbnail","hentry","category-nos-selections"],"_links":{"self":[{"href":"https:\/\/archives.regards.fr\/index.php?rest_route=\/wp\/v2\/posts\/5775","targetHints":{"allow":["GET"]}}],"collection":[{"href":"https:\/\/archives.regards.fr\/index.php?rest_route=\/wp\/v2\/posts"}],"about":[{"href":"https:\/\/archives.regards.fr\/index.php?rest_route=\/wp\/v2\/types\/post"}],"author":[{"embeddable":true,"href":"https:\/\/archives.regards.fr\/index.php?rest_route=\/wp\/v2\/users\/570"}],"replies":[{"embeddable":true,"href":"https:\/\/archives.regards.fr\/index.php?rest_route=%2Fwp%2Fv2%2Fcomments&post=5775"}],"version-history":[{"count":0,"href":"https:\/\/archives.regards.fr\/index.php?rest_route=\/wp\/v2\/posts\/5775\/revisions"}],"wp:featuredmedia":[{"embeddable":true,"href":"https:\/\/archives.regards.fr\/index.php?rest_route=\/wp\/v2\/media\/17097"}],"wp:attachment":[{"href":"https:\/\/archives.regards.fr\/index.php?rest_route=%2Fwp%2Fv2%2Fmedia&parent=5775"}],"wp:term":[{"taxonomy":"category","embeddable":true,"href":"https:\/\/archives.regards.fr\/index.php?rest_route=%2Fwp%2Fv2%2Fcategories&post=5775"},{"taxonomy":"post_tag","embeddable":true,"href":"https:\/\/archives.regards.fr\/index.php?rest_route=%2Fwp%2Fv2%2Ftags&post=5775"}],"curies":[{"name":"wp","href":"https:\/\/api.w.org\/{rel}","templated":true}]}}