{"id":5767,"date":"2012-10-31T11:59:49","date_gmt":"2012-10-31T10:59:49","guid":{"rendered":"https:\/\/wp.muchomaas.com\/tous-les-cimetieres-du-monde-a5767\/"},"modified":"2012-10-31T11:59:49","modified_gmt":"2012-10-31T10:59:49","slug":"tous-les-cimetieres-du-monde-a5767","status":"publish","type":"post","link":"https:\/\/archives.regards.fr\/?p=5767","title":{"rendered":"Tous les cimeti\u00e8res du monde \u00e0 Bagneux"},"content":{"rendered":"<p>Une exposition de photographies de <a href=\"http:\/\/cimetieresdumonde.com\/cdm_fr.html\">Jean-Claude Garnier<\/a> prises dans divers pays d&#8217;Afrique, d&#8217;Am\u00e9rique, d&#8217;Asie et d&#8217;Europe pour d\u00e9couvrir la diversit\u00e9 des cimeti\u00e8res, dans leurs particularit\u00e9s topographiques, paysag\u00e8res et architecturales.<\/p>\n<p>Du 29 Septembre au 30 Novembre 2012, au <a href=\"http:\/\/equipement.paris.fr\/Cimeti\u00e8re%20de%20Bagneux\">Cimeti\u00e8re de Bagneux<\/a>, 43 avenue Marx-Dormoy (92).<\/p>\n<p>Lire aussi <em><a href=\"5771\">Arts fun\u00e9raires, la mort est une muse<\/a><\/em>.<\/p>\n","protected":false},"excerpt":{"rendered":"<p>Une exposition de photographies de Jean-Claude Garnier prises dans divers pays d&#8217;Afrique, d&#8217;Am\u00e9rique, d&#8217;Asie et d&#8217;Europe pour d\u00e9couvrir la diversit\u00e9 des cimeti\u00e8res, dans leurs particularit\u00e9s topographiques, paysag\u00e8res et architecturales. Du 29 Septembre au 30 Novembre 2012, au Cimeti\u00e8re de Bagneux, 43 avenue Marx-Dormoy (92). Lire aussi Arts fun\u00e9raires, la mort est une muse.<\/p>\n","protected":false},"author":643,"featured_media":0,"comment_status":"open","ping_status":"open","sticky":false,"template":"","format":"standard","meta":{"_themeisle_gutenberg_block_has_review":false,"footnotes":""},"categories":[111],"tags":[],"class_list":["post-5767","post","type-post","status-publish","format-standard","hentry","category-nos-selections"],"_links":{"self":[{"href":"https:\/\/archives.regards.fr\/index.php?rest_route=\/wp\/v2\/posts\/5767","targetHints":{"allow":["GET"]}}],"collection":[{"href":"https:\/\/archives.regards.fr\/index.php?rest_route=\/wp\/v2\/posts"}],"about":[{"href":"https:\/\/archives.regards.fr\/index.php?rest_route=\/wp\/v2\/types\/post"}],"author":[{"embeddable":true,"href":"https:\/\/archives.regards.fr\/index.php?rest_route=\/wp\/v2\/users\/643"}],"replies":[{"embeddable":true,"href":"https:\/\/archives.regards.fr\/index.php?rest_route=%2Fwp%2Fv2%2Fcomments&post=5767"}],"version-history":[{"count":0,"href":"https:\/\/archives.regards.fr\/index.php?rest_route=\/wp\/v2\/posts\/5767\/revisions"}],"wp:attachment":[{"href":"https:\/\/archives.regards.fr\/index.php?rest_route=%2Fwp%2Fv2%2Fmedia&parent=5767"}],"wp:term":[{"taxonomy":"category","embeddable":true,"href":"https:\/\/archives.regards.fr\/index.php?rest_route=%2Fwp%2Fv2%2Fcategories&post=5767"},{"taxonomy":"post_tag","embeddable":true,"href":"https:\/\/archives.regards.fr\/index.php?rest_route=%2Fwp%2Fv2%2Ftags&post=5767"}],"curies":[{"name":"wp","href":"https:\/\/api.w.org\/{rel}","templated":true}]}}