{"id":5765,"date":"2012-10-31T16:19:22","date_gmt":"2012-10-31T15:19:22","guid":{"rendered":"https:\/\/wp.muchomaas.com\/article-etats-unis-les-enjeux-d-une-election\/"},"modified":"2023-06-23T23:12:39","modified_gmt":"2023-06-23T21:12:39","slug":"article-etats-unis-les-enjeux-d-une-election","status":"publish","type":"post","link":"https:\/\/archives.regards.fr\/?p=5765","title":{"rendered":"Etats-Unis: les enjeux d&#8217;une \u00e9lection"},"content":{"rendered":"<p class=\"post_excerpt\">Le 6 novembre, les Etats-Unis \u00e9lisent leur nouveau Pr\u00e9sident pour les quatre ann\u00e9es \u00e0 venir. On-en-attendait-rien-mais-bon-il-est-quand-m\u00eame-d\u00e9cevant-Obama va-t-il repartir pour un tour ou \u00e7ui-l\u00e0-il-est-carr\u00e9ment-flippant-Romney va-t-il prendre sa place? \u00c0 une semaine du scrutin, regards.fr vous propose une s\u00e9lection d&#8217;articles pour mieux cerner les enjeux de cette \u00e9lection.<\/p>\n<p>Pour commencer, la strat\u00e9gie de com. des deux candidats d\u00e9crypt\u00e9e par cinq invit\u00e9s dans l&#8217;\u00e9mission \u00abD\u00e9shabillons-les\u00bb du 11 octobre dernier sur Public S\u00e9nat: <a href=\"http:\/\/www.publicsenat.fr\/vod\/deshabillons-les\/une-campagne-a-l-americaine\/thomas-snegaroff,philippe-lentschener,bruce-crumley,denis-bertrand,sylvie-l\/121180\"><strong> <em>Une campagne \u00e0 l&#8217;am\u00e9ricaine<\/em> <\/strong><\/a> <\/p>\n<p><iframe loading=\"lazy\" scrolling=\"no\" height=\"259\" frameborder=\"no\" width=\"460\" src=\"http:\/\/videos.publicsenat.fr\/vodiFrame.php?idE=121180\" framespacing=\"0\" valign=\"top\"><\/iframe><br clear=\"all\"><\/p>\n<p><strong>Dans nos archives et ailleurs&#8230;<\/strong><\/p>\n<p>Sur <strong>Regards.fr<\/strong>:<br \/>\nRetour sur les trois d\u00e9bats t\u00e9l\u00e9vis\u00e9s de la campagne 2012 : <a href=\"https:\/\/wp.muchomaas.com\/monde\/ryan-biden-biden-ryan-a-qui-perd,5666\">Ryan-Biden, Biden-Ryan : \u00e0 qui perd gagne<\/a>; <a href=\"https:\/\/wp.muchomaas.com\/monde\/etats-unis-un-partout-dans-la,5683\">Etats-Unis : un partout dans la campagne pr\u00e9sidentielle !<\/a>; <a href=\"https:\/\/wp.muchomaas.com\/monde\/deux-faucons-face-a-face,5715\">Deux faucons face \u00e0 face<\/a>. <\/p>\n<p>Deux reportages sur place: <a href=\"https:\/\/wp.muchomaas.com\/monde\/la-fin-de-la-toute-puissance-de,5729\">La fin de la toute puissance de Walmart<\/a>; et <a href=\"https:\/\/wp.muchomaas.com\/monde\/usa-ouvriers-en-lutte-a-l-ecole,5753\">les ouvriers en lutte de Sensata<\/a>.<\/p>\n<p><a href=\"https:\/\/wp.muchomaas.com\/monde\/mais-ou-trouver-la-gauche,5711\">Left, Essai sur l\u2019autre gauche aux Etats-unis,<\/a> de Eli Zaretsky, Editions Seuil, 298 p., 20 euros.<\/p>\n<p>Au moment des \u00e9lections de 2008: <a href=\"https:\/\/wp.muchomaas.com\/monde\/des-elections-pas-la-revolution,3541\">le &#8220;match&#8221; Obama\/Mc Cain<\/a>; les profondes <a href=\"https:\/\/wp.muchomaas.com\/monde\/des-elections-pas-la-revolution,3548\">angoisses de la litt\u00e9rature am\u00e9ricaine<\/a> par Arnaud Viviant; et les enjeux de <a href=\"https:\/\/wp.muchomaas.com\/monde\/des-elections-pas-la-revolution-se,3549\">politique \u00e9trang\u00e8re<\/a>.<\/p>\n<p>Chez <strong> <em>Contretemps<\/em> <\/strong>:<\/p>\n<p>Une <a href=\"http:\/\/www.contretemps.eu\/interviews\/interview-tariq-ali\">interview de Tariq Ali<\/a>, en anglais<\/p>\n<p>Un <a href=\"http:\/\/www.contretemps.eu\/fr\/interventions\/ma-r%C3%A9action-mort-oussama-ben-laden-par-noam-chomsky\">article de Noam Chomsky sur la mort de Ben Laden<\/a><\/p>\n<p>Un article sur <a href=\"http:\/\/www.contretemps.eu\/fr\/interventions\/etats-unis-plus-longue-sera-crise\">la crise \u00e9conomique<\/a> de Philippe L\u00e9g\u00e9<\/p>\n<p>Et un article d&#8217;Immanuel Wallerstein <a href=\"http:\/\/www.contretemps.eu\/fr\/interventions\/immanuel-wallerstein-victoire-obama-craintes-espoirs\">au lendemain de la victoire d&#8217;Obama<\/a>.<\/p>\n<p>Et sur le site du <strong> <em>Monde diplomatique<\/em> <\/strong>, cet article d&#8217;Elisabeth Vallet sur <a href=\"http:\/\/blog.mondediplo.net\/2012-10-29-Les-fractures-electorales-de-la-democratie\">les fractures \u00e9lectorales de la d\u00e9mocratie am\u00e9ricaine<\/a>.<br \/>\n<div id='gallery-1' class='gallery galleryid-5765 gallery-columns-3 gallery-size-thumbnail'><figure class='gallery-item'>\n\t\t\t<div class='gallery-icon landscape'>\n\t\t\t\t<a href='https:\/\/archives.regards.fr\/wp-content\/uploads\/2012\/10\/dossier-2-08c.jpg'><img loading=\"lazy\" decoding=\"async\" width=\"150\" height=\"150\" src=\"https:\/\/archives.regards.fr\/wp-content\/uploads\/2012\/10\/dossier-2-08c-150x150.jpg\" class=\"attachment-thumbnail size-thumbnail\" alt=\"Etats-Unis: les enjeux d&#039;une \u00e9lection\" aria-describedby=\"gallery-1-17076\" \/><\/a>\n\t\t\t<\/div>\n\t\t\t\t<figcaption class='wp-caption-text gallery-caption' id='gallery-1-17076'>\n\t\t\t\tEtats-Unis: les enjeux d&#8217;une \u00e9lection\n\t\t\t\t<\/figcaption><\/figure><figure class='gallery-item'>\n\t\t\t<div class='gallery-icon landscape'>\n\t\t\t\t<a href='https:\/\/archives.regards.fr\/wp-content\/uploads\/2012\/10\/romn-2-2-272.jpg'><img loading=\"lazy\" decoding=\"async\" width=\"150\" height=\"150\" src=\"https:\/\/archives.regards.fr\/wp-content\/uploads\/2012\/10\/romn-2-2-272-150x150.jpg\" class=\"attachment-thumbnail size-thumbnail\" alt=\"romn-2-2.jpg\" \/><\/a>\n\t\t\t<\/div><\/figure>\n\t\t<\/div>\n<\/p>\n","protected":false},"excerpt":{"rendered":"<p>Le 6 novembre, les Etats-Unis \u00e9lisent leur nouveau Pr\u00e9sident pour les quatre ann\u00e9es \u00e0 venir. On-en-attendait-rien-mais-bon-il-est-quand-m\u00eame-d\u00e9cevant-Obama va-t-il repartir pour un tour ou \u00e7ui-l\u00e0-il-est-carr\u00e9ment-flippant-Romney va-t-il prendre sa place? \u00c0 une semaine du scrutin, regards.fr vous propose une s\u00e9lection d&#8217;articles pour mieux cerner les enjeux de cette \u00e9lection.<\/p>\n","protected":false},"author":643,"featured_media":17076,"comment_status":"open","ping_status":"open","sticky":false,"template":"","format":"standard","meta":{"_themeisle_gutenberg_block_has_review":false,"footnotes":""},"categories":[141],"tags":[341],"class_list":["post-5765","post","type-post","status-publish","format-standard","has-post-thumbnail","hentry","category-archives-web","tag-barack-obama"],"_links":{"self":[{"href":"https:\/\/archives.regards.fr\/index.php?rest_route=\/wp\/v2\/posts\/5765","targetHints":{"allow":["GET"]}}],"collection":[{"href":"https:\/\/archives.regards.fr\/index.php?rest_route=\/wp\/v2\/posts"}],"about":[{"href":"https:\/\/archives.regards.fr\/index.php?rest_route=\/wp\/v2\/types\/post"}],"author":[{"embeddable":true,"href":"https:\/\/archives.regards.fr\/index.php?rest_route=\/wp\/v2\/users\/643"}],"replies":[{"embeddable":true,"href":"https:\/\/archives.regards.fr\/index.php?rest_route=%2Fwp%2Fv2%2Fcomments&post=5765"}],"version-history":[{"count":0,"href":"https:\/\/archives.regards.fr\/index.php?rest_route=\/wp\/v2\/posts\/5765\/revisions"}],"wp:featuredmedia":[{"embeddable":true,"href":"https:\/\/archives.regards.fr\/index.php?rest_route=\/wp\/v2\/media\/17076"}],"wp:attachment":[{"href":"https:\/\/archives.regards.fr\/index.php?rest_route=%2Fwp%2Fv2%2Fmedia&parent=5765"}],"wp:term":[{"taxonomy":"category","embeddable":true,"href":"https:\/\/archives.regards.fr\/index.php?rest_route=%2Fwp%2Fv2%2Fcategories&post=5765"},{"taxonomy":"post_tag","embeddable":true,"href":"https:\/\/archives.regards.fr\/index.php?rest_route=%2Fwp%2Fv2%2Ftags&post=5765"}],"curies":[{"name":"wp","href":"https:\/\/api.w.org\/{rel}","templated":true}]}}