{"id":5762,"date":"2012-10-30T16:30:23","date_gmt":"2012-10-30T15:30:23","guid":{"rendered":"https:\/\/wp.muchomaas.com\/les-partis-de-gauche-europeens5762\/"},"modified":"2012-10-30T16:30:23","modified_gmt":"2012-10-30T15:30:23","slug":"les-partis-de-gauche-europeens5762","status":"publish","type":"post","link":"https:\/\/archives.regards.fr\/?p=5762","title":{"rendered":"Les partis de gauche europ\u00e9ens contre l&#8217;aust\u00e9rit\u00e9"},"content":{"rendered":"<p class=\"post_excerpt\">Des \u00e9lus de 14 pays [[France, Espagne, Portugal, Allemagne, Luxembourg, Gr\u00e8ce, Belgique, Danemark, Moldavie, Turquie, R\u00e9publique Tch\u00e8que, Autriche, Bulgarie, Bi\u00e9lorussie.]], issus des parlements r\u00e9gionaux, nationaux et du parlement europ\u00e9en se sont r\u00e9unis ce week-end \u00e0 Paris \u00e0 l&#8217;initiative du Parti de la Gauche europ\u00e9enne, avec pour objectif de faire le point des batailles men\u00e9es dans toute l&#8217;Europe, au moment o\u00f9 la crise financi\u00e8re, \u00e9conomique, et sociale se transforme en crise humanitaire et en crise d\u00e9mocratique.<\/p>\n<p>Face \u00e0 ce constat, Pierre Laurent (PCF\/France), pr\u00e9sident du Parti de la gauche europ\u00e9enne, a mis en exergue la n\u00e9cessit\u00e9 d&#8217;alternatives face aux logiques d&#8217;aust\u00e9rit\u00e9.<\/p>\n<p><iframe loading=\"lazy\" width=\"460\" height=\"259\" src=\"http:\/\/www.youtube.com\/embed\/a-63zge3KCc\" frameborder=\"0\" allowfullscreen><\/iframe><br clear=\"all\"><\/p>\n<p>L&#8217;ambition de cette rencontre est d&#8217;\u00e9laborer des propositions communes, port\u00e9es par des campagnes europ\u00e9ennes convergentes tout au long de l&#8217;ann\u00e9e 2013. Celles-ci visent \u00e0 remettre en cause le paiement de la dette par les peuples, promouvoir des mesures de taxation du capital pour participer \u00e0 la r\u00e9duction des in\u00e9galit\u00e9s, et transformer la Banque centrale europ\u00e9enne en organisme de pr\u00eat direct aux Etats, pour sortir de la d\u00e9pendance au march\u00e9 des capitaux priv\u00e9s.<\/p>\n<p>Alexis Tsipras, pr\u00e9sident de la coalition de la gauche radicale Syriza en Gr\u00e8ce, insiste sur l&#8217;enjeu critique en Europe du recul de la d\u00e9mocratie et de la violente application des politiques n\u00e9o-lib\u00e9rales.<\/p>\n<p><iframe loading=\"lazy\" width=\"460\" height=\"259\" src=\"http:\/\/www.youtube.com\/embed\/Jm9VPCGwbnU\" frameborder=\"0\" allowfullscreen><\/iframe><br clear=\"all\"><\/p>\n<p>Gabi Zimmer (Die Linke\/Allemagne), pr\u00e9sidente du groupe GUE\/NGL au Parlement europ\u00e9en, promeut la d\u00e9fense de la souverainet\u00e9 des parlements nationaux quant aux priorit\u00e9s qu&#8217;ils se fixent, en termes politiques, sociaux, ou environnementaux. Elle appelle aussi \u00e0 un r\u00e9\u00e9quilibrage institutionnel europ\u00e9en en faveur du Parlement, l\u00e0 o\u00f9 la Commission confisque le pouvoir d\u00e9cisionnel au profit d&#8217;une Union autoritaire.<br \/>\nPierre Laurent fait \u00e9cho \u00e0 cette pr\u00e9occupation, notamment \u00e0 propos de la proc\u00e9dure d&#8217;initiative citoyenne europ\u00e9enne ayant r\u00e9uni un million de signatures, mais rejet\u00e9e au motif qu&#8217;elle n&#8217;\u00e9tait pas conforme \u00e0 \u00ab\u00a0l&#8217;esprit des trait\u00e9s\u00a0\u00bb, et cite les exemples fran\u00e7ais de Sanofi et PSA, que l&#8217;aboutissement d&#8217;une action parlementaire contre les licencements boursiers aurait permis d&#8217;\u00e9viter.<\/p>\n<p><iframe loading=\"lazy\" width=\"460\" height=\"259\" src=\"http:\/\/www.youtube.com\/embed\/mflclApMaFg\" frameborder=\"0\" allowfullscreen><\/iframe><br clear=\"all\"><\/p>\n<p>Rendez-vous est pris le 14 novembre pour marquer un soutien actif aux mobilisations auxquelles appelle la Conf\u00e9d\u00e9ration europ\u00e9enne des syndicats. Prendre l&#8217;Europe \u00e0 contrepied commence par l\u00e0\u00a0: cr\u00e9er des r\u00e9seaux de solidarit\u00e9, concr\u00e8te et politique, \u00e0 l&#8217;int\u00e9rieur de chaque pays et \u00e0 l&#8217;\u00e9chelle europ\u00e9enne. <\/p>\n","protected":false},"excerpt":{"rendered":"<p>Des \u00e9lus de 14 pays [[France, Espagne, Portugal, Allemagne, Luxembourg, Gr\u00e8ce, Belgique, Danemark, Moldavie, Turquie, R\u00e9publique Tch\u00e8que, Autriche, Bulgarie, Bi\u00e9lorussie.]], issus des parlements r\u00e9gionaux, nationaux et du parlement europ\u00e9en se sont r\u00e9unis ce week-end \u00e0 Paris \u00e0 l&#8217;initiative du Parti de la Gauche europ\u00e9enne, avec pour objectif de faire le point des batailles men\u00e9es dans toute l&#8217;Europe, au moment o\u00f9 la crise financi\u00e8re, \u00e9conomique, et sociale se transforme en crise humanitaire et en crise d\u00e9mocratique.<\/p>\n","protected":false},"author":1,"featured_media":0,"comment_status":"open","ping_status":"open","sticky":false,"template":"","format":"standard","meta":{"_themeisle_gutenberg_block_has_review":false,"footnotes":""},"categories":[141],"tags":[352],"class_list":["post-5762","post","type-post","status-publish","format-standard","hentry","category-archives-web","tag-europe"],"_links":{"self":[{"href":"https:\/\/archives.regards.fr\/index.php?rest_route=\/wp\/v2\/posts\/5762","targetHints":{"allow":["GET"]}}],"collection":[{"href":"https:\/\/archives.regards.fr\/index.php?rest_route=\/wp\/v2\/posts"}],"about":[{"href":"https:\/\/archives.regards.fr\/index.php?rest_route=\/wp\/v2\/types\/post"}],"author":[{"embeddable":true,"href":"https:\/\/archives.regards.fr\/index.php?rest_route=\/wp\/v2\/users\/1"}],"replies":[{"embeddable":true,"href":"https:\/\/archives.regards.fr\/index.php?rest_route=%2Fwp%2Fv2%2Fcomments&post=5762"}],"version-history":[{"count":0,"href":"https:\/\/archives.regards.fr\/index.php?rest_route=\/wp\/v2\/posts\/5762\/revisions"}],"wp:attachment":[{"href":"https:\/\/archives.regards.fr\/index.php?rest_route=%2Fwp%2Fv2%2Fmedia&parent=5762"}],"wp:term":[{"taxonomy":"category","embeddable":true,"href":"https:\/\/archives.regards.fr\/index.php?rest_route=%2Fwp%2Fv2%2Fcategories&post=5762"},{"taxonomy":"post_tag","embeddable":true,"href":"https:\/\/archives.regards.fr\/index.php?rest_route=%2Fwp%2Fv2%2Ftags&post=5762"}],"curies":[{"name":"wp","href":"https:\/\/api.w.org\/{rel}","templated":true}]}}