{"id":5758,"date":"2012-11-09T12:30:00","date_gmt":"2012-11-09T11:30:00","guid":{"rendered":"https:\/\/wp.muchomaas.com\/au-jour-le-jour-la-lutte-pour-la5758\/"},"modified":"2012-11-09T12:30:00","modified_gmt":"2012-11-09T11:30:00","slug":"au-jour-le-jour-la-lutte-pour-la5758","status":"publish","type":"post","link":"https:\/\/archives.regards.fr\/?p=5758","title":{"rendered":"Au jour le jour, la lutte pour la survie du th\u00e9\u00e2tre Paris-Villette"},"content":{"rendered":"<p class=\"post_excerpt\">Les salari\u00e9s, des artistes, des techniciens et des spectateurs du Paris-Villette ont jusqu\u2019au 8 novembre pour trouver une solution apr\u00e8s la d\u00e9cision soudaine de la Ville de Paris de ne pas reconduire sa subvention pour financer la saison 2012-2013. Une saison qui pourtant a d\u00e9j\u00e0 commenc\u00e9.\n<\/p>\n<p><strong>Le th\u00e9\u00e2tre Paris Villette br\u00fble ses derni\u00e8res planches<\/strong><br \/>\nPour comprendre les enjeux lire l\u2019article <a href=\"5698\">ici<\/a>.<\/p>\n<p><strong>J-0 Premi\u00e8re victoire pour le Paris-Villette<\/strong><br \/>\nLe Paris-Villette vient d\u2019obtenir un deuxi\u00e8me sursit de trois semaines de la part du juge du tribunal de commerce. Il d\u00e9cide de ne pas se prononcer avant le 29 novembre, pas de mise en faillite ni de redressement judiciaire pour le moment. Par ce geste inattendu, il renvoie les discussions sur l\u2019avenir du Paris-Villette l\u00e0 o\u00f9 elles doivent se passer : dans le d\u00e9bat politique. Il faudra que cela soit un juge qui apporte un peu de bon sens dans cette situation absurde. Jeudi matin, \u00e0 la sortie du tribunal, Patrick Gufflet t\u00e9moigne : <em>\u00ab le juge a bien compris qu\u2019il n\u2019\u00e9tait pas devant un cas classique de faillite, mais bien d\u2019un probl\u00e8me de blocage politique. Il m\u2019a dit avoir lu la presse et avoir tenu compte de la mobilisation. \u00bb<\/em> Preuve que la lutte, \u00e7a marche !<br \/>\nLa Mairie de Paris a annonc\u00e9 plusieurs fois qu\u2019elle avait un projet th\u00e9\u00e2tral pour le Paris-Villette. La ligne budg\u00e9taire est, a priori, toujours pr\u00e9vue pour l\u2019ann\u00e9e prochaine. Selon le juge, il est donc possible d\u2019\u00e9viter de co\u00fbteux licenciements. En attendant, la Mairie devrait voter mardi une curieuse subvention de 20 000 euros au Synptac-CGT, pour lui permettre de verser des dons aux salari\u00e9s permanents correspondant \u00e0 leur salaire de mi-septembre et octobre. Une bonne nouvelle pour les salari\u00e9s.<br \/>\nFace \u00e0 la col\u00e8re qui monte massivement dans les r\u00e9seaux culturels m\u00eal\u00e9e au rappel \u00e0 la raison juridique, la puissance publique fera-t-elle enfin le choix de la concertation ? Qu\u2019un juge force la n\u00e9gociation politique est plut\u00f4t d\u00e9concertant. Le Paris-Villette s\u2019appr\u00eate \u00e0 organiser une manifestation cons\u00e9quente dans les jours prochains. Pour les compagnies, la situation commence \u00e0 \u00eatre tr\u00e8s compliqu\u00e9e ; Marie Pi\u00e9montese, metteure en sc\u00e8ne programm\u00e9e au Paris-Villette au printemps, raconte qu\u2019elle est<em> \u00ab compl\u00e8tement bloqu\u00e9e. La compagnie n\u2019arrive pas \u00e0 r\u00e9p\u00e9ter. Un artiste qui ne travaille pas, c\u2019est un artiste qui n\u2019existe pas. \u00bb<\/em><\/p>\n<p><strong>J-1 La dignit\u00e9 de Bruno Geslin<\/strong><br \/>\nLa premi\u00e8re de <em>Dark Spring<\/em> de Bruno Geslin s\u2019est tenue dans une salle bond\u00e9e \u00e0 la veille de la rencontre au tribunal de commerce qui devrait prononcer la liquidation judiciaire du Paris-Villette. L\u2019espace d\u2019un instant, tout fut oubli\u00e9. Basta les probl\u00e8mes des compagnies, de salari\u00e9s, d\u2019un symbole que l\u2019on attaque. La com\u00e9dienne Claude Degliame lit <em>Sombre printemps<\/em>, un r\u00e9cit d\u2019Unica Z\u00fcrn. Il est question de la mont\u00e9e du d\u00e9sir chez une jeune fille, ses obsessions d\u00e9rangeantes, ses d\u00e9rives. Le groupe de folk-rock Comming Song l\u2019accompagne de ses voix juv\u00e9niles. Tout dispara\u00eet \u00e0 l\u2019\u00e9coute de ce r\u00e9cit sombre et d\u2019une troublante intensit\u00e9. Devant un spectacle aussi aboutit et d\u2019une si grande pr\u00e9cision, meurent toutes les suspicions d\u2019\u00e9litisme, de fragilit\u00e9, d\u2019inutilit\u00e9. \u00c0 la sortie du spectacle, ce sont des rires qui s\u2019\u00e9changent, on commande une soupe au comit\u00e9 de soutien, on boit un canon \u00e0 trois euros. Il \u00e9tait bon d\u2019\u00eatre l\u00e0. Tout reprenait sens. \u00c0 vivre absolument.<\/p>\n<p><iframe loading=\"lazy\" width=\"460\" height=\"345\" src=\"http:\/\/www.youtube.com\/embed\/4iqHpLLEP7o\" frameborder=\"0\" allowfullscreen><\/iframe><br clear=\"all\"><\/p>\n<p><strong>J-2\u00a0: l\u2019\u00c9tat refuse d\u2019initier le dialogue<\/strong><br \/>\nPort\u00e9e par un rassemblement grandissant, une d\u00e9l\u00e9gation du Paris-Villette a \u00e9t\u00e9 re\u00e7ue ce matin au minist\u00e8re de la Culture par Laurent Dr\u00e9ano, conseiller en charge du spectacle vivant. Selon les organisations syndicales, le leitmotiv du minist\u00e8re a \u00e9t\u00e9\u00a0: <em>\u00ab\u00a0nous ne nous substituerons pas \u00e0 la Mairie.\u00a0\u00bb<\/em>  L\u2019\u00c9tat ne bougera pas, il ne cherchera pas \u00e0 organiser de table ronde avec la R\u00e9gion et la Mairie avant la liquidation de la soci\u00e9t\u00e9 qui g\u00e8re le th\u00e9\u00e2tre. Le Paris-Villette est le seul th\u00e9\u00e2tre de cr\u00e9ation en France qui n\u2019a jamais \u00e9t\u00e9 conventionn\u00e9 par l\u2019\u00c9tat. Tant pis pour les salari\u00e9s, tant pis pour les compagnies, tant pis pour le th\u00e9\u00e2tre et son public. Ce qu\u2019il se passera apr\u00e8s\u00a0? Personne n\u2019en a aucune id\u00e9e. Jacques Pornon, responsable r\u00e9gional du Syndeac (le syndicat des entreprises du spectacle) a insist\u00e9 lors de cette rencontre sur la port\u00e9e politique et symbolique du Paris-Villette mais il relate que <em>\u00ab\u00a0toute discussion de fond a \u00e9t\u00e9 impossible.\u00a0\u00bb <\/em>  Ce manque de s\u00e9rieux politique commence \u00e0 \u00e9nerver tr\u00e8s s\u00e9rieusement le milieu culturel. Ce sont plus d\u2019une centaine de structures fran\u00e7aises et europ\u00e9ennes qui soutiennent maintenant le th\u00e9\u00e2tre. Encore tr\u00e8s attentistes cet \u00e9t\u00e9, \u00e0 Avignon, vis-\u00e0-vis d\u2019un PS fra\u00eechement \u00e9lu, les t\u00e9nors du milieu th\u00e9\u00e2tral montrent maintenant des signes de col\u00e8re profonds. Apr\u00e8s Jo\u00ebl Pommerat, ce sont douze personnalit\u00e9s, que l\u2019on conna\u00eet plut\u00f4t pour leurs positions mod\u00e9r\u00e9es, qui entrent aujourd\u2019hui dans la bataille pour la survie du th\u00e9\u00e2tre\u00a0:  Hortense Archambault, Olivier Py, Patrice Ch\u00e9reau, Stanislas Nordey\u2026 Dans une tribune publi\u00e9e ce matin dans <a href=\"http:\/\/www.liberation.fr\/theatre\/2012\/11\/05\/paris-villette-douze-personnalites-du-theatre-en-colere_858255\">Lib\u00e9ration<\/a>, leur charge est forte\u00a0: <em>\u00ab\u00a0Le changement, c\u2019est maintenant, <\/em> nous a-t-on r\u00e9p\u00e9t\u00e9. <em>Si le changement, c\u2019est la liquidation des lieux de recherche et d\u2019\u00e9mergence, cela commence tr\u00e8s mal.\u00a0\u00bb<\/em> Pour le comit\u00e9 de soutien du Paris-Villette, cette journ\u00e9e est mi-figue, mi-raisin. D\u2019un c\u00f4t\u00e9, l\u2019espoir d\u2019un dialogue fertile avec la puissance publique se fane, de l\u2019autre, la r\u00e9sistance prend un poids certain.<\/p>\n<p><strong>J-3\u00a0: la veille artistique de Clotilde Ramondou et la pression aupr\u00e8s du minist\u00e8re de la Culture<\/strong><br \/>\nClotilde Ramondou a produit trois spectacles au Paris-Vilette. <em>\u00ab\u00a0C\u2019est une maison qui ose, une \u00e9pine dans le pied n\u00e9cessaire. Et elle ferme. On aura un peu plus froid cet hiver\u00a0\u00bb. <\/em><br \/>\nCe qui inqui\u00e8te Clotilde Ramondou est avant tout une grande m\u00e9connaissance de la part des tutelles ce qui se passe au Paris-Villette et de ceux qui le fond vivre\u00a0: <em>\u00ab\u00a0Nous ne sommes pas des chiffres. Le Maire de Paris d\u00e9crit le th\u00e9\u00e2tre comme un lieu ferm\u00e9 mais il ignore que le symbole du Paris-Villette d\u00e9passe tr\u00e8s largement Patrick Gufflet et son \u00e9quipe.\u00a0Il n\u2019y a qu\u2019\u00e0 \u00e9couter le public qui se sent aujourd\u2019hui d\u00e9muni et qui vient en t\u00e9moigner tous les soirs lors des veilles artistiques.\u00a0\u00bb <\/em><br \/>\nClotilde Ramondou sera \u00e9galement au <strong>rassemblement qui se tiendra mardi matin \u00e0 11h devant le minist\u00e8re de la Culture<\/strong>, rue de Valois. Un dernier rassemblement deux jours avant le rendez-vous de Patrick Gufflet devant le juge du tribunal de commerce pour tenter le tout pour le tout.<\/p>\n<p><strong>J-4\u00a0: Dark Spring se tiendra co\u00fbte que co\u00fbte au Paris Villette.<\/strong><br \/>\nLa compagnie La Grande M\u00eal\u00e9e jouera, comme pr\u00e9vu, Dark Spring, \u00e0 partir de mercredi. Bruno Geslin ne cesse de r\u00e9p\u00e9ter \u00ab\u00a0r\u00e9sister, c\u2019est mettre en relation un auteur, des artistes et un public\u00a0\u00bb. Une des mani\u00e8res les plus efficaces d\u2019 <em>\u00ab\u00a0exprimer notre vitalit\u00e9 est de r\u00e9ussir co\u00fbte que co\u00fbte \u00e0 pr\u00e9senter Dark Spring, c\u2019est \u00eatre l\u00e0\u00a0\u00bb<\/em>. Il avoue recevoir des messages tr\u00e8s contradictoires. D\u2019un c\u00f4t\u00e9, une tr\u00e8s grande solidarit\u00e9 des institutions culturelles s\u2019est d\u00e9velopp\u00e9e. Gr\u00e2ce au soutien de nouveaux coproducteurs, le spectacle va se tenir. De l\u2019autre c\u00f4t\u00e9, la Marie de Paris se mure dans \u00ab\u00a0un silence \u00e9trange\u00a0\u00bb. Le Paris-Villette a opt\u00e9 pour un tarif unique de 12\u00a0euros\u00a0; l\u2019int\u00e9gralit\u00e9\u00a0de la recette sera revers\u00e9e \u00e0 la compagnie qui se trouve dans une grande fragilit\u00e9 \u00e9conomique. Ni l\u2019appui de nouveaux partenaires, ni les recettes ne permettront de payer l\u2019int\u00e9gralit\u00e9 des salaires qui \u00e9taient pr\u00e9vus. C\u2019est plus de la moiti\u00e9 des intermittents de la compagnie qui risque de perdre son statut.<\/p>\n<p><strong>J-5\u00a0: la veille artistique b\u00e2t son plein au Paris-Villette<\/strong><br \/>\nTous les soirs \u00e0 19h30, artistes, techniciens, public et amis se relaient pour organiser les veilles artistiques. Un soir, les artistes m\u00e8nent le bal, le lendemain, c&#8217;est au tour des habitants du quartier, du comit\u00e9 de soutien ou autre\u2026 Programme en ligne sur http:\/\/www.theatre-paris-villette.com\/#<\/p>\n<p><iframe loading=\"lazy\" src=\"http:\/\/player.vimeo.com\/video\/51600713?byline=0&#038;portrait=0&#038;badge=0&#038;color=ff9933\" width=\"460\" height=\"261\" frameborder=\"0\" webkitAllowFullScreen mozallowfullscreen allowFullScreen><\/iframe><br clear=\"all\"><\/p>\n<p><strong>j-6\u00a0: la situation des salari\u00e9s<\/strong><br \/>\nLes salari\u00e9s permanents du th\u00e9\u00e2tre ne sont plus r\u00e9mun\u00e9r\u00e9s depuis le mois de septembre. Les recettes de Une Mouette jou\u00e9e du 1er au 15 octobre leur ont permis de recevoir un don  correspondant \u00e0 60\u00a0% de leur salaire. La Mairie de Paris leur a promis de faire circuler leurs cv et qu\u2019ils seraient prioritaires si un nouveau projet venait \u00e0 voir le jour. Une subvention exceptionnelle de 20\u00a0000\u00a0euros devrait \u00eatre vot\u00e9e dans les prochains jours, elle sera revers\u00e9e au Synptac-CGT, qui redistribuera la subvention aux salari\u00e9s sous forme de dons.  <em>\u00abLa Mairie ne veut plus entendre parler de la soci\u00e9t\u00e9 qui g\u00e8re le th\u00e9\u00e2tre. Cette situation est particuli\u00e8rement difficile pour beaucoup d\u2019entre nous et particuli\u00e8rement pour ceux qui ont des familles\u00a0\u00bb<\/em>, d\u00e9clare Chantal Albo, en charge de l\u2019administration du th\u00e9\u00e2tre.<\/p>\n<p><strong>J-10, les compagnies ont \u00e9t\u00e9 re\u00e7ues \u00e0 la Mairie : le statut quo<\/strong><br \/>\nLes compagnies programm\u00e9es au Paris-Villette ont \u00e9t\u00e9 re\u00e7ues lundi matin \u00e0 la mairie. Fortes de la journ\u00e9e-manifeste de dimanche et de la mobilisation qui monte, elles ont souhait\u00e9 r\u00e9affirmer leur attachement au th\u00e9\u00e2tre Paris-Villette et elles ne veulent pas c\u00e9der : la programmation 2012-2013 doit avoir lieu dans le th\u00e9\u00e2tre. Elles sont aujourd\u2019hui dans une tr\u00e8s grande urgence : maintenir leurs engagements vis-\u00e0-vis des intermittents, de leurs autres partenaires, rassurer leur public, respecter leur boulot-perso men\u00e9 depuis de nombreuses ann\u00e9es pour ce spectacle-l\u00e0, qui devait \u00eatre pr\u00e9sent\u00e9 cette ann\u00e9e-l\u00e0, dans ce th\u00e9\u00e2tre-l\u00e0. Fran\u00e7oise Lepoix, qui doit jouer le  <em>Portrait d\u2019Anna Seghers<\/em>, au Paris-Villette en f\u00e9vrier, sort de cette r\u00e9union sonn\u00e9e : <em>\u00ab ils cherchent des solutions pour nous reloger dans d\u2019autres th\u00e9\u00e2tres. \u00bb<\/em> Cette rupture impos\u00e9e avec le Paris-Villette est un peu dure \u00e0 avaler pour celles et ceux, comme Jo\u00ebl Pommerat ou Claire Lane, qui ont \u00e9t\u00e9 accompagn\u00e9s depuis des ann\u00e9es par ce th\u00e9\u00e2tre. Claire Lane dans une tribune publi\u00e9e dans le <a href=\"http:\/\/www.lemonde.fr\/idees\/article\/2012\/10\/11\/pour-le-theatre-paris-villette-accompagner_1773392_3232.html\"><em>Monde<\/em><\/a>  d\u00e9crit tr\u00e8s justement : <em>\u00ab Des auteurs, des acteurs, des metteurs en sc\u00e8ne ont \u00e9t\u00e9 au cours de ces derni\u00e8res ann\u00e9es accompagn\u00e9s dans leurs r\u00e9ussites et leurs \u00e9checs, prot\u00e9g\u00e9s par un lieu : le Th\u00e9\u00e2tre Paris-Villette. \u00bb<\/em> Un th\u00e9\u00e2tre n\u2019est pas \u00e9gal \u00e0 un autre th\u00e9\u00e2tre. M\u00eame municipal. La Mairie souhaite que les spectacles se tiennent dans d\u2019autres <em>\u00ab \u00e9quipements publics de la ville \u00bb<\/em> qui devront donc \u00e0 faire de la place <em>\u00ab par solidarit\u00e9 \u00bb<\/em>. Pendant que le Paris-Villette, dont les si\u00e8ges grincent un peu mais qui est en bon ordre de marche, reste vide. Bruno Geslin, va jouer, co\u00fbte que co\u00fbte, <em>The Dark Spring<\/em>, dans une semaine. Il raconte : <em>\u00ab La Mairie de Paris ne veut plus entendre parler de la structure qui g\u00e8re le th\u00e9\u00e2tre et elle ne fera rien avant le 8 novembre \u00bb<\/em>, date \u00e0 laquelle Patrick Gufflet, directeur du th\u00e9\u00e2tre, repasse devant le tribunal de commerce. Le contrat sign\u00e9 par le Paris-Villette et la compagnie de Bruno Geslin ne pourra pas \u00eatre honor\u00e9.<\/p>\n<p>Dans le fait de stopper net son soutien \u00e0 la structure qui g\u00e8re le Paris-Villette, la mairie de Paris a sans doute un projet derri\u00e8re la t\u00eate, avec une autre \u00e9quipe, un autre politique, une autre couleur esth\u00e9tique. Et la bonne nouvelle est qu\u2019elle a redit aux compagnies qu\u2019elle souhaite maintenir un projet de th\u00e9\u00e2tre de cr\u00e9ation dans ce lieu. Si l\u2019on peut penser que changer de directeur de th\u00e9\u00e2tre est sain, faut-il pour autant d\u00e9truire l\u2019univers esth\u00e9tique qu\u2019il a cr\u00e9\u00e9 au fil des ann\u00e9es ? Pour les compagnies, des solutions plus douces et plus concert\u00e9es peuvent encore \u00eatre envisag\u00e9es. De nouveaux soutiens arrivent chaque jour. Au-del\u00e0 des p\u00e9titionnaires individuels, ce sont une soixante de structures culturelles qui ont sign\u00e9 le texte <em>\u00ab Nous publics, artistes, tous d\u00e9fenseurs de la cr\u00e9ation n\u2019acceptons pas la disparition programm\u00e9e du Th\u00e9\u00e2tre Paris-Villette. \u00bb<\/em> : <a href=\"http:\/\/petition.theatre-paris-villette.com\/\">http:\/\/petition.theatre-paris-villette.com<\/a>. Suite \u00e0 la rencontre en Mairie, les compagnies tiennent bon, elles r\u00e9affirment sur leur d\u00e9sir de jouer au Paris-Villette, elles maintiennent qu\u2019une rencontre entre l\u2019\u00e9tat, la ville et la r\u00e9gion doit avoir lieu pour sortir de cette situation par le haut.<\/p>\n<p><strong>J-11, une journ\u00e9e manifeste au Paris-Villette. <\/strong><br \/>\nDimanche 28 octobre, pendant plus de trois heures, Jo\u00ebl Pommerat donne un atelier d\u2019improvisation. Ensemble, spectateurs, habitants du quartier, artistes, techniciens, salari\u00e9s, directeurs de structures, inventent une situation de jeux. Il s\u2019agit d\u2019entrer dans l\u2019absurdit\u00e9 d\u2019une situation. Deux personnages entrent sur sc\u00e8ne, l\u2019un dit \u00e0 l\u2019autre : \u00ab<em>tu habites ici ?<\/em>\u00bb La tension qui s\u2019en suit r\u00e9sonne \u00e9trangement pour tous ceux qui se sont rassembl\u00e9s pour d\u00e9fendre ce qu\u2019ils appellent maintenant leur maison commune. Une journ\u00e9e manifeste pour le Paris-Villette, c\u2019est tout autre chose qu\u2019une assembl\u00e9e de gens qui prennent la parole les uns apr\u00e8s les autres. Des vid\u00e9os ont \u00e9t\u00e9 choisies avec pr\u00e9cision, la soupe commune est d\u00e9licieuse, le cin\u00e9 concert des Coming Soon qui cl\u00f4t la soir\u00e9e raconte l\u2019histoire d\u2019un homme avec les bras coup\u00e9s. Chaque geste politique ou artistique provoque un peu plus de sens commun dans une situation humainement tr\u00e8s difficile : plus personne n\u2019est pay\u00e9 pour travailler. Pour Bruno Geslin, \u00ab<em>r\u00e9sister, c\u2019est faire notre m\u00e9tier<\/em>\u00bb. Il va pr\u00e9senter <em>The Dark Spring<\/em>, le 7 novembre. Malgr\u00e9 la solidarit\u00e9 d\u2019autres structures culturelles qui ont apport\u00e9 leur soutien financier, Bruno Geslin n\u2019est pas s\u00fbr de pouvoir payer ses intermittents pour l\u2019ensemble des repr\u00e9sentations. <\/p>\n<p><iframe loading=\"lazy\" src=\"http:\/\/player.vimeo.com\/video\/52216980?badge=0\" width=\"460\" height=\"260\" frameborder=\"0\" webkitAllowFullScreen mozallowfullscreen allowFullScreen><\/iframe><br clear=\"all\"><\/p>\n<p>Dans un th\u00e9\u00e2tre plein, l\u2019assembl\u00e9e d\u00e9cide d\u2019\u00e9crire un texte que chacun peut envoyer, sign\u00e9 \u00e0 son nom, \u00e0 la R\u00e9gion, \u00e0 la Mairie, au Minist\u00e8re. Depuis le d\u00e9but de la lutte, la Mairie de Paris a un peu boug\u00e9, elle parlait de reconduire un projet li\u00e9 aux arts de la sc\u00e8ne, depuis elle parle de projet th\u00e9\u00e2tral. Pour le Paris-Villette, c\u2019est une premi\u00e8re victoire. La Ministre de la Culture n\u2019a pas donn\u00e9 signe de vie, \u00e0 part dans un communiqu\u00e9 o\u00f9 elle dit que le maintien d\u2019un projet th\u00e9\u00e2tral sur le Parc de la Villette est essentiel. Le d\u00e9put\u00e9 du XIXe, Jean-Christophe Cambad\u00e9lis n\u2019a pas donn\u00e9 de suite aux courriers envoy\u00e9s. Seul Julien Dray, charg\u00e9 de la Culture \u00e0 la R\u00e9gion a envoy\u00e9 une lettre de soutien. Il finance pour une petite partie le th\u00e9\u00e2tre, mais surtout, si rien ne bouge, il va se retrouver avec un bon nombre de compagnies sur les bras. Alors du c\u00f4t\u00e9 du Paris-Villette, il s\u2019agit maintenant d\u2019imposer aux tutelles de se mettre autour de la table et de discuter du projet qu\u2019elles semblent vouloir poursuivre. \u00ab<em>Quelque\u00bb chose a commenc\u00e9 ce soir<\/em>, raconte Isabelle Lafon, <em>cette journ\u00e9e est le point de d\u00e9part d\u2019une veille artistique qui se d\u00e9roulera tous les soirs \u00e0 19 h 30 au Paris-Villette<\/em>. \u00bb<\/p>\n","protected":false},"excerpt":{"rendered":"<p>Les salari\u00e9s, des artistes, des techniciens et des spectateurs du Paris-Villette ont jusqu\u2019au 8 novembre pour trouver une solution apr\u00e8s la d\u00e9cision soudaine de la Ville de Paris de ne pas reconduire sa subvention pour financer la saison 2012-2013. Une saison qui pourtant a d\u00e9j\u00e0 commenc\u00e9.<\/p>\n","protected":false},"author":1,"featured_media":0,"comment_status":"open","ping_status":"open","sticky":false,"template":"","format":"standard","meta":{"_themeisle_gutenberg_block_has_review":false,"footnotes":""},"categories":[141],"tags":[347],"class_list":["post-5758","post","type-post","status-publish","format-standard","hentry","category-archives-web","tag-reportage"],"_links":{"self":[{"href":"https:\/\/archives.regards.fr\/index.php?rest_route=\/wp\/v2\/posts\/5758","targetHints":{"allow":["GET"]}}],"collection":[{"href":"https:\/\/archives.regards.fr\/index.php?rest_route=\/wp\/v2\/posts"}],"about":[{"href":"https:\/\/archives.regards.fr\/index.php?rest_route=\/wp\/v2\/types\/post"}],"author":[{"embeddable":true,"href":"https:\/\/archives.regards.fr\/index.php?rest_route=\/wp\/v2\/users\/1"}],"replies":[{"embeddable":true,"href":"https:\/\/archives.regards.fr\/index.php?rest_route=%2Fwp%2Fv2%2Fcomments&post=5758"}],"version-history":[{"count":0,"href":"https:\/\/archives.regards.fr\/index.php?rest_route=\/wp\/v2\/posts\/5758\/revisions"}],"wp:attachment":[{"href":"https:\/\/archives.regards.fr\/index.php?rest_route=%2Fwp%2Fv2%2Fmedia&parent=5758"}],"wp:term":[{"taxonomy":"category","embeddable":true,"href":"https:\/\/archives.regards.fr\/index.php?rest_route=%2Fwp%2Fv2%2Fcategories&post=5758"},{"taxonomy":"post_tag","embeddable":true,"href":"https:\/\/archives.regards.fr\/index.php?rest_route=%2Fwp%2Fv2%2Ftags&post=5758"}],"curies":[{"name":"wp","href":"https:\/\/api.w.org\/{rel}","templated":true}]}}