{"id":5757,"date":"2012-10-29T14:23:30","date_gmt":"2012-10-29T13:23:30","guid":{"rendered":"https:\/\/wp.muchomaas.com\/thomas-legrand-et-le-droit-des5757\/"},"modified":"2012-10-29T14:23:30","modified_gmt":"2012-10-29T13:23:30","slug":"thomas-legrand-et-le-droit-des5757","status":"publish","type":"post","link":"https:\/\/archives.regards.fr\/?p=5757","title":{"rendered":"Thomas Legrand et le droit des votes des \u00e9trangers"},"content":{"rendered":"<p class=\"post_excerpt\"><iframe loading=\"lazy\" src=\"http:\/\/www.franceinter.fr\/player\/export-reecouter?content=488367\" width=\"460\" frameborder=\"0\" scrolling=\"no\" height=\"139\"><\/iframe><\/p>\n<p>Tous les matins, Thomas Legrand s&#8217;invite au p&#8217;tit d\u00e8j chez les auditeurs de France Inter pour leur causer politique. Certes, 7h45 c&#8217;est t\u00f4t (pour tout le monde) et il n&#8217;est pas facile d&#8217;avoir chaque jour quelque chose \u00e0 dire, mais est-ce une raison pour dire n&#8217;importe quoi? Ce matin, l&#8217;exercice \u00e9tait contorsionn\u00e9. Pas de la haute voltige intellectuelle, mais une prouesse de mauvaise foi, et seuls les auditeurs ayant d\u00e9j\u00e0 bu leur caf\u00e9 \u00e9taient \u00e0 m\u00eame de suivre les m\u00e9andres de la pens\u00e9e politique du chroniqueur. <\/p>\n<p> Le sujet du jour? Le droit de vote des \u00e9trangers \u00e9voqu\u00e9 ce week end lors du congr\u00e8s du PS. Thomas Legrand est pour. En revanche, il est tr\u00e8s tr\u00e8s col\u00e8re sur les strat\u00e9gies retenues pour y parvenir. Au pilori : les 75 d\u00e9put\u00e9s socialistes signataires d&#8217;une p\u00e9tition en faveur d&#8217;une loi pour acter ce droit. C&#8217;est le moment de se resservir une tasse. Selon le journaliste, pour que le projet aboutisse, la gauche ne doit pas en faire <em>\u00ab\u00a0un \u00e9tendard symbolique, une victoire politique sur la droite\u00a0\u00bb<\/em>. Gnhfff, mais questcequidit? En substance, que ces vilains d\u00e9put\u00e9s en mettant le sujet sur la table g\u00eanent les tractations en coulisse conduites par le gentil pouvoir pour obtenir le consentement de 50 d\u00e9put\u00e9s de droite, n\u00e9cessaires \u00e0 l&#8217;obtention des 3\/5 au parlement. Thomas Legrand est un nostalgique de la 3e r\u00e9publique. <\/p>\n<p>\u00c0 <em>Regards<\/em>, n&#8217;en d\u00e9plaise au chroniqueur d&#8217;Inter, on pense qu&#8217;il sera d&#8217;autant plus difficile pour la droite de voter contre ce droit tant que le d\u00e9bat sera sur la table. Et qu&#8217;il en allait de l&#8217;honneur de ces d\u00e9put\u00e9s et des militants socialistes de rappeler ce week-end  cet engagement du candidat Hollande, soutenu \u00e9galement par le Front de gauche, Europe Ecologie et la majorit\u00e9 des Fran\u00e7ais. <\/p>\n<p>\u00c0 Thomas Legrand qui d\u00e9clarait ce matin qu&#8217;<em>\u00ab\u00a0Exiger l&#8217;impossible sur le champ est souvent l&#8217;arme la plus efficace pour que rien ne se passe\u00a0\u00bb<\/em>, nous r\u00e9pondons que se coucher sans rien demander est l&#8217;assurance d&#8217;y parvenir.<\/p>\n","protected":false},"excerpt":{"rendered":"<p><iframe loading=\"lazy\" src=\"http:\/\/www.franceinter.fr\/player\/export-reecouter?content=488367\" width=\"460\" frameborder=\"0\" scrolling=\"no\" height=\"139\"><\/iframe><\/p>\n","protected":false},"author":643,"featured_media":0,"comment_status":"open","ping_status":"open","sticky":false,"template":"","format":"standard","meta":{"_themeisle_gutenberg_block_has_review":false,"footnotes":""},"categories":[141],"tags":[],"class_list":["post-5757","post","type-post","status-publish","format-standard","hentry","category-archives-web"],"_links":{"self":[{"href":"https:\/\/archives.regards.fr\/index.php?rest_route=\/wp\/v2\/posts\/5757","targetHints":{"allow":["GET"]}}],"collection":[{"href":"https:\/\/archives.regards.fr\/index.php?rest_route=\/wp\/v2\/posts"}],"about":[{"href":"https:\/\/archives.regards.fr\/index.php?rest_route=\/wp\/v2\/types\/post"}],"author":[{"embeddable":true,"href":"https:\/\/archives.regards.fr\/index.php?rest_route=\/wp\/v2\/users\/643"}],"replies":[{"embeddable":true,"href":"https:\/\/archives.regards.fr\/index.php?rest_route=%2Fwp%2Fv2%2Fcomments&post=5757"}],"version-history":[{"count":0,"href":"https:\/\/archives.regards.fr\/index.php?rest_route=\/wp\/v2\/posts\/5757\/revisions"}],"wp:attachment":[{"href":"https:\/\/archives.regards.fr\/index.php?rest_route=%2Fwp%2Fv2%2Fmedia&parent=5757"}],"wp:term":[{"taxonomy":"category","embeddable":true,"href":"https:\/\/archives.regards.fr\/index.php?rest_route=%2Fwp%2Fv2%2Fcategories&post=5757"},{"taxonomy":"post_tag","embeddable":true,"href":"https:\/\/archives.regards.fr\/index.php?rest_route=%2Fwp%2Fv2%2Ftags&post=5757"}],"curies":[{"name":"wp","href":"https:\/\/api.w.org\/{rel}","templated":true}]}}